{"id":308175,"date":"2025-08-09T21:58:26","date_gmt":"2025-08-09T21:58:26","guid":{"rendered":"https:\/\/www.europesays.com\/fr\/308175\/"},"modified":"2025-08-09T21:58:26","modified_gmt":"2025-08-09T21:58:26","slug":"et-pourquoi-pas-la-culture-pour-faire-revivre-une-ville-lexperience-a-nantes-pourrait-inspirer-des-villes-en-wallonie","status":"publish","type":"post","link":"https:\/\/www.europesays.com\/fr\/308175\/","title":{"rendered":"Et pourquoi pas la culture pour faire revivre une ville ? L&rsquo;exp\u00e9rience \u00e0 Nantes pourrait inspirer des villes en Wallonie"},"content":{"rendered":"<p class=\"ap-StoryElement ap-StoryElement--mb js-paywall-target ap-StoryText\">Cette mutation de la ville a symboliquement d\u00e9but\u00e9 en 1989, sous l&rsquo;impulsion du maire Jean-Marc Ayrault (avec Jean Blaise), devenu ensuite Premier ministre fran\u00e7ais sous Fran\u00e7ois Hollande (PS). \u00ab\u00a0Il \u00e9tait visionnaire et a os\u00e9 miser sur la culture pour transformer cette ville portuaire en ville la plus cr\u00e9ative de France.\u00a0\u00bb<\/p>\n<p>Un phare dans la ville<\/p>\n<p class=\"ap-StoryElement ap-StoryElement--mb ap-StoryText\">Son premier grand projet, la Tour LU, est d&rsquo;ailleurs tr\u00e8s symptomatique pour expliquer sa vision et secouer sa ville.<\/p>\n<p class=\"ap-StoryElement ap-StoryElement--mb ap-StoryText\">\u00c9difi\u00e9e en 1909 comme totem publicitaire pour incarner la marque de biscuits nantaise LU, la tour a \u00e9t\u00e9 restaur\u00e9e \u00e0 l&rsquo;identique en 1998 \u00e0 l&rsquo;occasion de la transformation de l&rsquo;ancienne usine en lieu de vie et de spectacles. \u00ab\u00a0C&rsquo;est devenu un lieu de frottements qui abrite \u00e0 c\u00f4t\u00e9 d&rsquo;espaces d\u00e9di\u00e9s \u00e0 la cr\u00e9ation, \u00e0 la danse, \u00e0 la musique, un ensemble d&rsquo;activit\u00e9s: bar, restaurant, salon d&rsquo;\u00e9criture, cr\u00e8che\u2026 Et avec une vue imprenable, comme un phare sur la ville\u00a0\u00bb, poursuit notre interlocutrice.<\/p>\n<p>L&rsquo;\u00eele: un des plus grands projets architecturaux et urbains d&rsquo;Europe<\/p>\n<p class=\"ap-StoryElement ap-StoryElement--mb ap-StoryText\">On ne peut se rendre \u00e0 Nantes sans \u00eatre frapp\u00e9 par son architecture. Ancienne, cela va de soi. Mais surtout moderne. L&rsquo;\u00cele de Nantes (4,9 km d&rsquo;est en ouest pour une largeur maximale de 1 km) est un laboratoire \u00e0 ciel ouvert o\u00f9 les architectes rivalisent d&rsquo;imagination pour redonner vie \u00e0 cette friche industrielle. D\u00e8s qu&rsquo;on y p\u00e9n\u00e8tre en traversant la Loire par une passerelle, on tombe tout d&rsquo;abord sur un palais de justice construit en 2000 par Jean Nouvel. Il surprend ou choque mais ne laisse pas indiff\u00e9rent. Un b\u00e2timent sans concession qui trouve une inspiration dans l&rsquo;histoire de la ville en faisant r\u00e9f\u00e9rence \u00e0 la construction navale par l&#8217;emploi du m\u00e9tal comme mat\u00e9riau de construction.<\/p>\n<p class=\"ap-StoryElement ap-StoryElement--mb ap-StoryText\">Si les Nantais ont fait de cette \u00eele un lieu de vie harmonieux o\u00f9 se c\u00f4toient les universit\u00e9s, les logements, les entreprises novatrices, les lieux festifs et culturels, les touristes s&rsquo;y rendent surtout pour d\u00e9couvrir les Machines de l&rsquo;\u00eele, un projet artistique d\u00e9jant\u00e9 et in\u00e9dit (lire page 6). On y vient aussi pour d\u00e9ambuler le long d&rsquo;une \u0153uvre monumentale, Les Anneaux, de Daniel Buren, qui s&rsquo;illuminent en rouge, vert ou bleu la nuit tomb\u00e9e. C&rsquo;est aussi le poumon vert de Nantes avec l&rsquo;am\u00e9nagement du futur parc de Loire, sur 10 hectares, qui permettra de reconnecter la ville au fleuve. \u00ab\u00a0Transformer un des plus grands \u00eelots de chaleur de la m\u00e9tropole en un \u00eelot de fra\u00eecheur, c&rsquo;est le d\u00e9fi qui nous attend\u00a0\u00bb, r\u00e9sume Johanna Rolland, maire de Nantes, pour \u00e9voquer la m\u00e9tamorphose de l&rsquo;\u00cele de Nantes.<\/p>\n<p>Suivez la Ligne Verte<\/p>\n<p class=\"ap-StoryElement ap-StoryElement--mb ap-StoryText\">Autre \u00e9l\u00e9ment novateur pour d\u00e9couvrir la ville: une Ligne Verte mat\u00e9rialis\u00e9e dans toute la ville, proposant une offre permanente de d\u00e9couvertes culturelles surprenantes.<\/p>\n<p class=\"ap-StoryElement ap-StoryElement--mb ap-StoryText\">Un \u00ab\u00a0monument dispers\u00e9\u00a0\u00bb s&rsquo;\u00e9tirant sur une vingtaine de kilom\u00e8tres. La ligne Verte conduit d&rsquo;une \u0153uvre sign\u00e9e par un grand artiste d&rsquo;aujourd&rsquo;hui \u00e0 un \u00e9l\u00e9ment remarquable du patrimoine, des \u00ab\u00a0incontournables\u00a0\u00bb de la destination \u00e0 des tr\u00e9sors m\u00e9connus, d&rsquo;une ruelle historique \u00e0 une architecture contemporaine, d&rsquo;un point de vue \u00e9tonnant sur la ville \u00e0 une aire de jeu singuli\u00e8re\u2026 Le parcours est une invitation \u00e0 la fl\u00e2nerie, \u00e0 se laisser porter, \u00e0 observer les mouvements, \u00e0 \u00e9couter les rumeurs\u2026<\/p>\n<p>\u00c0 la poursuite de Jules Verne<\/p>\n<p class=\"ap-StoryElement ap-StoryElement--mb ap-StoryText\">Il n&rsquo;y a qu&rsquo;\u00e0 Nantes, ville o\u00f9 est n\u00e9 Jules Verne, qu&rsquo;une Cit\u00e9 des Imaginaires pouvait voir le jour. Ce sera chose faite en 2028, ann\u00e9e du centenaire de sa naissance. Comme pour les projets r\u00e9alis\u00e9s sur l&rsquo;\u00eele ou pour la Tour LU, il s&rsquo;agira ici aussi de transformer un b\u00e2timent industriel (ici une ancienne minoterie du XIXe si\u00e8cle) en un lieu de culture, de convivialit\u00e9, de nature et d&rsquo;audace. \u00c0 travers une sc\u00e9nographie visionnaire sur plus de 1000 m2, le visiteur pourra plonger dans les univers vernien \u00e0 travers la trajectoire de l&rsquo;auteur et sa fabrique des voyages extraordinaires ; un espace qui permettra de mettre en avant la modernit\u00e9 et l&rsquo;universalit\u00e9 des sujets trait\u00e9s par Jules Verne.<\/p>\n<p class=\"ap-StoryElement ap-StoryElement--mb ap-StoryText\">N\u00e9 \u00e0 Nantes en 1828, Jules Verne y a pass\u00e9 les vingt premi\u00e8res ann\u00e9es de sa vie. La Loire et ses \u00eeles, le port et les bateaux, l&rsquo;agitation du quai de la Fosse, l&rsquo;appel vers l&rsquo;ailleurs\u2026<\/p>\n<p class=\"ap-StoryElement ap-StoryElement--mb ap-StoryText\">Tous ces \u00e9l\u00e9ments sont la source du r\u00eave et le creuset de son \u0153uvre. C&rsquo;est l\u00e0 qu&rsquo;il rencontrera, par exemple, Hamilton Tessier, un corsaire britannique originaire de Glasgow, dont la vie \u00e9tait un roman qu&rsquo;il racontait volontiers.<\/p>\n<p class=\"ap-StoryElement ap-StoryElement--mb ap-StoryText\">La famille Verne avait aussi acquis une maison de campagne \u00e0 Chantenay, aujourd&rsquo;hui devenu un quartier hupp\u00e9 sur les hauteurs de Nantes, o\u00f9 le petit Jules pouvait voir les bateaux entrer et sortir du port, la porte de l&rsquo;aventure. C&rsquo;est l\u00e0 qu&rsquo;on trouve l&rsquo;actuel mus\u00e9e Jules Verne qui restitue d\u00e9j\u00e0 tr\u00e8s bien la richesse et la diversit\u00e9 de son \u0153uvre. Manuscrits, livres et documents, illustrations, affiches, jeux et objets invitent les visiteurs \u00e0 un \u00ab\u00a0voyage au c\u0153ur\u00a0\u00bb de l&rsquo;\u00e9criture de Verne.<\/p>\n<p class=\"ap-StoryElement ap-StoryElement--mb ap-StoryText\">\u00c0 deux pas de l\u00e0, en parcourant le chemin qui longe les falaises des anciennes carri\u00e8res, vous aurez l&rsquo;occasion de d\u00e9couvrir du haut ce qui sera le plus bel espace vert jamais r\u00e9alis\u00e9 en France: le \u00ab\u00a0Jardin Extraordinaire\u00a0\u00bb, avec sa chute d&rsquo;eau vertigineuse et des am\u00e9nagements tr\u00e8s contemporains: un nouveau lieu d&rsquo;exp\u00e9riences, un espace vivant, in\u00e9dit et populaire, une invitation aux voyages et aux mondes extraordinaires de Jules Verne.<\/p>\n<p class=\"ap-StoryElement ap-StoryElement--mb ap-StoryText\"><b>Plus d&rsquo;info : <\/b><a href=\"https:\/\/www.levoyageanantes.fr\/\" rel=\"nofollow noopener\" target=\"_blank\"><b>www.levoyageanantes.fr<\/b><\/a><\/p>\n","protected":false},"excerpt":{"rendered":"Cette mutation de la ville a symboliquement d\u00e9but\u00e9 en 1989, sous l&rsquo;impulsion du maire Jean-Marc Ayrault (avec Jean&hellip;\n","protected":false},"author":2,"featured_media":308176,"comment_status":"","ping_status":"","sticky":false,"template":"","format":"standard","meta":{"footnotes":""},"categories":[2818],"tags":[1111,11,1777,674,1011,27,766,12,2636,25],"class_list":{"0":"post-308175","1":"post","2":"type-post","3":"status-publish","4":"format-standard","5":"has-post-thumbnail","7":"category-nantes","8":"tag-actu","9":"tag-actualites","10":"tag-eu","11":"tag-europe","12":"tag-fr","13":"tag-france","14":"tag-nantes","15":"tag-news","16":"tag-pays-de-la-loire","17":"tag-republique-francaise"},"share_on_mastodon":{"url":"https:\/\/pubeurope.com\/@fr\/115001052672185771","error":""},"_links":{"self":[{"href":"https:\/\/www.europesays.com\/fr\/wp-json\/wp\/v2\/posts\/308175","targetHints":{"allow":["GET"]}}],"collection":[{"href":"https:\/\/www.europesays.com\/fr\/wp-json\/wp\/v2\/posts"}],"about":[{"href":"https:\/\/www.europesays.com\/fr\/wp-json\/wp\/v2\/types\/post"}],"author":[{"embeddable":true,"href":"https:\/\/www.europesays.com\/fr\/wp-json\/wp\/v2\/users\/2"}],"replies":[{"embeddable":true,"href":"https:\/\/www.europesays.com\/fr\/wp-json\/wp\/v2\/comments?post=308175"}],"version-history":[{"count":0,"href":"https:\/\/www.europesays.com\/fr\/wp-json\/wp\/v2\/posts\/308175\/revisions"}],"wp:featuredmedia":[{"embeddable":true,"href":"https:\/\/www.europesays.com\/fr\/wp-json\/wp\/v2\/media\/308176"}],"wp:attachment":[{"href":"https:\/\/www.europesays.com\/fr\/wp-json\/wp\/v2\/media?parent=308175"}],"wp:term":[{"taxonomy":"category","embeddable":true,"href":"https:\/\/www.europesays.com\/fr\/wp-json\/wp\/v2\/categories?post=308175"},{"taxonomy":"post_tag","embeddable":true,"href":"https:\/\/www.europesays.com\/fr\/wp-json\/wp\/v2\/tags?post=308175"}],"curies":[{"name":"wp","href":"https:\/\/api.w.org\/{rel}","templated":true}]}}