{"id":308184,"date":"2025-08-09T22:05:15","date_gmt":"2025-08-09T22:05:15","guid":{"rendered":"https:\/\/www.europesays.com\/fr\/308184\/"},"modified":"2025-08-09T22:05:15","modified_gmt":"2025-08-09T22:05:15","slug":"olivier-giroud-regale-avec-ce-but-spectaculaire-dans-le-dernier-match-amical-du-losc-face-a-west-ham","status":"publish","type":"post","link":"https:\/\/www.europesays.com\/fr\/308184\/","title":{"rendered":"Olivier Giroud r\u00e9gale avec ce but spectaculaire dans le dernier match amical du LOSC face \u00e0 West Ham"},"content":{"rendered":"<p>        <img decoding=\"async\" loading=\"lazy\" src=\"https:\/\/www.europesays.com\/fr\/wp-content\/uploads\/2025\/08\/59b2fdd_upload-1-mrpzx2vnfsn1-afp-20250809-2229240180-v1-highres-westhamunitedvlilleoscpreseasonfrie.jpeg\"  width=\"728\" height=\"409\" alt=\"Olivier Giroud sous ses nouvelles couleurs lilloises face au club anglais de West Ham lors d\u2019un match amical, le 9\u00a0ao\u00fbt 2025.\"\/>  <\/p>\n<p>RICHARD PELHAM \/ Getty Images via AFP<\/p>\n<p>Olivier Giroud sous ses nouvelles couleurs lilloises face au club anglais de West Ham lors d\u2019un match amical, le 9\u00a0ao\u00fbt 2025.<\/p>\n<p class=\"asset asset-text\">FOOTBALL &#8211; Vous aviez manqu\u00e9 le grand retour d\u2019<a href=\"https:\/\/www.huffingtonpost.fr\/sport\/article\/olivier-giroud-la-tentation-de-lille-pour-un-retour-surprise-en-ligue-1_251900.html\" rel=\"nofollow noopener\" target=\"_blank\">Olivier Giroud<\/a> dans <a href=\"https:\/\/www.huffingtonpost.fr\/medias\/article\/la-chaine-ligue-1-se-lancera-avec-trois-mois-de-promotion-sur-son-abonnement_253393.html\" rel=\"nofollow noopener\" target=\"_blank\">un club fran\u00e7ais<\/a>, au sein du LOSC\u00a0? Le meilleur buteur de l\u2019histoire des Bleus (57\u00a0buts) vient se rappeler \u00e0 vous, et de fa\u00e7on spectaculaire. Pour son troisi\u00e8me match amical sous ses nouvelles couleurs lilloises, celui qui f\u00eate son come-back en France apr\u00e8s un bref exil aux \u00c9tats-Unis a inscrit un but splendide ce samedi 9\u00a0ao\u00fbt, face au club anglais de West Ham.<\/p>\n<p class=\"asset asset-text\">Tout part d\u2019une longue passe du milieu de terrain lillois, Benjamin Andr\u00e9. Olivier Giroud contr\u00f4le le ballon de la poitrine, dos au but. Sans retoucher la balle, l\u2019attaquant de maintenant 38\u00a0ans (il f\u00eatera ses 39\u00a0ans le 30\u00a0septembre prochain) se retourne alors tr\u00e8s rapidement, et signe une magnifique reprise de vol\u00e9e qui vient tromper le gardien fran\u00e7ais, Alphonse Areola&#8230; lui aussi champion du monde en 2018.<\/p>\n<p class=\"asset asset-text\">Malgr\u00e9 cette ouverture du score, Lille a finalement conc\u00e9d\u00e9 le match nul 1-1\u00a0face \u00e0 West Ham, 14e du championnat anglais la saison derni\u00e8re. Il s\u2019agissait du dernier match de pr\u00e9paration avant la reprise de la Ligue 1, le week-end prochain.<\/p>\n<p> La lecture de ce contenu est susceptible d\u2019entra\u00eener un d\u00e9p\u00f4t de cookies de la part de l\u2019op\u00e9rateur tiers qui l\u2019h\u00e9berge. Compte-tenu des choix que vous avez exprim\u00e9s en mati\u00e8re de d\u00e9p\u00f4t de cookies, nous avons bloqu\u00e9 l\u2019affichage de ce contenu. Si vous souhaitez y acc\u00e9der, vous devez accepter la cat\u00e9gorie de cookies \u201cContenus tiers\u201d en cliquant sur le bouton ci-dessous. <\/p>\n<p> Lire la Vid\u00e9o        <\/p>\n<p class=\"asset asset-text\">Si le LOSC vit un \u00e9t\u00e9 mouvement\u00e9 et vient notamment de perdre son gardien de but Lucas Chevalier, qui s\u2019est officiellement engag\u00e9 ce samedi 9\u00a0ao\u00fbt avec le Paris Saint-Germain, il devrait pouvoir compter sur un Olivier Giroud en forme, auteur de 3\u00a0buts sur ses deux derniers matchs.<\/p>\n<p>                     D\u2019autres champions du monde 2018\u00a0de retour    <\/p>\n<p class=\"asset asset-text\">Le retour d\u2019Olivier Giroud sur les pelouses fran\u00e7aises, 13\u00a0ans apr\u00e8s son d\u00e9part de Montpellier pour Arsenal, devrait en tout cas \u00eatre l\u2019occasion pour l\u2019attaquant fran\u00e7ais d\u2019effectuer une belle derni\u00e8re tourn\u00e9e d\u2019adieu dans les stades fran\u00e7ais, en plus des ambitions sportives qu\u2019il mart\u00e8le.<\/p>\n<p class=\"asset asset-text\">Il retrouvera \u00e9galement sur les pelouses de Ligue 1\u00a0des figures qu\u2019il conna\u00eet bien. Il n\u2019est pas le seul champion du monde 2018\u00a0\u00e0 faire son retour dans le championnat fran\u00e7ais pour cette saison. Le 24\u00a0ao\u00fbt, il pourrait retrouver un certain Paul Pogba, qui s\u2019est engag\u00e9 cet \u00e9t\u00e9 du c\u00f4t\u00e9 de l\u2019AS Monaco. Et le 21\u00a0septembre, il affrontera l\u2019ancien marseillais Florian Thauvin, qui \u00e9volue d\u00e9sormais du c\u00f4t\u00e9 du grand rival de Lille, le RC Lens.<\/p>\n","protected":false},"excerpt":{"rendered":"RICHARD PELHAM \/ Getty Images via AFP Olivier Giroud sous ses nouvelles couleurs lilloises face au club anglais&hellip;\n","protected":false},"author":2,"featured_media":308185,"comment_status":"","ping_status":"","sticky":false,"template":"","format":"standard","meta":{"footnotes":""},"categories":[2815],"tags":[1111,11,1777,674,63,1011,27,811,66,1307,12,5959,25,517],"class_list":{"0":"post-308184","1":"post","2":"type-post","3":"status-publish","4":"format-standard","5":"has-post-thumbnail","7":"category-lille","8":"tag-actu","9":"tag-actualites","10":"tag-eu","11":"tag-europe","12":"tag-football","13":"tag-fr","14":"tag-france","15":"tag-hauts-de-france","16":"tag-ligue-1","17":"tag-lille","18":"tag-news","19":"tag-olivier-giroud","20":"tag-republique-francaise","21":"tag-sport"},"share_on_mastodon":{"url":"https:\/\/pubeurope.com\/@fr\/115001080271980591","error":""},"_links":{"self":[{"href":"https:\/\/www.europesays.com\/fr\/wp-json\/wp\/v2\/posts\/308184","targetHints":{"allow":["GET"]}}],"collection":[{"href":"https:\/\/www.europesays.com\/fr\/wp-json\/wp\/v2\/posts"}],"about":[{"href":"https:\/\/www.europesays.com\/fr\/wp-json\/wp\/v2\/types\/post"}],"author":[{"embeddable":true,"href":"https:\/\/www.europesays.com\/fr\/wp-json\/wp\/v2\/users\/2"}],"replies":[{"embeddable":true,"href":"https:\/\/www.europesays.com\/fr\/wp-json\/wp\/v2\/comments?post=308184"}],"version-history":[{"count":0,"href":"https:\/\/www.europesays.com\/fr\/wp-json\/wp\/v2\/posts\/308184\/revisions"}],"wp:featuredmedia":[{"embeddable":true,"href":"https:\/\/www.europesays.com\/fr\/wp-json\/wp\/v2\/media\/308185"}],"wp:attachment":[{"href":"https:\/\/www.europesays.com\/fr\/wp-json\/wp\/v2\/media?parent=308184"}],"wp:term":[{"taxonomy":"category","embeddable":true,"href":"https:\/\/www.europesays.com\/fr\/wp-json\/wp\/v2\/categories?post=308184"},{"taxonomy":"post_tag","embeddable":true,"href":"https:\/\/www.europesays.com\/fr\/wp-json\/wp\/v2\/tags?post=308184"}],"curies":[{"name":"wp","href":"https:\/\/api.w.org\/{rel}","templated":true}]}}