{"id":308187,"date":"2025-08-09T22:07:12","date_gmt":"2025-08-09T22:07:12","guid":{"rendered":"https:\/\/www.europesays.com\/fr\/308187\/"},"modified":"2025-08-09T22:07:12","modified_gmt":"2025-08-09T22:07:12","slug":"om-les-grands-enseignements-de-la-victoire-contre-aston-villa-3-1","status":"publish","type":"post","link":"https:\/\/www.europesays.com\/fr\/308187\/","title":{"rendered":"OM, les grands enseignements de la victoire contre Aston Villa (3-1)"},"content":{"rendered":"<p>Pour son ultime r\u00e9p\u00e9tition avant la reprise du championnat, l<a href=\"https:\/\/www.goal.com\/fr\/listes\/om-aston-villa-diffusion-tv-et-en-clair-streaming-et-compos-probables\/bltc527c3fa9853e28d\" target=\"_self\" rel=\"noopener\">\u2019Olympique de Marseille a offert un spectacle convaincant au V\u00e9lodrome ce samedi, s\u2019imposant 3-1 face \u00e0 Aston Villa<\/a>. Port\u00e9s par un Pierre-Emerick Aubameyang d\u00e9cisif et un Mason Greenwood inspir\u00e9, les Olympiens ont confirm\u00e9 leurs belles dispositions. Retour sur les cinq points cl\u00e9s \u00e0 retenir de cette rencontre riche en enseignements.<\/p>\n<p>Recommended external contentVideoWe need your consent to show you content our Editorial team embedded from Video. You can toggle this (and all other embeds from Video across goal.com) on with one click only and deactivate as well.Always display Video contentI confirm that I would like to see external content. Personal identifiable data could be transferred to Third parties. <a href=\"https:\/\/www.goal.com\/fr\/l%C3%A9gal\/politique-priv%C3%A9e\" target=\"_blank\" rel=\"noreferrer noopener\">Read more about it in our privacy policy<\/a>.<\/p>\n","protected":false},"excerpt":{"rendered":"Pour son ultime r\u00e9p\u00e9tition avant la reprise du championnat, l\u2019Olympique de Marseille a offert un spectacle convaincant au&hellip;\n","protected":false},"author":2,"featured_media":308188,"comment_status":"","ping_status":"","sticky":false,"template":"","format":"standard","meta":{"footnotes":""},"categories":[2814],"tags":[1111,11,784,41563,1777,674,1011,27,44832,41561,66,20447,884,43433,12,40287,38746,882,7329,25],"class_list":{"0":"post-308187","1":"post","2":"type-post","3":"status-publish","4":"format-standard","5":"has-post-thumbnail","7":"category-marseille","8":"tag-actu","9":"tag-actualites","10":"tag-aston-villa","11":"tag-club-friendlies","12":"tag-eu","13":"tag-europe","14":"tag-fr","15":"tag-france","16":"tag-j-rowe","17":"tag-jeux-damitie-des-clubs","18":"tag-ligue-1","19":"tag-m-greenwood","20":"tag-marseille","21":"tag-marseille-vs-aston-villa","22":"tag-news","23":"tag-p-aubameyang","24":"tag-pierre-emerick-aubameyang","25":"tag-provence-alpes-cote-dazur","26":"tag-r-de-zerbi","27":"tag-republique-francaise"},"share_on_mastodon":{"url":"https:\/\/pubeurope.com\/@fr\/115001088026940063","error":""},"_links":{"self":[{"href":"https:\/\/www.europesays.com\/fr\/wp-json\/wp\/v2\/posts\/308187","targetHints":{"allow":["GET"]}}],"collection":[{"href":"https:\/\/www.europesays.com\/fr\/wp-json\/wp\/v2\/posts"}],"about":[{"href":"https:\/\/www.europesays.com\/fr\/wp-json\/wp\/v2\/types\/post"}],"author":[{"embeddable":true,"href":"https:\/\/www.europesays.com\/fr\/wp-json\/wp\/v2\/users\/2"}],"replies":[{"embeddable":true,"href":"https:\/\/www.europesays.com\/fr\/wp-json\/wp\/v2\/comments?post=308187"}],"version-history":[{"count":0,"href":"https:\/\/www.europesays.com\/fr\/wp-json\/wp\/v2\/posts\/308187\/revisions"}],"wp:featuredmedia":[{"embeddable":true,"href":"https:\/\/www.europesays.com\/fr\/wp-json\/wp\/v2\/media\/308188"}],"wp:attachment":[{"href":"https:\/\/www.europesays.com\/fr\/wp-json\/wp\/v2\/media?parent=308187"}],"wp:term":[{"taxonomy":"category","embeddable":true,"href":"https:\/\/www.europesays.com\/fr\/wp-json\/wp\/v2\/categories?post=308187"},{"taxonomy":"post_tag","embeddable":true,"href":"https:\/\/www.europesays.com\/fr\/wp-json\/wp\/v2\/tags?post=308187"}],"curies":[{"name":"wp","href":"https:\/\/api.w.org\/{rel}","templated":true}]}}