{"id":308198,"date":"2025-08-09T22:16:37","date_gmt":"2025-08-09T22:16:37","guid":{"rendered":"https:\/\/www.europesays.com\/fr\/308198\/"},"modified":"2025-08-09T22:16:37","modified_gmt":"2025-08-09T22:16:37","slug":"un-diplomate-vise-par-un-mandat-darret-2","status":"publish","type":"post","link":"https:\/\/www.europesays.com\/fr\/308198\/","title":{"rendered":"un diplomate vis\u00e9 par un mandat d&rsquo;arr\u00eat"},"content":{"rendered":"<p>Voil\u00e0 qui ne risque pas d&rsquo;arranger <a href=\"https:\/\/www.ledauphine.com\/defense-guerre-conflit\/2025\/08\/07\/visas-detentions-sahara-occidental-pourquoi-la-france-et-l-algerie-sont-au-bord-de-la-rupture\" target=\"_blank\" rel=\"nofollow noopener\">la crise entre Paris et Alger<\/a>. Un mandat d&rsquo;arr\u00eat international a \u00e9t\u00e9 d\u00e9livr\u00e9 contre un ancien haut responsable de l&rsquo;ambassade d&rsquo;Alg\u00e9rie en France dans les investigations \u00e0 Paris sur l&rsquo;enl\u00e8vement et la s\u00e9questration d&rsquo;un opposant alg\u00e9rien en 2024, Amir Boukhors, a-t-on appris samedi de source proche du dossier.<\/p>\n<p>Le mandat d&rsquo;arr\u00eat, visant S. S., un Alg\u00e9rien \u00e2g\u00e9 de 37 ans, a \u00e9t\u00e9 \u00e9mis le 25 juillet par un juge d&rsquo;instruction pour arrestation, enl\u00e8vement et s\u00e9questration en relation avec une entreprise terroriste et association de malfaiteurs terroriste criminelle, selon cette m\u00eame source. Le 23 juillet, le parquet national antiterroriste (Pnat), qui a repris l&rsquo;enqu\u00eate en f\u00e9vrier, avait requis la d\u00e9livrance d&rsquo;un mandat d&rsquo;arr\u00eat contre S. S., estimant qu&rsquo;il existait des \u00ab pr\u00e9somptions graves \u00bb qu&rsquo;il ait commis les faits reproch\u00e9s, a-t-elle pr\u00e9cis\u00e9.<\/p>\n<p>Agent des services secrets alg\u00e9riens<\/p>\n<p>L&rsquo;influenceur Amir Boukhors, dit Amir DZ, avait \u00e9t\u00e9 enlev\u00e9 le 29 avril 2024 en r\u00e9gion parisienne puis rel\u00e2ch\u00e9 le 1er mai. Dans un rapport d&rsquo;enqu\u00eate dat\u00e9 d&rsquo;avril, la Direction g\u00e9n\u00e9rale de la s\u00e9curit\u00e9 int\u00e9rieure (DGSI) incrimine cet ancien haut responsable de l&rsquo;ambassade alg\u00e9rienne \u00e0 Paris, avait rapport\u00e9 une autre source proche du dossier. Pr\u00e9sent\u00e9 comme un \u00ab sous-officier alg\u00e9rien de la DGDSE \u00bb, un service de renseignement de ce pays, S. S. aurait \u00e9t\u00e9 pr\u00e9sent \u00e0 Paris \u00ab sous la couverture diplomatique de premier secr\u00e9taire \u00bb de l&rsquo;ambassade d&rsquo;Alg\u00e9rie.<\/p>\n<p>C&rsquo;est \u00ab une avanc\u00e9e importante pour \u00e9viter autant que possible l&rsquo;impunit\u00e9 des agents alg\u00e9riens impliqu\u00e9s dans les faits qui sont d&rsquo;une \u00e9vidente gravit\u00e9 \u00bb, a r\u00e9agi Eric Plouvier, avocat d&rsquo;Amir Boukhors, sollicit\u00e9. L&rsquo;homme n&rsquo;est probablement plus en France et pourrait faire valoir une \u00e9ventuelle immunit\u00e9. \u00ab Il serait p\u00e9rilleux de consid\u00e9rer que l&rsquo;arrestation d&rsquo;opposants politiques sur le territoire fran\u00e7ais entre dans le p\u00e9rim\u00e8tre des fonctions d&rsquo;un diplomate et une fois sa mission pr\u00e9tendument \u00a0\u00bbdiplomatique\u00a0\u00bb termin\u00e9e, l&rsquo;agent du contre-espionnage alg\u00e9rien ne disposait plus que d&rsquo;une immunit\u00e9 fonctionnelle \u00bb accord\u00e9e aux agents d&rsquo;Etat, a ajout\u00e9 Me Plouvier.<\/p>\n<p>  7 mis en examen<\/p>\n<p>Au moins sept personnes, dont un agent consulaire alg\u00e9rien, ont \u00e9t\u00e9 mises en examen. Elles sont soup\u00e7onn\u00e9es d&rsquo;avoir \u00e9t\u00e9 principalement des ex\u00e9cutants ayant agi contre r\u00e9mun\u00e9ration, sans mobile politique, selon d&rsquo;autres sources proches du dossier.<\/p>\n<p>L&rsquo;avanc\u00e9e des investigations est \u00ab un soulagement \u00bb, a r\u00e9agi Amir Boukhors. \u00ab J&rsquo;ai vu la mort \u00bb pendant son enl\u00e8vement qui a dur\u00e9 \u00ab 27 heures \u00bb, dans une for\u00eat en Seine-et-Marne, a-t-il confi\u00e9. Install\u00e9 en France depuis 2016, Amir Boukhors, 42 ans, compte un million d&rsquo;abonn\u00e9s sur TikTok. Opposant au r\u00e9gime du pr\u00e9sident alg\u00e9rien Abdelmadjid Tebboune, il a obtenu l&rsquo;asile politique en France en 2023. Alger a \u00e9mis neuf mandats d&rsquo;arr\u00eat internationaux \u00e0 son encontre notamment pour escroquerie ou infractions terroristes. La justice fran\u00e7aise a refus\u00e9 son extradition en 2022.<\/p>\n<p>\u00ab Dans l&rsquo;hypoth\u00e8se d&rsquo;une future arrestation, il sera bien entendu tr\u00e8s int\u00e9ressant d&rsquo;entendre les explications de l&rsquo;int\u00e9ress\u00e9 (S. S.) et d&rsquo;essayer de savoir de qui il a re\u00e7u les ordres pour mener cette op\u00e9ration sp\u00e9ciale \u00bb, a comment\u00e9 Me Plouvier, estimant \u00ab difficile aujourd&rsquo;hui d&rsquo;attendre, dans le contexte actuel, une coop\u00e9ration des autorit\u00e9s alg\u00e9riennes \u00bb. Cette proc\u00e9dure judiciaire a raviv\u00e9 les tensions entre la France et l&rsquo;Alg\u00e9rie, dont les relations ne cessent de se d\u00e9grader depuis l&rsquo;\u00e9t\u00e9 2024.<\/p>\n","protected":false},"excerpt":{"rendered":"Voil\u00e0 qui ne risque pas d&rsquo;arranger la crise entre Paris et Alger. Un mandat d&rsquo;arr\u00eat international a \u00e9t\u00e9&hellip;\n","protected":false},"author":2,"featured_media":308199,"comment_status":"","ping_status":"","sticky":false,"template":"","format":"standard","meta":{"footnotes":""},"categories":[1888],"tags":[11,1777,674,274,107,1011,27,329,12,626,25],"class_list":{"0":"post-308198","1":"post","2":"type-post","3":"status-publish","4":"format-standard","5":"has-post-thumbnail","7":"category-paris","8":"tag-actualites","9":"tag-eu","10":"tag-europe","11":"tag-faits-divers-justice","12":"tag-fil-info","13":"tag-fr","14":"tag-france","15":"tag-france-monde","16":"tag-news","17":"tag-paris","18":"tag-republique-francaise"},"share_on_mastodon":{"url":"https:\/\/pubeurope.com\/@fr\/115001123343757499","error":""},"_links":{"self":[{"href":"https:\/\/www.europesays.com\/fr\/wp-json\/wp\/v2\/posts\/308198","targetHints":{"allow":["GET"]}}],"collection":[{"href":"https:\/\/www.europesays.com\/fr\/wp-json\/wp\/v2\/posts"}],"about":[{"href":"https:\/\/www.europesays.com\/fr\/wp-json\/wp\/v2\/types\/post"}],"author":[{"embeddable":true,"href":"https:\/\/www.europesays.com\/fr\/wp-json\/wp\/v2\/users\/2"}],"replies":[{"embeddable":true,"href":"https:\/\/www.europesays.com\/fr\/wp-json\/wp\/v2\/comments?post=308198"}],"version-history":[{"count":0,"href":"https:\/\/www.europesays.com\/fr\/wp-json\/wp\/v2\/posts\/308198\/revisions"}],"wp:featuredmedia":[{"embeddable":true,"href":"https:\/\/www.europesays.com\/fr\/wp-json\/wp\/v2\/media\/308199"}],"wp:attachment":[{"href":"https:\/\/www.europesays.com\/fr\/wp-json\/wp\/v2\/media?parent=308198"}],"wp:term":[{"taxonomy":"category","embeddable":true,"href":"https:\/\/www.europesays.com\/fr\/wp-json\/wp\/v2\/categories?post=308198"},{"taxonomy":"post_tag","embeddable":true,"href":"https:\/\/www.europesays.com\/fr\/wp-json\/wp\/v2\/tags?post=308198"}],"curies":[{"name":"wp","href":"https:\/\/api.w.org\/{rel}","templated":true}]}}