{"id":308200,"date":"2025-08-09T22:17:11","date_gmt":"2025-08-09T22:17:11","guid":{"rendered":"https:\/\/www.europesays.com\/fr\/308200\/"},"modified":"2025-08-09T22:17:11","modified_gmt":"2025-08-09T22:17:11","slug":"trump-evoque-un-echange-de-territoires-une-reunion-de-securite-organisee-a-londres","status":"publish","type":"post","link":"https:\/\/www.europesays.com\/fr\/308200\/","title":{"rendered":"Trump \u00e9voque un \u00ab\u00e9change de territoires\u00bb, une r\u00e9union de s\u00e9curit\u00e9 organis\u00e9e \u00e0 Londres"},"content":{"rendered":"<p>Les propos du pr\u00e9sident am\u00e9ricain ont \u00e9t\u00e9 critiqu\u00e9s par son homologue ukrainien, qui assure que les Ukrainiens \u00abn\u2019abandonneront pas leur terre aux occupants\u00bb.<\/p>\n<p class=\"fig-paragraph\">Le ministre des Affaires \u00e9trang\u00e8res britannique David Lammy et le vice-pr\u00e9sident am\u00e9ricain\u00a0<a href=\"http:\/\/www.lefigaro.fr\/international\/jd-vance-soupconne-d-avoir-fait-modifier-le-debit-d-une-riviere-pour-la-descendre-en-canoe-kayak-20250807\" target=\"_blank\" data-fig-type=\"Article\" rel=\"noopener\" data-gtm-custom-categorie=\"navigation\" data-gtm-custom-action=\"crossclick\" data-gtm-custom-label=\"Contextuel\" data-gtm-event=\"customEventSPE\" data-fig-domain=\"LEFIGARO\">JD Vance<\/a>\u00a0vont accueillir ce samedi une r\u00e9union des conseillers \u00e0 la s\u00e9curit\u00e9 nationale europ\u00e9ens et am\u00e9ricains au sujet de l\u2019Ukraine, ont annonc\u00e9 les services du premier ministre\u00a0<a href=\"http:\/\/www.lefigaro.fr\/international\/c-est-un-ami-a-moi-keir-starmer-interrompt-donald-trump-venant-de-critiquer-le-maire-de-londres-20250728\" target=\"_blank\" data-fig-type=\"NewsFlash\" rel=\"noopener\" data-gtm-custom-categorie=\"navigation\" data-gtm-custom-action=\"crossclick\" data-gtm-custom-label=\"Contextuel\" data-gtm-event=\"customEventSPE\" data-fig-domain=\"LEFIGARO\">Keir Starmer<\/a>.<\/p>\n<p class=\"fig-paragraph\">Cette r\u00e9union sera \u00abune occasion cruciale pour discuter des progr\u00e8s \u00e0 accomplir pour parvenir \u00e0 une paix juste et durable\u00bb en Ukraine, ont-ils ajout\u00e9. Le premier ministre britannique s\u2019\u00e9tait auparavant entretenu au t\u00e9l\u00e9phone avec le pr\u00e9sident ukrainien Volodymyr Zelensky.<\/p>\n<p>                                    <a class=\"fig-a11y-skip a11y-hidden\" href=\"#fig-a11y-skip-main-inarticle\"><br \/>\n        Passer la publicit\u00e9<br \/>\n    <\/a><\/p>\n<p class=\"fig-paragraph\">Le pr\u00e9sident ukrainien avait alors appel\u00e9 les Europ\u00e9ens \u00e0 prendre des \u00abmesures claires\u00bb pour d\u00e9finir une approche commune avant le sommet entre\u00a0<a href=\"http:\/\/www.lefigaro.fr\/international\/guerre-en-ukraine-ce-que-l-on-sait-de-la-possible-rencontre-entre-donald-trump-et-vladimir-poutine-20250808\" target=\"_blank\" data-fig-type=\"NewsFlash\" rel=\"noopener\" data-gtm-custom-categorie=\"navigation\" data-gtm-custom-action=\"crossclick\" data-gtm-custom-label=\"Contextuel\" data-gtm-event=\"customEventSPE\" data-fig-domain=\"LEFIGARO\">Vladimir Poutine et Donald Trump pr\u00e9vu vendredi 15 ao\u00fbt en Alaska.<\/a><\/p>\n<p>Rencontre Trump-Poutine le 15 ao\u00fbt<\/p>\n<p class=\"fig-paragraph\">Le pr\u00e9sident am\u00e9ricain, qui promettait de mettre fin au conflit en \u00ab24 heures\u00bb une fois de retour \u00e0 la Maison Blanche, a indiqu\u00e9 qu\u2019\u00abil y aurait des \u00e9changes de territoires au b\u00e9n\u00e9fice de chacun\u00bb, sans donner de d\u00e9tail. Des propos critiqu\u00e9s ce samedi par Volodymyr Zelensky.<\/p>\n<p class=\"fig-paragraph\">Le pr\u00e9sident ukrainien a mis en garde contre toute \u00abd\u00e9cision qui serait prise sans l\u2019Ukraine\u00bb, r\u00e9affirmant que les Ukrainiens \u00abn\u2019abandonneront pas leur terre aux occupants\u00bb.<\/p>\n<p>\u00abJe crois en notre peuple\u00bb<\/p>\n<p class=\"fig-paragraph\">\u00abNous sommes pr\u00eats \u00e0 travailler avec le pr\u00e9sident Trump et tous nos partenaires pour une paix r\u00e9elle et, surtout, durable. Une paix qui ne s\u2019effondrera pas \u00e0 cause des ambitions de Moscou\u00bb, poursuit Volodymyr Zelensky dans une vid\u00e9o publi\u00e9e sur ses r\u00e9seaux sociaux.<\/p>\n<p class=\"fig-paragraph\">Le pr\u00e9sident ukrainien note toutefois que le sommet Trump-Poutine, pr\u00e9vu en Alaska, aura lieu \u00abtr\u00e8s loin de cette guerre qui fait rage sur notre sol, contre notre peuple, et qui ne peut prendre fin sans nous, sans l\u2019Ukraine\u00bb. \u00abJe crois en notre peuple\u00bb, poursuit Volodymyr Zelensky, qui plaide depuis plusieurs semaines\u00a0<a href=\"http:\/\/www.lefigaro.fr\/international\/guerre-en-ukraine-volodymyr-zelensky-reitere-son-appel-pour-une-rencontre-en-face-a-face-avec-vladimir-poutine-20250807\" target=\"_blank\" data-fig-type=\"NewsFlash\" rel=\"noopener\" data-gtm-custom-categorie=\"navigation\" data-gtm-custom-action=\"crossclick\" data-gtm-custom-label=\"Contextuel\" data-gtm-event=\"customEventSPE\" data-fig-domain=\"LEFIGARO\">pour une rencontre \u00e0 trois avec ses homologues russe et am\u00e9ricain<\/a>\u00a0&#8211; une option qui n\u2019a pour le moment pas \u00e9t\u00e9 retenue par le Kremlin.<\/p>\n<p>                                    <a class=\"fig-a11y-skip a11y-hidden\" href=\"#fig-a11y-skip-main-inarticle_mtf\"><br \/>\n        Passer la publicit\u00e9<br \/>\n    <\/a><\/p>\n<p class=\"fig-paragraph\">\u00abNous ne r\u00e9compenserons pas la Russie pour ses actes. Le peuple ukrainien m\u00e9rite la paix, mais tous les partenaires doivent comprendre ce qu\u2019est une paix digne\u00bb, continue Volodymyr Zelensky, rappelant que Moscou \u00aba d\u00e9clench\u00e9 la guerre\u00bb.<\/p>\n<p>\u00abL\u2019avenir ne peut se d\u00e9cider sans les Ukrainiens\u00bb, pour Macron<\/p>\n<p class=\"fig-paragraph\">Le pr\u00e9sident de la R\u00e9publique a annonc\u00e9 samedi apr\u00e8s-midi avoir \u00e9chang\u00e9 avec Volodymyr Zelensky, ainsi que Keir Starmer et Friedrich Merz. \u00abL\u2019avenir de l\u2019Ukraine ne peut se d\u00e9cider sans les Ukrainiens qui se battent pour leur libert\u00e9 et leur s\u00e9curit\u00e9 depuis d\u00e9sormais plus de trois ans. Les Europ\u00e9ens seront aussi n\u00e9cessairement partie \u00e0 la solution car il en va de leur s\u00e9curit\u00e9\u00bb a \u00e9crit le pr\u00e9sident fran\u00e7ais sur X.<\/p>\n<p>Les positions ukrainienne et russe sont toujours irr\u00e9conciliables<\/p>\n<p class=\"fig-paragraph\">La Russie r\u00e9clame que l\u2019Ukraine lui c\u00e8de\u00a0<a href=\"http:\/\/www.lefigaro.fr\/flash-actu\/la-russie-revendique-la-capture-d-un-nouveau-village-dans-la-region-de-donetsk-20250713\" target=\"_blank\" data-fig-type=\"NewsFlash\" rel=\"noopener\" data-gtm-custom-categorie=\"navigation\" data-gtm-custom-action=\"crossclick\" data-gtm-custom-label=\"Contextuel\" data-gtm-event=\"customEventSPE\" data-fig-domain=\"LEFIGARO\">quatre r\u00e9gions partiellement occup\u00e9es<\/a>\u00a0(Donetsk, Lougansk, Zaporijjia et Kherson), en plus de la Crim\u00e9e annex\u00e9e en 2014, et qu\u2019elle renonce aux livraisons d\u2019armes occidentales et \u00e0 toute adh\u00e9sion \u00e0 l\u2019Otan.<\/p>\n<p class=\"fig-body-link\">\n            \u00c0 lire aussi<br \/>\n        <a class=\"fig-body-link__link fig-premium-mark\" href=\"http:\/\/www.lefigaro.fr\/international\/c-est-notre-territoire-point-final-zelensky-refuse-de-ceder-la-crimee-a-la-russie-20250423\" target=\"_blank\" data-fig-type=\"Article\" rel=\"noopener\" data-gtm-custom-categorie=\"navigation\" data-gtm-custom-action=\"crossclick\" data-gtm-custom-label=\"Contextuel\" data-gtm-event=\"customEventSPE\" data-fig-domain=\"LEFIGARO\">\u00abC\u2019est notre territoire, point final\u00bb: Zelensky refuse de c\u00e9der la Crim\u00e9e \u00e0 la Russie<br \/>\n    <\/a>\n<\/p>\n<p class=\"fig-paragraph\">Des exigences inacceptables pour Kiev, qui veut le retrait des troupes russes de son territoire et des garanties de s\u00e9curit\u00e9 occidentales, dont la poursuite des livraisons d\u2019armes et le d\u00e9ploiement d\u2019un contingent europ\u00e9en, ce \u00e0 quoi s\u2019oppose la Russie.<\/p>\n<p class=\"fig-paragraph\">Le pr\u00e9sident am\u00e9ricain\u00a0<a href=\"http:\/\/www.lefigaro.fr\/international\/ukraine-poutine-inflexible-face-a-l-ultimatum-de-trump-20250805\" target=\"_blank\" data-fig-type=\"Article\" rel=\"noopener\" data-gtm-custom-categorie=\"navigation\" data-gtm-custom-action=\"crossclick\" data-gtm-custom-label=\"Contextuel\" data-gtm-event=\"customEventSPE\" data-fig-domain=\"LEFIGARO\">avait lanc\u00e9 un ultimatum \u00e0 la Russie la semaine derni\u00e8re<\/a>, qui a expir\u00e9 vendredi, pour faire avancer les n\u00e9gociations avec Kiev, sous peine de nouvelles sanctions am\u00e9ricaines.<\/p>\n<p>                                    <a class=\"fig-a11y-skip a11y-hidden\" href=\"#fig-a11y-skip-main-inarticle_btf\"><br \/>\n        Passer la publicit\u00e9<br \/>\n    <\/a><\/p>\n<p class=\"fig-paragraph\">L\u2019offensive russe \u00e0 grande \u00e9chelle contre l\u2019Ukraine, d\u00e9clench\u00e9e en f\u00e9vrier 2022, a fait a minima des dizaines de milliers de morts dans les deux pays et caus\u00e9 d\u2019immenses destructions. Apr\u00e8s plus de trois ans de combats, les positions ukrainienne et russe sont toujours irr\u00e9conciliables. La Russie est accus\u00e9e de bloquer les pourparlers en maintenant des demandes maximalistes, \u00e0 un moment o\u00f9 ses forces ont l\u2019avantage sur le front et continuent d\u2019y gagner du terrain.<\/p>\n","protected":false},"excerpt":{"rendered":"Les propos du pr\u00e9sident am\u00e9ricain ont \u00e9t\u00e9 critiqu\u00e9s par son homologue ukrainien, qui assure que les Ukrainiens \u00abn\u2019abandonneront&hellip;\n","protected":false},"author":2,"featured_media":308201,"comment_status":"","ping_status":"","sticky":false,"template":"","format":"standard","meta":{"footnotes":""},"categories":[1591],"tags":[11,75,1887,131,12,1885,1886,132,134],"class_list":{"0":"post-308200","1":"post","2":"type-post","3":"status-publish","4":"format-standard","5":"has-post-thumbnail","7":"category-russie","8":"tag-actualites","9":"tag-donald-trump","10":"tag-federation-de-russie","11":"tag-guerre-en-ukraine","12":"tag-news","13":"tag-russia","14":"tag-russian-federation","15":"tag-russie","16":"tag-volodymyr-zelensky"},"share_on_mastodon":{"url":"https:\/\/pubeurope.com\/@fr\/115001127407740165","error":""},"_links":{"self":[{"href":"https:\/\/www.europesays.com\/fr\/wp-json\/wp\/v2\/posts\/308200","targetHints":{"allow":["GET"]}}],"collection":[{"href":"https:\/\/www.europesays.com\/fr\/wp-json\/wp\/v2\/posts"}],"about":[{"href":"https:\/\/www.europesays.com\/fr\/wp-json\/wp\/v2\/types\/post"}],"author":[{"embeddable":true,"href":"https:\/\/www.europesays.com\/fr\/wp-json\/wp\/v2\/users\/2"}],"replies":[{"embeddable":true,"href":"https:\/\/www.europesays.com\/fr\/wp-json\/wp\/v2\/comments?post=308200"}],"version-history":[{"count":0,"href":"https:\/\/www.europesays.com\/fr\/wp-json\/wp\/v2\/posts\/308200\/revisions"}],"wp:featuredmedia":[{"embeddable":true,"href":"https:\/\/www.europesays.com\/fr\/wp-json\/wp\/v2\/media\/308201"}],"wp:attachment":[{"href":"https:\/\/www.europesays.com\/fr\/wp-json\/wp\/v2\/media?parent=308200"}],"wp:term":[{"taxonomy":"category","embeddable":true,"href":"https:\/\/www.europesays.com\/fr\/wp-json\/wp\/v2\/categories?post=308200"},{"taxonomy":"post_tag","embeddable":true,"href":"https:\/\/www.europesays.com\/fr\/wp-json\/wp\/v2\/tags?post=308200"}],"curies":[{"name":"wp","href":"https:\/\/api.w.org\/{rel}","templated":true}]}}