{"id":308204,"date":"2025-08-09T22:19:10","date_gmt":"2025-08-09T22:19:10","guid":{"rendered":"https:\/\/www.europesays.com\/fr\/308204\/"},"modified":"2025-08-09T22:19:10","modified_gmt":"2025-08-09T22:19:10","slug":"paris-un-projet-usa-3-0-au-photoville-festival-de-new-york","status":"publish","type":"post","link":"https:\/\/www.europesays.com\/fr\/308204\/","title":{"rendered":"PARIS : Un projet USA 3.0 au Photoville Festival de New York"},"content":{"rendered":"<p><strong>Le Photoville Festival de New York a s\u00e9lectionn\u00e9 le projet USA 3.0 de The VII Foundation pour son programme du mois prochain.<\/strong><\/p>\n<p>Les photographes contributeurs de The VII Foundation et leurs coll\u00e8gues de VII Community ont document\u00e9 les \u00c9tats-Unis au cours des derni\u00e8res ann\u00e9es. Combinaison de journalisme visuel et de mots, le projet collaboratif USA 3.0 offre un commentaire sur le pass\u00e9 r\u00e9cent, le pr\u00e9sent et le futur proche, capturant les d\u00e9fis de l\u2019immigration et des politiques de drogue, le drame des campagnes, les droits de l\u2019homme, un climat changeant, et la tension entre les populations urbaines et rurales \u2014 de grands enjeux mis en lumi\u00e8re \u00e0 travers des histoires personnelles de pr\u00e8s. La politique aux \u00c9tats-Unis \u2014 toujours li\u00e9e \u00e0 la religion, \u00e0 la culture et \u00e0 la gouvernance r\u00e9elle \u2014 est \u00e0 un autre point d\u2019inflexion qui aura un impact dramatique sur le pays pour les ann\u00e9es \u00e0 venir.<\/p>\n<p>Les copies du livre sont maintenant disponibles en <a href=\"https:\/\/dailyiowan.com\/usa-3-0\/\" rel=\"nofollow noopener\" target=\"_blank\">pr\u00e9commande<\/a>.<\/p>\n<p><a href=\"https:\/\/theviifoundation.org\/\" target=\"_blank\" rel=\"noopener nofollow\" data-saferedirecturl=\"https:\/\/www.google.com\/url?q=https:\/\/theviifoundation.org\/&amp;source=gmail&amp;ust=1754814410652000&amp;usg=AOvVaw1ObDM1M79N9vNh2YNbzuhO\">En savoir plus<\/a><\/p>\n<p>Source : Actualit\u00e9s de la Fondation VII.<\/p>\n","protected":false},"excerpt":{"rendered":"Le Photoville Festival de New York a s\u00e9lectionn\u00e9 le projet USA 3.0 de The VII Foundation pour son&hellip;\n","protected":false},"author":2,"featured_media":308205,"comment_status":"","ping_status":"","sticky":false,"template":"","format":"standard","meta":{"footnotes":""},"categories":[1589],"tags":[11,73,1866,12,1864,1865,1863,308],"class_list":{"0":"post-308204","1":"post","2":"type-post","3":"status-publish","4":"format-standard","5":"has-post-thumbnail","7":"category-etats-unis","8":"tag-actualites","9":"tag-etats-unis","10":"tag-etats-unis-damerique","11":"tag-news","12":"tag-united-states","13":"tag-united-states-of-america","14":"tag-us","15":"tag-usa"},"share_on_mastodon":{"url":"https:\/\/pubeurope.com\/@fr\/115001135192303348","error":""},"_links":{"self":[{"href":"https:\/\/www.europesays.com\/fr\/wp-json\/wp\/v2\/posts\/308204","targetHints":{"allow":["GET"]}}],"collection":[{"href":"https:\/\/www.europesays.com\/fr\/wp-json\/wp\/v2\/posts"}],"about":[{"href":"https:\/\/www.europesays.com\/fr\/wp-json\/wp\/v2\/types\/post"}],"author":[{"embeddable":true,"href":"https:\/\/www.europesays.com\/fr\/wp-json\/wp\/v2\/users\/2"}],"replies":[{"embeddable":true,"href":"https:\/\/www.europesays.com\/fr\/wp-json\/wp\/v2\/comments?post=308204"}],"version-history":[{"count":0,"href":"https:\/\/www.europesays.com\/fr\/wp-json\/wp\/v2\/posts\/308204\/revisions"}],"wp:featuredmedia":[{"embeddable":true,"href":"https:\/\/www.europesays.com\/fr\/wp-json\/wp\/v2\/media\/308205"}],"wp:attachment":[{"href":"https:\/\/www.europesays.com\/fr\/wp-json\/wp\/v2\/media?parent=308204"}],"wp:term":[{"taxonomy":"category","embeddable":true,"href":"https:\/\/www.europesays.com\/fr\/wp-json\/wp\/v2\/categories?post=308204"},{"taxonomy":"post_tag","embeddable":true,"href":"https:\/\/www.europesays.com\/fr\/wp-json\/wp\/v2\/tags?post=308204"}],"curies":[{"name":"wp","href":"https:\/\/api.w.org\/{rel}","templated":true}]}}