{"id":308206,"date":"2025-08-09T22:20:20","date_gmt":"2025-08-09T22:20:20","guid":{"rendered":"https:\/\/www.europesays.com\/fr\/308206\/"},"modified":"2025-08-09T22:20:20","modified_gmt":"2025-08-09T22:20:20","slug":"plus-de-360-personnes-interpellees-lors-dune-manifestation-de-soutien-a-palestine-action","status":"publish","type":"post","link":"https:\/\/www.europesays.com\/fr\/308206\/","title":{"rendered":"plus de 360\u00a0personnes interpell\u00e9es lors d\u2019une manifestation de soutien \u00e0 Palestine Action"},"content":{"rendered":"<p>Palestine Action a \u00e9t\u00e9 ajout\u00e9e d\u00e9but juillet \u00e0 la liste des organisations consid\u00e9r\u00e9es comme \u00ab\u00a0terroristes\u00a0\u00bb au Royaume-Uni, apr\u00e8s des actes de vandalisme perp\u00e9tr\u00e9s par ses militants, notamment sur une base de l&rsquo;arm\u00e9e de l&rsquo;air.<\/p>\n<p>Cette vague d\u2019arrestation est consid\u00e9r\u00e9e comme l\u2019une des plus importantes jamais r\u00e9alis\u00e9es lors d\u2019une seule manifestation dans la capitale britannique. La police a pr\u00e9cis\u00e9 avoir arr\u00eat\u00e9 ou \u00eatre \u00ab\u00a0en train de le faire\u00a0\u00bb toutes les personnes ayant brandi la pancarte \u00ab\u00a0Je m\u2019oppose au g\u00e9nocide, je soutiens Palestine Action\u00a0\u00bb. Sur place, des manifestants ont brandi d\u2019autres pancartes comme \u00ab\u00a0Agir contre le g\u00e9nocide n\u2019est pas un crime\u00a0\u00bb ou \u00ab\u00a0Free Palestine\u00a0\u00bb.<\/p>\n<p>La guerre dans la bande de Gaza a \u00e9t\u00e9 d\u00e9clench\u00e9e apr\u00e8s l\u2019attaque sans pr\u00e9c\u00e9dent du Hamas en Isra\u00ebl le 7\u00a0octobre 2023 qui a entra\u00een\u00e9 la mort de 1\u00a0219\u00a0personnes, en majorit\u00e9 des civils, selon un d\u00e9compte r\u00e9alis\u00e9 \u00e0 partir de donn\u00e9es officielles isra\u00e9liennes. Les repr\u00e9sailles isra\u00e9liennes ont depuis fait au moins 61\u00a0330 morts \u00e0 Gaza, majoritairement des civils, selon les chiffres du minist\u00e8re de la Sant\u00e9 du Hamas, jug\u00e9s fiables par l\u2019ONU.<\/p>\n<p>\u00ab\u00a0Ce gouvernement est all\u00e9 trop loin\u00a0\u00bb<\/p>\n<p>De nombreux drapeaux palestiniens \u00e9taient visibles dans la foule, \u00e0 quelques pas de laquelle \u00e9taient align\u00e9es des voitures de police. La police avait mis en garde les participants contre les \u00ab\u00a0potentielles cons\u00e9quences p\u00e9nales\u00a0\u00bb de leurs actes.<\/p>\n<p>\u00ab\u00a0S\u2019ils veulent m\u2019arr\u00eater, je ne m\u2019enfuirai pas et je ne me cacherai pas\u00a0\u00bb, a ajout\u00e9 cette septuag\u00e9naire venue sp\u00e9cialement de Bristol, \u00e0 l\u2019ouest de Londres, et qui \u00e9tait assise aux c\u00f4t\u00e9s d\u2019autres manifestants avec la pancarte soutenant le groupe interdit.<\/p>\n<p>\u00ab\u00a0Qu\u2019ils nous arr\u00eatent tous\u00a0\u00bb, a rench\u00e9ri Richard Bull, un Londonien de 42\u00a0ans dans un fauteuil roulant. \u00ab\u00a0Ce gouvernement est all\u00e9 trop loin. Je n\u2019ai rien \u00e0 me reprocher.\u00a0\u00bb<\/p>\n<p>Les personnes arr\u00eat\u00e9es n\u2019ont pas oppos\u00e9 de r\u00e9sistance, beaucoup formant un \u00ab\u00a0V\u00a0\u00bb de la victoire avec leurs doigts, sous les applaudissements d\u2019autres manifestants.<\/p>\n<p>\u00ab\u00a0Ce n\u2019est pas une organisation non violente\u00a0\u00bb<\/p>\n<p>Le gouvernement britannique affirme que les sympathisants \u00ab\u00a0ne connaissent pas la vraie nature\u00a0\u00bb de Palestine Action. \u00ab\u00a0Ce n\u2019est pas une organisation non violente\u00a0\u00bb, a assur\u00e9 la ministre de l\u2019Int\u00e9rieur Yvette Cooper, disant disposer d&rsquo;\u00ab\u00a0informations inqui\u00e9tantes\u00a0\u00bb sur ses projets.<\/p>\n<p>Plus de 200 partisans avaient d\u00e9j\u00e0 \u00e9t\u00e9 interpell\u00e9s avant la manifestation de samedi, selon Tim Crosland, un repr\u00e9sentant de Defend Our Juries. Trois personnes ont \u00e9t\u00e9 inculp\u00e9es en vertu de la loi antiterroriste jeudi pour avoir exprim\u00e9 leur soutien au mouvement, une infraction passible de jusqu\u2019\u00e0 6 mois de prison.<\/p>\n","protected":false},"excerpt":{"rendered":"Palestine Action a \u00e9t\u00e9 ajout\u00e9e d\u00e9but juillet \u00e0 la liste des organisations consid\u00e9r\u00e9es comme \u00ab\u00a0terroristes\u00a0\u00bb au Royaume-Uni, apr\u00e8s&hellip;\n","protected":false},"author":2,"featured_media":308207,"comment_status":"","ping_status":"","sticky":false,"template":"","format":"standard","meta":{"footnotes":""},"categories":[1588],"tags":[11,1777,674,12,473,1853,1851,1850,1852],"class_list":{"0":"post-308206","1":"post","2":"type-post","3":"status-publish","4":"format-standard","5":"has-post-thumbnail","7":"category-royaume-uni","8":"tag-actualites","9":"tag-eu","10":"tag-europe","11":"tag-news","12":"tag-royaume-uni","13":"tag-royaume-uni-de-grande-bretagne-et-dirlande-du-nord","14":"tag-uk","15":"tag-united-kingdom","16":"tag-united-kingdom-of-great-britain-and-northern-ireland"},"share_on_mastodon":{"url":"https:\/\/pubeurope.com\/@fr\/115001139179377439","error":""},"_links":{"self":[{"href":"https:\/\/www.europesays.com\/fr\/wp-json\/wp\/v2\/posts\/308206","targetHints":{"allow":["GET"]}}],"collection":[{"href":"https:\/\/www.europesays.com\/fr\/wp-json\/wp\/v2\/posts"}],"about":[{"href":"https:\/\/www.europesays.com\/fr\/wp-json\/wp\/v2\/types\/post"}],"author":[{"embeddable":true,"href":"https:\/\/www.europesays.com\/fr\/wp-json\/wp\/v2\/users\/2"}],"replies":[{"embeddable":true,"href":"https:\/\/www.europesays.com\/fr\/wp-json\/wp\/v2\/comments?post=308206"}],"version-history":[{"count":0,"href":"https:\/\/www.europesays.com\/fr\/wp-json\/wp\/v2\/posts\/308206\/revisions"}],"wp:featuredmedia":[{"embeddable":true,"href":"https:\/\/www.europesays.com\/fr\/wp-json\/wp\/v2\/media\/308207"}],"wp:attachment":[{"href":"https:\/\/www.europesays.com\/fr\/wp-json\/wp\/v2\/media?parent=308206"}],"wp:term":[{"taxonomy":"category","embeddable":true,"href":"https:\/\/www.europesays.com\/fr\/wp-json\/wp\/v2\/categories?post=308206"},{"taxonomy":"post_tag","embeddable":true,"href":"https:\/\/www.europesays.com\/fr\/wp-json\/wp\/v2\/tags?post=308206"}],"curies":[{"name":"wp","href":"https:\/\/api.w.org\/{rel}","templated":true}]}}