{"id":308212,"date":"2025-08-09T22:23:16","date_gmt":"2025-08-09T22:23:16","guid":{"rendered":"https:\/\/www.europesays.com\/fr\/308212\/"},"modified":"2025-08-09T22:23:16","modified_gmt":"2025-08-09T22:23:16","slug":"systemes-informatiques-ue-lutte-criminalite-schengen-5-questions","status":"publish","type":"post","link":"https:\/\/www.europesays.com\/fr\/308212\/","title":{"rendered":"Syst\u00e8mes informatiques UE lutte criminalit\u00e9 Schengen 5 questions"},"content":{"rendered":"<p>L&rsquo;<a href=\"https:\/\/www.eulisa.europa.eu\/\" target=\"_blank\" title=\"agence de l\u2019Union europ\u00e9enne pour la gestion op\u00e9rationnelle des syst\u00e8mes d\u2019information \u00e0 grande \u00e9chelle au sein de l\u2019espace de libert\u00e9, de s\u00e9curit\u00e9 et de justice, eu-LISA (en anglais) - Nouvelle fen\u00eatre\" rel=\"nofollow noopener\"><strong>agence de l\u2019Union europ\u00e9enne pour la gestion op\u00e9rationnelle des syst\u00e8mes d\u2019information \u00e0 grande \u00e9chelle au sein de l\u2019espace de libert\u00e9, de s\u00e9curit\u00e9 et de justice, eu-LISA<\/strong><\/a>, est charg\u00e9e de la gestion des syst\u00e8mes d&rsquo;information \u00e0 grande \u00e9chelle utilis\u00e9s dans les domaines de la gestion des fronti\u00e8res, des migrations et de la coop\u00e9ration en mati\u00e8re r\u00e9pressive.<\/p>\n<p>eu-LISA fournit l&rsquo;expertise pour le d\u00e9veloppement et la gestion des syst\u00e8mes informatiques Eurodac, SIS, VIS, EES, Etias, Ecris-TCN, e-CODEX, ainsi que la plateforme de collaboration des \u00e9quipes communes d&rsquo;enqu\u00eate.<\/p>\n<p>Parall\u00e8lement \u00e0 l&rsquo;activit\u00e9 de l&rsquo;agence eu-LISA, <strong>d&rsquo;autres agences europ\u00e9ennes<\/strong> sont impliqu\u00e9es dans la lutte contre la criminalit\u00e9 et la s\u00e9curisation des fronti\u00e8res de l&rsquo;UE, entre autres gr\u00e2ce \u00e0 un acc\u00e8s aux syst\u00e8mes d&rsquo;information \u00e0 grande \u00e9chelle\u00a0:<\/p>\n<ul>\n<li><a href=\"https:\/\/www.europol.europa.eu\/about-europol:fr\" target=\"_blank\" title=\"Europol - Nouvelle fen\u00eatre\" rel=\"nofollow noopener\"><strong>Europol<\/strong><\/a>, dont la mission est d&rsquo;aider les \u00c9tats membres \u00e0 pr\u00e9venir et \u00e0 combattre toutes les formes de criminalit\u00e9 organis\u00e9e et internationale grave, la cybercriminalit\u00e9 et le terrorisme. Europol a acc\u00e8s \u00e0 Ecris, au SIS (dans lequel l&rsquo;agence peut introduire des informations) et est int\u00e9gr\u00e9e dans le cadre Pr\u00fcm\u00a0II.<\/li>\n<li><a href=\"https:\/\/www.eurojust.europa.eu\/fr\/node\/47\/qui-sommes-nous\" target=\"_blank\" title=\"Eurojust - Nouvelle fen\u00eatre\" rel=\"nofollow noopener\"><strong>Eurojust<\/strong><\/a>, qui contribue \u00e0 la coop\u00e9ration entre les autorit\u00e9s judiciaires comp\u00e9tentes des \u00c9tats membres en mati\u00e8re p\u00e9nale. L&rsquo;agence a acc\u00e8s aux syst\u00e8mes SIS, Ecris et \u00e0 e-CODEX.<\/li>\n<li><a href=\"https:\/\/european-union.europa.eu\/institutions-law-budget\/institutions-and-bodies\/search-all-eu-institutions-and-bodies\/frontex_fr\" target=\"_blank\" title=\"Frontex - Union europ\u00e9enne - Nouvelle fen\u00eatre\" rel=\"nofollow noopener\"><strong>Frontex<\/strong><\/a>, l&rsquo;agence europ\u00e9enne de garde-fronti\u00e8res et de garde-c\u00f4tes a d\u00e9sormais acc\u00e8s au SIS.<\/li>\n<\/ul>\n<p>                              <a href=\"https:\/\/www.vie-publique.fr\/questions-reponses\/292662-les-agences-europeennes-en-6-questions\" rel=\"nofollow noopener\" target=\"_blank\"><\/p>\n<p>                    UE : les agences europ\u00e9ennes en six questions<\/p>\n<p>                  <\/a><\/p>\n<p class=\"fr-card__desc\">\n                      Les agences europ\u00e9ennes participent au fonctionnement de l&rsquo;Union europ\u00e9enne (UE) tout comme le Parlement europ\u00e9en, le Conseil de l&rsquo;UE ou encore la Commission europ\u00e9enne. Les agences interviennent dans diff\u00e9rents domaines\u00a0: alimentation, m\u00e9dicaments, \u00e9ducation, environnement, s\u00e9curit\u00e9, transports, fronti\u00e8res&#8230; Le point en six questions.<\/p>\n","protected":false},"excerpt":{"rendered":"L&rsquo;agence de l\u2019Union europ\u00e9enne pour la gestion op\u00e9rationnelle des syst\u00e8mes d\u2019information \u00e0 grande \u00e9chelle au sein de l\u2019espace&hellip;\n","protected":false},"author":2,"featured_media":308213,"comment_status":"","ping_status":"","sticky":false,"template":"","format":"standard","meta":{"footnotes":""},"categories":[1586],"tags":[11,1777,674,1779,1011,27,12,25,1778,364],"class_list":{"0":"post-308212","1":"post","2":"type-post","3":"status-publish","4":"format-standard","5":"has-post-thumbnail","7":"category-europe","8":"tag-actualites","9":"tag-eu","10":"tag-europe","11":"tag-european-union","12":"tag-fr","13":"tag-france","14":"tag-news","15":"tag-republique-francaise","16":"tag-ue","17":"tag-union-europeenne"},"share_on_mastodon":{"url":"https:\/\/pubeurope.com\/@fr\/115001150873928724","error":""},"_links":{"self":[{"href":"https:\/\/www.europesays.com\/fr\/wp-json\/wp\/v2\/posts\/308212","targetHints":{"allow":["GET"]}}],"collection":[{"href":"https:\/\/www.europesays.com\/fr\/wp-json\/wp\/v2\/posts"}],"about":[{"href":"https:\/\/www.europesays.com\/fr\/wp-json\/wp\/v2\/types\/post"}],"author":[{"embeddable":true,"href":"https:\/\/www.europesays.com\/fr\/wp-json\/wp\/v2\/users\/2"}],"replies":[{"embeddable":true,"href":"https:\/\/www.europesays.com\/fr\/wp-json\/wp\/v2\/comments?post=308212"}],"version-history":[{"count":0,"href":"https:\/\/www.europesays.com\/fr\/wp-json\/wp\/v2\/posts\/308212\/revisions"}],"wp:featuredmedia":[{"embeddable":true,"href":"https:\/\/www.europesays.com\/fr\/wp-json\/wp\/v2\/media\/308213"}],"wp:attachment":[{"href":"https:\/\/www.europesays.com\/fr\/wp-json\/wp\/v2\/media?parent=308212"}],"wp:term":[{"taxonomy":"category","embeddable":true,"href":"https:\/\/www.europesays.com\/fr\/wp-json\/wp\/v2\/categories?post=308212"},{"taxonomy":"post_tag","embeddable":true,"href":"https:\/\/www.europesays.com\/fr\/wp-json\/wp\/v2\/tags?post=308212"}],"curies":[{"name":"wp","href":"https:\/\/api.w.org\/{rel}","templated":true}]}}