{"id":308214,"date":"2025-08-09T22:24:13","date_gmt":"2025-08-09T22:24:13","guid":{"rendered":"https:\/\/www.europesays.com\/fr\/308214\/"},"modified":"2025-08-09T22:24:13","modified_gmt":"2025-08-09T22:24:13","slug":"en-grande-forme-lom-lemporte-face-a-aston-villa-avec-un-double-daubameyang","status":"publish","type":"post","link":"https:\/\/www.europesays.com\/fr\/308214\/","title":{"rendered":"en grande forme, l&rsquo;OM l&#8217;emporte face \u00e0 Aston Villa avec un doubl\u00e9 d\u2019Aubameyang"},"content":{"rendered":"<p>Port\u00e9 par le revenant Pierre-Emerick Aubameyang, l\u2019OM a battu Aston Villa ce samedi en amical (3-1), \u00e0 une semaine du d\u00e9but de la Ligue 1.<\/p>\n<p class=\"fig-paragraph\">L&rsquo;Olympique de Marseille a achev\u00e9 samedi sa pr\u00e9paration par une victoire 3-1 contre Aston Villa, un succ\u00e8s qui a mis du temps \u00e0 se dessiner puisqu&rsquo;il a fallu attendre le dernier quart d&rsquo;heure pour que\u00a0<a href=\"http:\/\/www.lefigaro.fr\/sports\/football\/si-ca-ne-tenait-qu-a-moi-je-serais-pret-des-demain-de-retour-a-l-om-aubameyang-est-impatient-de-retrouver-les-terrains-20250801\" data-fig-type=\"NewsFlash\" data-gtm-custom-categorie=\"navigation\" data-gtm-custom-action=\"crossclick\" data-gtm-custom-label=\"Contextuel\" data-gtm-event=\"customEventSPE\" data-fig-domain=\"LEFIGARO\" target=\"_blank\" rel=\"noopener\">Pierre-Emerick Aubameyang<\/a>\u00a0enflamme le stade V\u00e9lodrome d&rsquo;un doubl\u00e9. \u00c0 une semaine d&rsquo;entamer une nouvelle saison en Ligue 1 le 15 ao\u00fbt \u00e0 Rennes, les Marseillais avaient pourtant ouvert le score sur leur premi\u00e8re occasion.<\/p>\n<p class=\"fig-paragraph\">\u00c0 la 5e minute, Pierre-Emile Hojbjerg trouvait en profondeur Mason Greenwood, qui se jouait du d\u00e9fenseur anglais Tyrone Mings et pouvait tranquillement dribbler Marco Bizot, avant de pousser le ballon dans le but vide (1-0), sa 7e r\u00e9alisation cet \u00e9t\u00e9 .<\/p>\n<p>                                    <a class=\"fig-a11y-skip a11y-hidden\" href=\"#fig-a11y-skip-main-inarticle\"><br \/>\n        Passer la publicit\u00e9<br \/>\n    <\/a><\/p>\n<p class=\"fig-paragraph\">Les plus de 60.000 spectateurs marseillais d\u00e9chantaient cependant d\u00e8s la 8e minute: lui aussi lanc\u00e9 en profondeur \u00e0 la limite du hors-jeu, le capitaine des Villans, John McGinn, lobait Geronimo Rulli (1-1).<\/p>\n<p class=\"fig-paragraph\">L&rsquo;OM exer\u00e7ait ensuite un pressing haut mais st\u00e9rile: les tentatives d&rsquo;un Jonathan Row tr\u00e8s actif sur son flanc gauche (18e) ou d&rsquo;Adrien Rabiot (22e), ne trouvant pas la cage de Bizot.<\/p>\n<p class=\"fig-paragraph\">La seconde mi-temps se d\u00e9roulait le m\u00eame ton, avec des Marseillais install\u00e9s dans la partie de terrain britannique mais ne parvenant pas \u00e0 faire la diff\u00e9rence. Entr\u00e9 \u00e0 la 63e minute, Pierre-Emerick Aubameyang trouvait lui aussi d&rsquo;abord le petit filet (73e), avant fr lib\u00e9rer le stade V\u00e9lodrome en battant le gardien anglais d&rsquo;une vol\u00e9e \u00e0 la 75e (2-1) et de r\u00e9cidiver \u00e0 la 78e minute (3-1).<\/p>\n","protected":false},"excerpt":{"rendered":"Port\u00e9 par le revenant Pierre-Emerick Aubameyang, l\u2019OM a battu Aston Villa ce samedi en amical (3-1), \u00e0 une&hellip;\n","protected":false},"author":2,"featured_media":308215,"comment_status":"","ping_status":"","sticky":false,"template":"","format":"standard","meta":{"footnotes":""},"categories":[2],"tags":[11,784,1011,27,12,1176,38746,25],"class_list":{"0":"post-308214","1":"post","2":"type-post","3":"status-publish","4":"format-standard","5":"has-post-thumbnail","7":"category-actualites","8":"tag-actualites","9":"tag-aston-villa","10":"tag-fr","11":"tag-france","12":"tag-news","13":"tag-olympique-de-marseille","14":"tag-pierre-emerick-aubameyang","15":"tag-republique-francaise"},"share_on_mastodon":{"url":"https:\/\/pubeurope.com\/@fr\/115001154827038786","error":""},"_links":{"self":[{"href":"https:\/\/www.europesays.com\/fr\/wp-json\/wp\/v2\/posts\/308214","targetHints":{"allow":["GET"]}}],"collection":[{"href":"https:\/\/www.europesays.com\/fr\/wp-json\/wp\/v2\/posts"}],"about":[{"href":"https:\/\/www.europesays.com\/fr\/wp-json\/wp\/v2\/types\/post"}],"author":[{"embeddable":true,"href":"https:\/\/www.europesays.com\/fr\/wp-json\/wp\/v2\/users\/2"}],"replies":[{"embeddable":true,"href":"https:\/\/www.europesays.com\/fr\/wp-json\/wp\/v2\/comments?post=308214"}],"version-history":[{"count":0,"href":"https:\/\/www.europesays.com\/fr\/wp-json\/wp\/v2\/posts\/308214\/revisions"}],"wp:featuredmedia":[{"embeddable":true,"href":"https:\/\/www.europesays.com\/fr\/wp-json\/wp\/v2\/media\/308215"}],"wp:attachment":[{"href":"https:\/\/www.europesays.com\/fr\/wp-json\/wp\/v2\/media?parent=308214"}],"wp:term":[{"taxonomy":"category","embeddable":true,"href":"https:\/\/www.europesays.com\/fr\/wp-json\/wp\/v2\/categories?post=308214"},{"taxonomy":"post_tag","embeddable":true,"href":"https:\/\/www.europesays.com\/fr\/wp-json\/wp\/v2\/tags?post=308214"}],"curies":[{"name":"wp","href":"https:\/\/api.w.org\/{rel}","templated":true}]}}