{"id":308216,"date":"2025-08-09T22:25:12","date_gmt":"2025-08-09T22:25:12","guid":{"rendered":"https:\/\/www.europesays.com\/fr\/308216\/"},"modified":"2025-08-09T22:25:12","modified_gmt":"2025-08-09T22:25:12","slug":"un-adolescent-de-17-ans-tue-par-une-voiture-de-police-lors-dune-course-poursuite","status":"publish","type":"post","link":"https:\/\/www.europesays.com\/fr\/308216\/","title":{"rendered":"un adolescent de 17 ans tu\u00e9 par une voiture de police lors d&rsquo;une course poursuite"},"content":{"rendered":"<p>Selon les premiers \u00e9l\u00e9ments du dossier, apr\u00e8s le vol d&rsquo;un deux-roues \u00e0 Ch\u00e2tenay-Malabry (Hauts-de-Seine), vers 04h30, les forces de l&rsquo;ordre ont identifi\u00e9 un utilitaire et demand\u00e9 au conducteur de s&rsquo;arr\u00eater.\u00a0<\/p>\n<p>Ce dernier <a href=\"https:\/\/www.laprovence.com\/article\/faits-divers-justice\/6407527457128814\/apres-un-refus-dobtemperer-un-homme-arme-et-recherche-interpelle-a-marseille\" target=\"_blank\" rel=\"noopener\">refusant d&rsquo;obtemp\u00e9rer<\/a>, une course poursuite s&rsquo;\u00e9tait engag\u00e9e.\u00a0<\/p>\n<p>Percut\u00e9 par une voiture de la BAC<\/p>\n<p>L&rsquo;utilitaire avait fini par s&rsquo;arr\u00eater au niveau d&rsquo;une station service et le jeune de 17 ans avait pris la fuite \u00e0 pied, traversant la route nationale 118.\u00a0<\/p>\n<p>C&rsquo;est \u00e0 cet instant qu&rsquo;il a \u00e9t\u00e9 percut\u00e9 par une voiture de la <a href=\"https:\/\/www.laprovence.com\/article\/faits-divers-justice\/32805939727220\/un-policier-de-la-bac-se-jette-dans-lhabitacle-dune-voiture-en-fuite-a-aix-en-provence\" target=\"_blank\" rel=\"noopener\">BAC <\/a>de nuit des Hauts-de-Seine, explique la m\u00eame source polici\u00e8re, qui assure que le conducteur du v\u00e9hicule de police a tent\u00e9 un freinage d&rsquo;urgence.\u00a0<\/p>\n<p>Le mineur est mort quelques minutes plus tard, et la seconde personne \u00e0 bord du v\u00e9hicule a \u00e9t\u00e9 plac\u00e9e en garde \u00e0 vue.\u00a0<\/p>\n<p>Samedi soir, l&rsquo;AFP n&rsquo;avait pas d&rsquo;informations plus d\u00e9velopp\u00e9es sur l&rsquo;enqu\u00eate de l&rsquo;IGPN, une source proche du dossier rappelant toutefois que l&rsquo;ouverture d&rsquo;une enqu\u00eate \u00e9tait \u00ab\u00a0l&rsquo;usage l\u00e9gal en pareil cas\u00a0\u00bb.\u00a0<\/p>\n","protected":false},"excerpt":{"rendered":"Selon les premiers \u00e9l\u00e9ments du dossier, apr\u00e8s le vol d&rsquo;un deux-roues \u00e0 Ch\u00e2tenay-Malabry (Hauts-de-Seine), vers 04h30, les forces&hellip;\n","protected":false},"author":2,"featured_media":308217,"comment_status":"","ping_status":"","sticky":false,"template":"","format":"standard","meta":{"footnotes":""},"categories":[2],"tags":[17,11,1084,1764,1102,43607,274,1011,27,12,5912,14728,25,5911,96],"class_list":{"0":"post-308216","1":"post","2":"type-post","3":"status-publish","4":"format-standard","5":"has-post-thumbnail","7":"category-actualites","8":"tag-17","9":"tag-actualites","10":"tag-adolescent","11":"tag-ans","12":"tag-breakingnews","13":"tag-dobtemperer","14":"tag-faits-divers-justice","15":"tag-fr","16":"tag-france","17":"tag-news","18":"tag-par","19":"tag-refus","20":"tag-republique-francaise","21":"tag-tue","22":"tag-une"},"share_on_mastodon":{"url":"https:\/\/pubeurope.com\/@fr\/115001158737935327","error":""},"_links":{"self":[{"href":"https:\/\/www.europesays.com\/fr\/wp-json\/wp\/v2\/posts\/308216","targetHints":{"allow":["GET"]}}],"collection":[{"href":"https:\/\/www.europesays.com\/fr\/wp-json\/wp\/v2\/posts"}],"about":[{"href":"https:\/\/www.europesays.com\/fr\/wp-json\/wp\/v2\/types\/post"}],"author":[{"embeddable":true,"href":"https:\/\/www.europesays.com\/fr\/wp-json\/wp\/v2\/users\/2"}],"replies":[{"embeddable":true,"href":"https:\/\/www.europesays.com\/fr\/wp-json\/wp\/v2\/comments?post=308216"}],"version-history":[{"count":0,"href":"https:\/\/www.europesays.com\/fr\/wp-json\/wp\/v2\/posts\/308216\/revisions"}],"wp:featuredmedia":[{"embeddable":true,"href":"https:\/\/www.europesays.com\/fr\/wp-json\/wp\/v2\/media\/308217"}],"wp:attachment":[{"href":"https:\/\/www.europesays.com\/fr\/wp-json\/wp\/v2\/media?parent=308216"}],"wp:term":[{"taxonomy":"category","embeddable":true,"href":"https:\/\/www.europesays.com\/fr\/wp-json\/wp\/v2\/categories?post=308216"},{"taxonomy":"post_tag","embeddable":true,"href":"https:\/\/www.europesays.com\/fr\/wp-json\/wp\/v2\/tags?post=308216"}],"curies":[{"name":"wp","href":"https:\/\/api.w.org\/{rel}","templated":true}]}}