{"id":308222,"date":"2025-08-09T22:28:10","date_gmt":"2025-08-09T22:28:10","guid":{"rendered":"https:\/\/www.europesays.com\/fr\/308222\/"},"modified":"2025-08-09T22:28:10","modified_gmt":"2025-08-09T22:28:10","slug":"red-dragons-la-belgique-sassure-de-participer-a-leuro-2026-grace-a-un-3e-succes-en-qualifications","status":"publish","type":"post","link":"https:\/\/www.europesays.com\/fr\/308222\/","title":{"rendered":"Red Dragons: la Belgique s&rsquo;assure de participer \u00e0 l&rsquo;Euro 2026 gr\u00e2ce \u00e0 un 3e succ\u00e8s en qualifications"},"content":{"rendered":"<p class=\"ap-StoryElement ap-StoryElement--mb ap-StoryText\">Les sept vainqueurs de groupes et les cinq meilleurs deuxi\u00e8mes rejoindront en phase finale les huit \u00e9quipes qualifi\u00e9es \u00e0 l&rsquo;issue de l&rsquo;Euro 2023 (Pologne, Slov\u00e9nie, France, Pays-Bas, Serbie, Ukraine, Allemagne, Portugal) et les quatre pays organisateurs (Italie, Roumanie, Bulgarie, Finlande).<\/p>\n<p class=\"ap-StoryElement ap-StoryElement--mb ap-StoryText\">La Belgique avait \u00e9t\u00e9 \u00e9limin\u00e9e en huiti\u00e8mes de finale de la derni\u00e8re \u00e9dition par la Pologne en 2023. Le meilleur r\u00e9sultat des Red Dragons \u00e0 l&rsquo;Euro est une 4e place en 2017.<\/p>\n<p class=\"ap-StoryElement ap-StoryElement--mb ap-StoryText\">Apr\u00e8s le match face \u00e0 l&rsquo;Azerba\u00efdjan, les Dragons se pencheront sur le gros rendez-vous de l&rsquo;ann\u00e9e, le Mondial, qui se tiendra aux Philippines du 12 au 28 septembre. La Belgique jouera, dans le groupe F, contre l&rsquo;Ukraine (14 septembre), l&rsquo;Italie (16 septembre) et l&rsquo;Alg\u00e9rie (18 septembre).<\/p>\n","protected":false},"excerpt":{"rendered":"Les sept vainqueurs de groupes et les cinq meilleurs deuxi\u00e8mes rejoindront en phase finale les huit \u00e9quipes qualifi\u00e9es&hellip;\n","protected":false},"author":2,"featured_media":308223,"comment_status":"","ping_status":"","sticky":false,"template":"","format":"standard","meta":{"footnotes":""},"categories":[1417],"tags":[828,44835,1011,27,44834,60,1470,1469],"class_list":{"0":"post-308222","1":"post","2":"type-post","3":"status-publish","4":"format-standard","5":"has-post-thumbnail","7":"category-volley","8":"tag-belgique","9":"tag-euro2026","10":"tag-fr","11":"tag-france","12":"tag-reddragons","13":"tag-sports","14":"tag-volley","15":"tag-volleyball"},"share_on_mastodon":{"url":"","error":""},"_links":{"self":[{"href":"https:\/\/www.europesays.com\/fr\/wp-json\/wp\/v2\/posts\/308222","targetHints":{"allow":["GET"]}}],"collection":[{"href":"https:\/\/www.europesays.com\/fr\/wp-json\/wp\/v2\/posts"}],"about":[{"href":"https:\/\/www.europesays.com\/fr\/wp-json\/wp\/v2\/types\/post"}],"author":[{"embeddable":true,"href":"https:\/\/www.europesays.com\/fr\/wp-json\/wp\/v2\/users\/2"}],"replies":[{"embeddable":true,"href":"https:\/\/www.europesays.com\/fr\/wp-json\/wp\/v2\/comments?post=308222"}],"version-history":[{"count":0,"href":"https:\/\/www.europesays.com\/fr\/wp-json\/wp\/v2\/posts\/308222\/revisions"}],"wp:featuredmedia":[{"embeddable":true,"href":"https:\/\/www.europesays.com\/fr\/wp-json\/wp\/v2\/media\/308223"}],"wp:attachment":[{"href":"https:\/\/www.europesays.com\/fr\/wp-json\/wp\/v2\/media?parent=308222"}],"wp:term":[{"taxonomy":"category","embeddable":true,"href":"https:\/\/www.europesays.com\/fr\/wp-json\/wp\/v2\/categories?post=308222"},{"taxonomy":"post_tag","embeddable":true,"href":"https:\/\/www.europesays.com\/fr\/wp-json\/wp\/v2\/tags?post=308222"}],"curies":[{"name":"wp","href":"https:\/\/api.w.org\/{rel}","templated":true}]}}