{"id":308224,"date":"2025-08-09T22:29:14","date_gmt":"2025-08-09T22:29:14","guid":{"rendered":"https:\/\/www.europesays.com\/fr\/308224\/"},"modified":"2025-08-09T22:29:14","modified_gmt":"2025-08-09T22:29:14","slug":"christophe-urios-ravi-de-sa-nouvelle-methode-de-preparation-je-nai-jamais-connu-ca-a-clermont","status":"publish","type":"post","link":"https:\/\/www.europesays.com\/fr\/308224\/","title":{"rendered":"Christophe Urios ravi de sa nouvelle m\u00e9thode de pr\u00e9paration : \u00ab\u00a0Je n\u2019ai jamais connu \u00e7a \u00e0 Clermont\u00a0\u00bb"},"content":{"rendered":"<p>Apr\u00e8s trois semaines de travail intense, ponctu\u00e9es des traditionnels Vulcains, l\u2019ASM Clermont s\u2019offre une semaine de repos. L\u2019occasion pour le staff de faire un premier bilan, avec d\u00e9j\u00e0 de bons signaux \u00e0 confirmer lors du stage au Chambon-sur-Lignon.<\/p>\n<p>Pour lancer la saison, le staff a opt\u00e9 pour un changement de cap : pas de ballon pendant les quinze premiers jours, au profit d\u2019un travail physique pur.<\/p>\n<p><strong>Sur le choix de cette nouvelle m\u00e9thode, Christophe Urios explique la d\u00e9marche \u00e0 <a href=\"https:\/\/www.rugbyrama.fr\/2025\/08\/09\/top-14-christophe-urios-je-nai-jamais-senti-une-aussi-bonne-energie-a-clermont-12868483.php\" rel=\"nofollow noopener\" target=\"_blank\">Midi Olympique<\/a>. Extrait :<\/strong><\/p>\n<p>\u00ab C\u2019est vrai qu\u2019on a chang\u00e9 un peu la fa\u00e7on d\u2019aborder la pr\u00e9paration, avec une grosse partie physique dissoci\u00e9e durant les quinze premiers jours. D\u2019ordinaire, j\u2019adorais faire une pr\u00e9paration avec du rugby int\u00e9gr\u00e9, mais on a choisi de le faire diff\u00e9remment cette saison. L\u2019id\u00e9e en filigrane, c\u2019est de gommer notre irr\u00e9gularit\u00e9 et tu peux la gommer de diff\u00e9rentes fa\u00e7ons. Et on trouvait que de faire des trucs un peu moins \u00ab ludiques \u00bb ou rythm\u00e9s, et passer par le fait d\u2019\u00eatre en face \u00e0 soi-m\u00eame et un chrono, c\u2019\u00e9tait plut\u00f4t coh\u00e9rent.\u00bb<\/p>\n<p><strong>Sur une \u00e9ventuelle facilit\u00e9 que certains joueurs pouvaient trouver avec un ballon, il rectifie. Extrait :<\/strong><\/p>\n<p>\u00ab Non, non, surtout pas. C\u2019est juste quand tu fais des choses avec le ballon, c\u2019est moins \u00ab dur \u00bb que quand tu les fais sans ballon. On a juste voulu \u00eatre plus dur par rapport \u00e0 nos imperfections de l\u2019ann\u00e9e derni\u00e8re. Du coup, nos deux premi\u00e8res semaines ont \u00e9t\u00e9 tr\u00e8s charg\u00e9es. On a fait du rugby quand m\u00eame, mais tout ce qui relevait de la haute intensit\u00e9, c\u2019\u00e9tait sans ballon, contrairement \u00e0 l\u2019ann\u00e9e derni\u00e8re.\u00bb<\/p>\n<p><strong>L\u2019entra\u00eeneur souligne n\u00e9anmoins un \u00e9tat d\u2019esprit in\u00e9dit. Extrait :<\/strong><\/p>\n<p>\u00abAujourd\u2019hui, tout ce que je peux dire, c\u2019est que je n\u2019ai jamais connu \u00e0 Clermont une aussi bonne \u00e9nergie, cet \u00e9tat d\u2019esprit d\u2019aller au bout. \u00c7a, c\u2019est plut\u00f4t positif. Sur le rugby aussi, je trouve qu\u2019on avance bien, parce que l\u2019\u00e9tat d\u2019esprit est l\u00e0. Mais le seul juge de paix, ce sont les matchs, et ce premier rendez-vous \u00e0 Brive nous donnera quelques indications.\u00bb<\/p>\n","protected":false},"excerpt":{"rendered":"Apr\u00e8s trois semaines de travail intense, ponctu\u00e9es des traditionnels Vulcains, l\u2019ASM Clermont s\u2019offre une semaine de repos. L\u2019occasion&hellip;\n","protected":false},"author":2,"featured_media":308225,"comment_status":"","ping_status":"","sticky":false,"template":"","format":"standard","meta":{"footnotes":""},"categories":[1416],"tags":[1011,27,479,1468,60],"class_list":{"0":"post-308224","1":"post","2":"type-post","3":"status-publish","4":"format-standard","5":"has-post-thumbnail","7":"category-rugby","8":"tag-fr","9":"tag-france","10":"tag-rugby","11":"tag-rugby-football","12":"tag-sports"},"share_on_mastodon":{"url":"https:\/\/pubeurope.com\/@fr\/115001174494316055","error":""},"_links":{"self":[{"href":"https:\/\/www.europesays.com\/fr\/wp-json\/wp\/v2\/posts\/308224","targetHints":{"allow":["GET"]}}],"collection":[{"href":"https:\/\/www.europesays.com\/fr\/wp-json\/wp\/v2\/posts"}],"about":[{"href":"https:\/\/www.europesays.com\/fr\/wp-json\/wp\/v2\/types\/post"}],"author":[{"embeddable":true,"href":"https:\/\/www.europesays.com\/fr\/wp-json\/wp\/v2\/users\/2"}],"replies":[{"embeddable":true,"href":"https:\/\/www.europesays.com\/fr\/wp-json\/wp\/v2\/comments?post=308224"}],"version-history":[{"count":0,"href":"https:\/\/www.europesays.com\/fr\/wp-json\/wp\/v2\/posts\/308224\/revisions"}],"wp:featuredmedia":[{"embeddable":true,"href":"https:\/\/www.europesays.com\/fr\/wp-json\/wp\/v2\/media\/308225"}],"wp:attachment":[{"href":"https:\/\/www.europesays.com\/fr\/wp-json\/wp\/v2\/media?parent=308224"}],"wp:term":[{"taxonomy":"category","embeddable":true,"href":"https:\/\/www.europesays.com\/fr\/wp-json\/wp\/v2\/categories?post=308224"},{"taxonomy":"post_tag","embeddable":true,"href":"https:\/\/www.europesays.com\/fr\/wp-json\/wp\/v2\/tags?post=308224"}],"curies":[{"name":"wp","href":"https:\/\/api.w.org\/{rel}","templated":true}]}}