{"id":308230,"date":"2025-08-09T22:33:19","date_gmt":"2025-08-09T22:33:19","guid":{"rendered":"https:\/\/www.europesays.com\/fr\/308230\/"},"modified":"2025-08-09T22:33:19","modified_gmt":"2025-08-09T22:33:19","slug":"comment-les-juges-ont-pris-le-pouvoir","status":"publish","type":"post","link":"https:\/\/www.europesays.com\/fr\/308230\/","title":{"rendered":"comment les juges ont pris le pouvoir"},"content":{"rendered":"<p>            <img decoding=\"async\" alt=\"Une du JDD.\" src=\"https:\/\/www.europesays.com\/fr\/wp-content\/uploads\/2025\/08\/4100-une-multi_page_1.jpg\" width=\"343\" height=\"228\" loading=\"lazy\"\/><\/p>\n<p>        Sommaire\n    <\/p>\n<p>    <a href=\"https:\/\/www.lejdd.fr\/sommaire\/conseil-constitutionnel-comment-les-juges-ont-pris-le-pouvoir-160905\" title=\"Conseil constitutionnel : comment les juges ont pris le pouvoir\" class=\"taxo-title\" rel=\"nofollow noopener\" target=\"_blank\"><br \/>\n        Conseil constitutionnel : comment les juges ont pris le pouvoir<br \/>\n    <\/a><\/p>\n<p class=\"intro\">\u00c0 la Une du JDD &#8211; Conseil constitutionnel : comment les juges ont pris le pouvoir<br \/>&#13;<br \/>\n\u00b7 Pourquoi les d\u00e9cisions des \u00ab Sages \u00bb emp\u00eachent les r\u00e9formes et s&rsquo;opposent \u00e0 la souverainet\u00e9 populaire<\/p>\n<p>\u00b7 Trump-Poutine : bient\u00f4t la paix ?<br \/>&#13;<br \/>\n\u00b7 Incendies dans l&rsquo;Aude : reportage aupr\u00e8s des sinistr\u00e9s<br \/>&#13;<br \/>\n\u00b7 Fran\u00e7ois-No\u00ebl Buffet au JDD : \u00abEn mati\u00e8re migratoire, le rapport de force est la clef\u00bb<br \/>&#13;<br \/>\n\u00b7 Alg\u00e9rie : Emmanuel Macron, enfin la prise de conscience ?<br \/>&#13;<br \/>\n\u00b7 Football : \u00abLa Premier League, \u00e7a fait r\u00eaver\u00bb<\/p>\n<p>            <img decoding=\"async\" alt=\"Une du JDD.\" src=\"https:\/\/www.europesays.com\/fr\/wp-content\/uploads\/2025\/08\/une-multi_page_1.jpeg\" width=\"72\" height=\"72\" loading=\"lazy\"\/><\/p>\n<p>        Sommaire\n    <\/p>\n<p>    <a href=\"https:\/\/www.lejdd.fr\/sommaire\/gerald-darmanin-je-mets-du-bon-sens-dans-la-justice-160731\" title=\"G\u00e9rald Darmanin\u00a0: \u00ab\u00a0Je mets du bon sens dans la justice\u00a0\u00bb\" class=\"taxo-title\" rel=\"nofollow noopener\" target=\"_blank\"><br \/>\n        G\u00e9rald Darmanin\u00a0: \u00ab\u00a0Je mets du bon sens dans la justice\u00a0\u00bb<br \/>\n    <\/a><\/p>\n<p class=\"intro\">\u00c0 LA UNE DU JDD &#8211; G\u00e9rald Darmanin\u00a0: \u00ab\u00a0Je mets du bon sens dans la justice\u00a0\u00bb<br \/>&#13;<br \/>\nRupture\u00a0: sursis unique, courtes peines effectives\u00a0: le ministre veut imposer sa \u00ab\u00a0r\u00e9volution p\u00e9nale\u00a0\u00bb<br \/>&#13;<br \/>\nFermet\u00e9\u00a0: il annonce une nouvelle hi\u00e9rarchie carc\u00e9rale et la fin des am\u00e9nagements pour les OQTF<\/p>\n<p>\u00b7 Herv\u00e9 Morin\u00a0: \u00ab\u00a0Les droits de douane am\u00e9ricains r\u00e9v\u00e8lent le d\u00e9clin de l\u2019Europe\u00a0\u00bb<br \/>&#13;<br \/>\n\u00b7 Donald Trump, le dernier chef en Occident<br \/>&#13;<br \/>\n\u00b7 ENQU\u00caTE &#8211; ONG pro-palestiniennes\u00a0: les nouveaux chevaliers du djihad juridique<br \/>&#13;<br \/>\n\u00b7 Droits de douane am\u00e9ricains\u00a0: Michel Picon alerte sur les cons\u00e9quences pour les TPE fran\u00e7aises<\/p>\n<p>            <img decoding=\"async\" alt=\"Une JDNews.\" src=\"https:\/\/www.europesays.com\/fr\/wp-content\/uploads\/2025\/08\/couv_supplement_page_1.jpg\" width=\"72\" height=\"72\" loading=\"lazy\"\/><\/p>\n<p>        Sommaire\n    <\/p>\n<p>    <a href=\"https:\/\/www.lejdd.fr\/sommaire\/la-sage-des-villiers-160622\" title=\"La saga des Villiers\" class=\"taxo-title\" rel=\"nofollow noopener\" target=\"_blank\"><br \/>\n        La saga des Villiers<br \/>\n    <\/a><\/p>\n<p class=\"intro\">\u00c0 LA UNE DU JDD &#8211; La saga des Villiers<br \/>&#13;<br \/>\nPuy du Fou, livres, m\u00e9dias\u2026 L\u2019\u00e9pop\u00e9e hors normes d\u2019une famille engag\u00e9e<\/p>\n<p>\u00b7 Marie-Estelle Dupont, une psychologue \u00e0 l\u2019\u00e9coute de la soci\u00e9t\u00e9 fran\u00e7aise<br \/>&#13;<br \/>\n\u00b7 Marika Bret, compagne du dessinateur Charb, se confie sur la censure du documentaire sur le proc\u00e8s de l\u2019attentant contre Charlie hebdo<br \/>&#13;<br \/>\n\u00b7 Rocco Pacchioni, directeur g\u00e9n\u00e9ral de Puressentiel au JDNews\u00a0: \u00ab\u00a0Gagner la confiance des consommateurs prend du temps\u00a0\u00bb<br \/>&#13;<br \/>\n\u00b7 \u00ab\u00a0Nous avons \u00e9t\u00e9 cr\u00e9\u00e9s pour louer et adorer Dieu\u00a0\u00bb\u00a0: l\u2019hom\u00e9lie du cardinal Sarah en Bretagne<br \/>&#13;<br \/>\n\u00b7 Portrait d\u2019\u00e9poque de Michel Onfray\u00a0: \u00ab\u00a0Isra\u00ebl, navire amiral\u00a0\u00bb<\/p>\n<p>            <img decoding=\"async\" alt=\"Une du JDD.\" src=\"https:\/\/www.europesays.com\/fr\/wp-content\/uploads\/2025\/08\/une-multi_page_1.jpg\" width=\"72\" height=\"72\" loading=\"lazy\"\/><\/p>\n<p>        Sommaire\n    <\/p>\n<p>    <a href=\"https:\/\/www.lejdd.fr\/sommaire\/limoges-beziers-charleville-mezieres-lete-orange-mecanique-160545\" title=\"Limoges, B\u00e9ziers, Charleville-M\u00e9zi\u00e8res\u2026 L\u2019\u00e9t\u00e9 Orange m\u00e9canique\" class=\"taxo-title\" rel=\"nofollow noopener\" target=\"_blank\"><br \/>\n        Limoges, B\u00e9ziers, Charleville-M\u00e9zi\u00e8res\u2026 L\u2019\u00e9t\u00e9 Orange m\u00e9canique<br \/>\n    <\/a><\/p>\n<p class=\"intro\">\u00c0 LA UNE DU JDD &#8211; Limoges, B\u00e9ziers, Charleville-M\u00e9zi\u00e8res\u2026 L\u2019\u00e9t\u00e9 Orange m\u00e9canique<br \/>&#13;<br \/>\nVilles moyennes\u00a0: tirs de mortier, guets-apens, rod\u00e9os\u2026 Le nouveau calvaire des provinces<\/p>\n<p>\u00b7 Annie Genevard au JDD\u00a0: \u00ab\u00a0Opposer \u00e9cologie et agriculture est mortif\u00e8re\u00a0\u00bb<br \/>&#13;<br \/>\n\u00b7 EXCLUSIF &#8211; Immigration\u00a0: le premier bilan de Retailleau en 2025<br \/>&#13;<br \/>\n\u00b7 EXCLUSIF &#8211; Aide humanitaire \u00e0 Gaza\u00a0: pourquoi les camions ne passent pas<br \/>&#13;<br \/>\n\u00b7 Formule\u00a01\u00a0: dans les coulisses du mythique circuit de Spa<\/p>\n<p>            <img decoding=\"async\" alt=\"Couv JDNews.\" src=\"https:\/\/www.europesays.com\/fr\/wp-content\/uploads\/2025\/08\/1754778798_31_couv_supplement_page_1.jpg\" width=\"72\" height=\"72\" loading=\"lazy\"\/><\/p>\n<p>        Sommaire\n    <\/p>\n<p>    <a href=\"https:\/\/www.lejdd.fr\/sommaire\/viande-avion-voiture-culpabilisation-censure-laissez-nous-vivre-160413\" title=\"Viande, avion, voiture, culpabilisation, censure\u2026 Laissez-nous vivre\u00a0!\" class=\"taxo-title\" rel=\"nofollow noopener\" target=\"_blank\"><br \/>\n        Viande, avion, voiture, culpabilisation, censure\u2026 Laissez-nous vivre\u00a0!<br \/>\n    <\/a><\/p>\n<p class=\"intro\">\u00c0 LA UNE DU JDNews &#8211; Viande, avion, voiture, culpabilisation, censure\u2026 Laissez-nous vivre\u00a0!<br \/>&#13;<br \/>\nDes \u00c9tats-Unis \u00e0 la France, le ras-le-bol contre les d\u00e9lires \u00e9colos<\/p>\n<p>\u00b7 Tournant historique\u00a0: le F-35 et l\u2019armement US s\u2019imposent toujours en Europe<br \/>&#13;<br \/>\n\u00b7 Blanchiment, fraude, \u00e9vasion fiscale\u00a0: ces milliards d\u2019euros qui \u00e9chappent aux caisses de l\u2019\u00c9tat<br \/>&#13;<br \/>\n\u00b7 Andy Kerbrat\u00a0: la victimisation comme arme politique<br \/>&#13;<br \/>\n\u00b7 Jean-Pierre Blanc, patron de Malongo au JDNews\u00a0: \u00ab\u00a0Le commerce \u00e9quitable est un concept \u00e9conomique qui a fait ses preuves\u00a0\u00bb<\/p>\n<p>            <img decoding=\"async\" alt=\"Une du JDD.\" src=\"https:\/\/www.europesays.com\/fr\/wp-content\/uploads\/2025\/08\/couv-multi_page_1.jpeg\" width=\"72\" height=\"72\" loading=\"lazy\"\/><\/p>\n<p>        Sommaire\n    <\/p>\n<p>    <a href=\"https:\/\/www.lejdd.fr\/sommaire\/budget-quand-sattaquera-t-on-aux-depenses-de-letat-160338\" title=\"Budget\u00a0: quand s\u2019attaquera-t-on aux d\u00e9penses de l\u2019\u00c9tat\u00a0?\" class=\"taxo-title\" rel=\"nofollow noopener\" target=\"_blank\"><br \/>\n        Budget\u00a0: quand s\u2019attaquera-t-on aux d\u00e9penses de l\u2019\u00c9tat\u00a0?<br \/>\n    <\/a><\/p>\n<p class=\"intro\">\u00c0 LA UNE DU JDD &#8211; Budget\u00a0: quand s\u2019attaquera-t-on aux d\u00e9penses de l\u2019\u00c9tat\u00a0?<br \/>&#13;<br \/>\n\u00c9conomies\u00a0: Agn\u00e8s Verdier-Molini\u00e9\u00a0: \u00ab\u00a0L\u2019\u00c9tat d\u00e9pense toujours plus\u00a0\u00bb<br \/>&#13;<br \/>\nD\u00e9gradation\u00a0: la France sous la menace des agences de notation<\/p>\n<p>\u00b7 Budget\u00a0: le patron du Medef Patrick Martin alerte sur le d\u00e9crochage de l\u2019\u00e9conomie fran\u00e7aise<br \/>&#13;<br \/>\n\u00b7 Cour des comptes\u00a0: Najat Vallaud-Belkacem, symbole d\u2019une \u00ab\u00a0R\u00e9publique des copains\u00a0\u00bb<br \/>&#13;<br \/>\n\u00b7 Cohabitation froide entre Macron et Retailleau\u00a0: la fracture se creuse sur l\u2019Alg\u00e9rie<br \/>&#13;<br \/>\n\u00b7 Donald Trump menace Moscou, mais brouille les lignes<\/p>\n","protected":false},"excerpt":{"rendered":"Sommaire Conseil constitutionnel : comment les juges ont pris le pouvoir \u00c0 la Une du JDD &#8211; Conseil&hellip;\n","protected":false},"author":2,"featured_media":308231,"comment_status":"","ping_status":"","sticky":false,"template":"","format":"standard","meta":{"footnotes":""},"categories":[1412],"tags":[1451,1452,1453,1454,1455,1011,27,60],"class_list":{"0":"post-308230","1":"post","2":"type-post","3":"status-publish","4":"format-standard","5":"has-post-thumbnail","7":"category-f1","8":"tag-f1","9":"tag-formula-1","10":"tag-formula1","11":"tag-formule-1","12":"tag-formule1","13":"tag-fr","14":"tag-france","15":"tag-sports"},"share_on_mastodon":{"url":"https:\/\/pubeurope.com\/@fr\/115001190444543105","error":""},"_links":{"self":[{"href":"https:\/\/www.europesays.com\/fr\/wp-json\/wp\/v2\/posts\/308230","targetHints":{"allow":["GET"]}}],"collection":[{"href":"https:\/\/www.europesays.com\/fr\/wp-json\/wp\/v2\/posts"}],"about":[{"href":"https:\/\/www.europesays.com\/fr\/wp-json\/wp\/v2\/types\/post"}],"author":[{"embeddable":true,"href":"https:\/\/www.europesays.com\/fr\/wp-json\/wp\/v2\/users\/2"}],"replies":[{"embeddable":true,"href":"https:\/\/www.europesays.com\/fr\/wp-json\/wp\/v2\/comments?post=308230"}],"version-history":[{"count":0,"href":"https:\/\/www.europesays.com\/fr\/wp-json\/wp\/v2\/posts\/308230\/revisions"}],"wp:featuredmedia":[{"embeddable":true,"href":"https:\/\/www.europesays.com\/fr\/wp-json\/wp\/v2\/media\/308231"}],"wp:attachment":[{"href":"https:\/\/www.europesays.com\/fr\/wp-json\/wp\/v2\/media?parent=308230"}],"wp:term":[{"taxonomy":"category","embeddable":true,"href":"https:\/\/www.europesays.com\/fr\/wp-json\/wp\/v2\/categories?post=308230"},{"taxonomy":"post_tag","embeddable":true,"href":"https:\/\/www.europesays.com\/fr\/wp-json\/wp\/v2\/tags?post=308230"}],"curies":[{"name":"wp","href":"https:\/\/api.w.org\/{rel}","templated":true}]}}