{"id":308238,"date":"2025-08-09T22:37:13","date_gmt":"2025-08-09T22:37:13","guid":{"rendered":"https:\/\/www.europesays.com\/fr\/308238\/"},"modified":"2025-08-09T22:37:13","modified_gmt":"2025-08-09T22:37:13","slug":"la-galerie-miettes-de-baleine-met-en-exergue-la-creation-artistique-de-la-jeunesse-douarneniste","status":"publish","type":"post","link":"https:\/\/www.europesays.com\/fr\/308238\/","title":{"rendered":"La galerie Miettes de baleine met en exergue la cr\u00e9ation artistique de la jeunesse douarneniste"},"content":{"rendered":"<p><a href=\"https:\/\/www.letelegramme.fr\/finistere\/douarnenez-29100\/span-classamorce-dj-wonderbrazspan-la-diva-des-dancings-3509366.php\" title=\"www.letelegramme.fr\" target=\"_blank\" rel=\"noopener\">Yuna Le Braz<\/a>, artiste, DJ et responsable de la galerie Miettes de Baleine, tr\u00e8s attentive \u00e0 ce qui se cr\u00e9e dans la ville aux quatre ports, a choisi d\u2019exposer, jusqu\u2019au 30 ao\u00fbt, le travail de deux jeunes douarnenistes\u00a0: Youn Berder, 20 ans et Marin Larzul, 14 ans. Leurs univers graphiques s\u2019imposent d\u00e9j\u00e0 et laissent esp\u00e9rer une belle \u00e9volution artistique. Les petits formats au pastel ou feutre \u00e0 alcool de Marin Larzul sont tr\u00e8s color\u00e9s malgr\u00e9 des sujets pour le moins effrayants. \u00ab\u00a0Je suis attir\u00e9 par ce qui fait peur et j\u2019aime y mettre de la couleur. Je trouve le contraste assez amusant. J\u2019aime beaucoup le travail de Jean-Michel Basquiat, par exemple, qui m\u2019a beaucoup inspir\u00e9\u00a0\u00bb, analyse celui qui entre en seconde option arts plastiques au lyc\u00e9e de Cornouaille \u00e0 la rentr\u00e9e.<\/p>\n<p>Le fruit ne tombant jamais bien loin de l\u2019arbre, il est le fils du <a href=\"https:\/\/www.letelegramme.fr\/finistere\/douarnenez-29100\/a-douarnenez-lame-malgache-se-devoile-en-sons-et-en-images-3946238.php\" title=\"www.letelegramme.fr\" target=\"_blank\" rel=\"noopener\">photographe Erwan Larzul<\/a> dont des \u0153uvres sont aussi pr\u00e9sent\u00e9es \u00e0 la galerie avec des artistes comme Juliette Bellec, Alexis Horellou, M\u00e9lanie Busnel, Alice A\u00efssa, Natacha Plunkett ainsi qu\u2019Alexis Bourra dans le cadre d\u2019une exposition collective.<\/p>\n<p>\u00ab\u00a0Un espace propice \u00e0 la curiosit\u00e9\u00a0\u00bb<\/p>\n<p>De son c\u00f4t\u00e9, Youn Berder, 20 ans, est \u00e9tudiant aux Beaux-arts de Brest depuis deux ans. \u00ab\u00a0J\u2019avais envie de montrer les choses auxquelles je suis sensible ainsi que des mat\u00e9rialit\u00e9s que je touche \u00e0 l\u2019ann\u00e9e. Je suis n\u00e9 \u00e0 Douarnenez et \u00e7a me fait vraiment plaisir de pouvoir exposer mon travail ici\u00a0\u00bb, se r\u00e9jouit le jeune homme. Il consid\u00e8re avoir \u00e9t\u00e9 influenc\u00e9 par nombre d\u2019artistes mais ce qu\u2019il montre l\u00e0 ce sont \u00ab\u00a0des choses qui sont en moi mais que je n\u2019arrive pas encore \u00e0 mettre en place mais que j\u2019ai envie d\u2019assumer\u00a0\u00bb, poursuit-il, faisant du \u00ab\u00a0work in progress\u00a0\u00bb, un v\u00e9ritable \u00e9tat d\u2019esprit. Logique lorsqu\u2019on a le plus bel \u00e2ge. \u00ab\u00a0Il y a un fil conducteur dans ce que je propose. Je ramasse, je r\u00e9cup\u00e8re dehors, je glane et je m\u00e9lange ces mat\u00e9riaux avec des images qui me sont famili\u00e8res. C\u2019est un puzzle infini qui cr\u00e9e un espace propice \u00e0 la curiosit\u00e9\u00a0\u00bb, affirme-t-il.<\/p>\n<p>Pratique<\/p>\n<p class=\"note\">Galerie Miettes de Baleine. 3 rue du Centre \u00e0 Douarnenez.<\/p>\n","protected":false},"excerpt":{"rendered":"Yuna Le Braz, artiste, DJ et responsable de la galerie Miettes de Baleine, tr\u00e8s attentive \u00e0 ce qui&hellip;\n","protected":false},"author":2,"featured_media":308239,"comment_status":"","ping_status":"","sticky":false,"template":"","format":"standard","meta":{"footnotes":""},"categories":[1358],"tags":[8913,1348,1384,1385,251,1386,58,3320,59,1011,27],"class_list":{"0":"post-308238","1":"post","2":"type-post","3":"status-publish","4":"format-standard","5":"has-post-thumbnail","7":"category-arts-et-design","8":"tag-art-plastique","9":"tag-arts","10":"tag-arts-and-design","11":"tag-arts-et-design","12":"tag-culture","13":"tag-design","14":"tag-divertissement","15":"tag-douarnenez","16":"tag-entertainment","17":"tag-fr","18":"tag-france"},"share_on_mastodon":{"url":"https:\/\/pubeurope.com\/@fr\/115001206052369290","error":""},"_links":{"self":[{"href":"https:\/\/www.europesays.com\/fr\/wp-json\/wp\/v2\/posts\/308238","targetHints":{"allow":["GET"]}}],"collection":[{"href":"https:\/\/www.europesays.com\/fr\/wp-json\/wp\/v2\/posts"}],"about":[{"href":"https:\/\/www.europesays.com\/fr\/wp-json\/wp\/v2\/types\/post"}],"author":[{"embeddable":true,"href":"https:\/\/www.europesays.com\/fr\/wp-json\/wp\/v2\/users\/2"}],"replies":[{"embeddable":true,"href":"https:\/\/www.europesays.com\/fr\/wp-json\/wp\/v2\/comments?post=308238"}],"version-history":[{"count":0,"href":"https:\/\/www.europesays.com\/fr\/wp-json\/wp\/v2\/posts\/308238\/revisions"}],"wp:featuredmedia":[{"embeddable":true,"href":"https:\/\/www.europesays.com\/fr\/wp-json\/wp\/v2\/media\/308239"}],"wp:attachment":[{"href":"https:\/\/www.europesays.com\/fr\/wp-json\/wp\/v2\/media?parent=308238"}],"wp:term":[{"taxonomy":"category","embeddable":true,"href":"https:\/\/www.europesays.com\/fr\/wp-json\/wp\/v2\/categories?post=308238"},{"taxonomy":"post_tag","embeddable":true,"href":"https:\/\/www.europesays.com\/fr\/wp-json\/wp\/v2\/tags?post=308238"}],"curies":[{"name":"wp","href":"https:\/\/api.w.org\/{rel}","templated":true}]}}