{"id":308240,"date":"2025-08-09T22:38:15","date_gmt":"2025-08-09T22:38:15","guid":{"rendered":"https:\/\/www.europesays.com\/fr\/308240\/"},"modified":"2025-08-09T22:38:15","modified_gmt":"2025-08-09T22:38:15","slug":"ce-roman-acclame-depuis-le-debut-de-2025-captive-les-lecteurs-par-une-histoire-aussi-poignante-que-memorable","status":"publish","type":"post","link":"https:\/\/www.europesays.com\/fr\/308240\/","title":{"rendered":"Ce roman, acclam\u00e9 depuis le d\u00e9but de 2025, captive les lecteurs par une histoire aussi poignante que m\u00e9morable"},"content":{"rendered":"<p itemprop=\"description\">Certaines histoires de famille se<br \/>\ntransmettent sans jamais \u00eatre racont\u00e9es. Celle-ci m\u00e9ritait d\u2019\u00eatre<br \/>\n\u00e9crite.<\/p>\n<p data-start=\"456\" data-end=\"1071\">D\u00e8s sa sortie en<br \/>\n<strong>f\u00e9vrier 2025, Mon vrai<br \/>\nnom est Elisabeth, premier <a href=\"https:\/\/www.bibamagazine.fr\/culture\/livres\/coup-de-coeur-foncez-ce-roman-de-virginie-grimaldi-est-le-plus-populaire-en-ce-moment-481105.html\" target=\"_blank\" rel=\"noopener nofollow\">roman<\/a> d\u2019Ad\u00e8le Yon,<\/strong> a su<br \/>\ncaptiver <strong>plus de 70 000 lecteurs<\/strong> et d\u00e9crocher<br \/>\nplusieurs prix prestigieux comme <strong>le prix litt\u00e9raire du<br \/>\nNouvel Obs, le prix Essai France T\u00e9l\u00e9visions et le Grand Prix des<br \/>\nLectrices Elle.<\/strong> Mais ce qui fait vraiment la force de ce<br \/>\n<strong>livre<\/strong>, c\u2019est son m\u00e9lange rare <strong>d\u2019intimit\u00e9<br \/>\net d\u2019enqu\u00eate familiale.<\/strong> Sans jamais tomber dans le pathos,<br \/>\n<strong>Ad\u00e8le<\/strong> nous emm\u00e8ne \u00e0 la rencontre d\u2019une<br \/>\n<strong>femme oubli\u00e9e<\/strong>, d\u2019une <strong>histoire de famille<br \/>\nlourde de non-dits<\/strong>, le tout racont\u00e9 avec cette justesse et<br \/>\ncette sensibilit\u00e9 qui vous happent d\u00e8s les premi\u00e8res pages.<\/p>\n<p>Une histoire de famille<br \/>\nlongtemps mise sous silence<\/p>\n<p data-start=\"241\" data-end=\"1012\">Dans ce <strong>roman<\/strong>,<br \/>\non plonge dans l\u2019histoire <strong>d\u2019Elizabeth, alias<br \/>\n\u201cBetsy\u201d<\/strong>, <strong>l\u2019arri\u00e8re-grand-m\u00e8re d\u2019Ad\u00e8le Yon, n\u00e9e en<br \/>\n1916.<\/strong> Une femme qui a fini <strong>enferm\u00e9e en h\u00f4pital<br \/>\npsychiatrique<\/strong>, parce que son mari et son p\u00e8re ont d\u00e9cid\u00e9<br \/>\nque c\u2019\u00e9tait la meilleure solution\u2026 Pour eux, en tout cas. Dans la<br \/>\nfamille, <strong>Betsy,<\/strong> c\u2019\u00e9tait un peu la dame que l\u00a0\u00bbon<br \/>\n\u00e9vitait d\u2019\u00e9voquer \u2014 un fant\u00f4me un peu flippant, <strong>la<br \/>\n\u201cfolle\u201d<\/strong> dont on chuchotait \u00e0 peine le nom. Mais si on<br \/>\ns\u2019attendait \u00e0 un simple portrait d\u2019une femme malade, on se<br \/>\ntromperait. Le <strong>roman<\/strong> r\u00e9v\u00e8le une vie bien plus<br \/>\ncompliqu\u00e9e, marqu\u00e9e par des <strong>grossesses non<br \/>\nd\u00e9sir\u00e9es<\/strong>, des <strong>jugements s\u00e9v\u00e8res<\/strong>, et<br \/>\nsurtout une \u00e9poque o\u00f9 la psychiatrie servait parfois plus \u00e0<br \/>\nenfermer ce que l&rsquo;on ne voulait pas voir qu\u2019\u00e0 soigner.<\/p>\n<p data-start=\"1014\" data-end=\"1565\">Ce qui lance vraiment<br \/>\nl\u2019enqu\u00eate, c\u2019est la d\u00e9couverte d\u2019une <strong>vieille photo<br \/>\nd\u2019identit\u00e9 dans les affaires du grand-oncle d\u00e9c\u00e9d\u00e9.<\/strong> Cette<br \/>\nimage, toute simple, fait soudain surgir cette a\u00efeule que l&rsquo;on<br \/>\navait un peu laiss\u00e9e tomber dans l\u2019oubli. Ce<br \/>\n<strong>livre,<\/strong> c\u2019est donc un <a href=\"https:\/\/www.bibamagazine.fr\/lifestyle\/voyages\/des-airs-de-maldives-en-pleine-bretagne-cet-archipel-bluffe-les-voyageurs-418841.html\" target=\"_blank\" rel=\"noopener nofollow\">voyage<\/a> dans les m\u00e9andres d\u2019une<br \/>\n<strong>famille bourgeoise et catholique<\/strong> o\u00f9, comme<br \/>\n<strong>Ad\u00e8le<\/strong> le dit elle-m\u00eame, \u201crien n\u2019est jamais<br \/>\nvraiment \u00e9crit noir sur blanc\u201d \u2014 et o\u00f9 les silences, racontent<br \/>\nparfois plus que les mots. (Bref, une vraie partie de Cluedo<br \/>\nfamilial, mais sans les indices faciles.)<\/p>\n<p>Une<br \/>\nqu\u00eate intime et une vraie enqu\u00eate familiale<\/p>\n<p data-start=\"324\" data-end=\"1036\">Ce que l&rsquo;on d\u00e9couvre en<br \/>\nfiligrane dans ce <strong>roman,<\/strong> c\u2019est <strong>qu\u2019Ad\u00e8le<br \/>\nYon<\/strong> n\u2019a pas juste \u00e9crit un <strong>livre<\/strong> \u2014 elle a<br \/>\ncarr\u00e9ment men\u00e9 <strong>une enqu\u00eate<\/strong> digne d\u2019un polar<br \/>\nfamilial. <strong>En fouillant les affaires du grand-oncle, en<br \/>\n\u00e9pluchant les archives, en interrogeant ses proches<\/strong> (et en<br \/>\nmettant parfois les pieds dans le plat, faut le dire), elle a tent\u00e9<br \/>\nde comprendre ce que tout le monde savait vaguement\u2026 Sans jamais<br \/>\nvouloir vraiment l\u2019admettre. Parce que oui, tout le monde<br \/>\nconnaissait l\u2019\u00e9tiquette coll\u00e9e sur <strong>Betsy<\/strong> \u2014<br \/>\n<strong>\u00ab\u00a0schizophr\u00e8ne\u00a0\u00bb<\/strong> \u2014 mais personne n\u2019avait pris la<br \/>\npeine de creuser derri\u00e8re les mots. Pas tr\u00e8s \u00e9tonnant, dans une<br \/>\nfamille o\u00f9 les secrets sont rang\u00e9s bien au chaud entre les <a href=\"https:\/\/www.bibamagazine.fr\/lifestyle\/deco\/nappe-retro-100-mamie-4-euros-lidl-touche-stylee-table-fetes-434830.html\" target=\"_blank\" rel=\"noopener nofollow\">nappes<\/a> brod\u00e9es et les albums<br \/>\nphoto poussi\u00e9reux.<\/p>\n<p data-start=\"1038\" data-end=\"1506\">Petit \u00e0 petit,<br \/>\n<strong>Ad\u00e8le<\/strong> a donc reconstruit le puzzle. Et ce qu\u2019elle<br \/>\na d\u00e9couvert, c\u2019est une \u00e9poque pas si lointaine o\u00f9 une femme pouvait<br \/>\n\u00eatre enferm\u00e9e juste parce qu\u2019elle d\u00e9rangeait un peu trop \u2014 parce<br \/>\nqu\u2019elle n\u2019ob\u00e9issait pas, qu\u2019elle ne se pliait pas au r\u00f4le que l&rsquo;on<br \/>\nvoulait lui faire jouer (spoiler : \u00e9pouse silencieuse et m\u00e8re en<br \/>\nboucle). Ce <strong>roman<\/strong>, c\u2019est autant le portrait d\u2019une<br \/>\nfemme que le reflet d\u2019un syst\u00e8me qui n\u2019a pas laiss\u00e9 beaucoup<br \/>\nd\u2019espace aux voix dissonantes.<\/p>\n<p data-start=\"1508\" data-end=\"2078\">Et comme si cela ne suffisait<br \/>\npas, cette <strong>plong\u00e9e dans son histoire familiale<\/strong> a<br \/>\naussi nourri sa <strong>th\u00e8se de doctorat en art, soutenue en<br \/>\nd\u00e9cembre 2024.<\/strong> Ce m\u00e9lange entre vie perso, archives, et<br \/>\nm\u00e9moire collective donne un texte dense, sinc\u00e8re, et franchement<br \/>\nn\u00e9cessaire. Parce qu\u2019en vrai, qui n\u2019a pas dans sa famille un secret<br \/>\ntrop lourd, une histoire jamais racont\u00e9e ou une voix \u00e9touff\u00e9e ? Ce<br \/>\n<strong>roman<\/strong> donne juste envie de soulever le <a href=\"https:\/\/www.bibamagazine.fr\/lifestyle\/vie-quotidienne\/ce-legume-peut-etre-utilise-pour-depoussierer-vos-tapis-vous-nallez-pas-y-croire-480054.html\" target=\"_blank\" rel=\"noopener nofollow\">tapis<\/a>. (M\u00eame si on sait tr\u00e8s<br \/>\nbien que cela va secouer un peu la poussi\u00e8re.)<\/p>\n<p data-start=\"1508\" data-end=\"2078\"><img loading=\"lazy\" decoding=\"async\" itemprop=\"thumbnailUrl\" class=\"size-medium wp-image-481787 img-responsive aligncenter pinit-here\" src=\"https:\/\/www.europesays.com\/fr\/wp-content\/uploads\/2025\/08\/61rnp4blsil._uf10001000_ql80_-205x300.jpg\" alt=\"\" width=\"205\" height=\"300\" data-pin-media=\"https:\/\/www.bibamagazine.fr\/wp-content\/uploads\/biba\/2025\/08\/61rnp4blsil._uf10001000_ql80_.jpg\"\/><br \/>\n\u00a9<br \/>\nFNAC<\/p>\n","protected":false},"excerpt":{"rendered":"Certaines histoires de famille se transmettent sans jamais \u00eatre racont\u00e9es. Celle-ci m\u00e9ritait d\u2019\u00eatre \u00e9crite. D\u00e8s sa sortie en&hellip;\n","protected":false},"author":2,"featured_media":308241,"comment_status":"","ping_status":"","sticky":false,"template":"","format":"standard","meta":{"footnotes":""},"categories":[1357],"tags":[1379,58,59,1011,27,1380],"class_list":{"0":"post-308240","1":"post","2":"type-post","3":"status-publish","4":"format-standard","5":"has-post-thumbnail","7":"category-livres","8":"tag-books","9":"tag-divertissement","10":"tag-entertainment","11":"tag-fr","12":"tag-france","13":"tag-livres"},"share_on_mastodon":{"url":"https:\/\/pubeurope.com\/@fr\/115001210325329180","error":""},"_links":{"self":[{"href":"https:\/\/www.europesays.com\/fr\/wp-json\/wp\/v2\/posts\/308240","targetHints":{"allow":["GET"]}}],"collection":[{"href":"https:\/\/www.europesays.com\/fr\/wp-json\/wp\/v2\/posts"}],"about":[{"href":"https:\/\/www.europesays.com\/fr\/wp-json\/wp\/v2\/types\/post"}],"author":[{"embeddable":true,"href":"https:\/\/www.europesays.com\/fr\/wp-json\/wp\/v2\/users\/2"}],"replies":[{"embeddable":true,"href":"https:\/\/www.europesays.com\/fr\/wp-json\/wp\/v2\/comments?post=308240"}],"version-history":[{"count":0,"href":"https:\/\/www.europesays.com\/fr\/wp-json\/wp\/v2\/posts\/308240\/revisions"}],"wp:featuredmedia":[{"embeddable":true,"href":"https:\/\/www.europesays.com\/fr\/wp-json\/wp\/v2\/media\/308241"}],"wp:attachment":[{"href":"https:\/\/www.europesays.com\/fr\/wp-json\/wp\/v2\/media?parent=308240"}],"wp:term":[{"taxonomy":"category","embeddable":true,"href":"https:\/\/www.europesays.com\/fr\/wp-json\/wp\/v2\/categories?post=308240"},{"taxonomy":"post_tag","embeddable":true,"href":"https:\/\/www.europesays.com\/fr\/wp-json\/wp\/v2\/tags?post=308240"}],"curies":[{"name":"wp","href":"https:\/\/api.w.org\/{rel}","templated":true}]}}