{"id":308242,"date":"2025-08-09T22:39:10","date_gmt":"2025-08-09T22:39:10","guid":{"rendered":"https:\/\/www.europesays.com\/fr\/308242\/"},"modified":"2025-08-09T22:39:10","modified_gmt":"2025-08-09T22:39:10","slug":"tout-beau-tout-9-cyril-hanouna-devoile-les-chroniqueurs-pour-la-premiere-de-sa-nouvelle-emission-sur-w-9","status":"publish","type":"post","link":"https:\/\/www.europesays.com\/fr\/308242\/","title":{"rendered":"\u00ab\u00a0Tout beau, tout 9\u00a0\u00bb\u00a0: Cyril Hanouna d\u00e9voile les chroniqueurs pour la premi\u00e8re de sa nouvelle \u00e9mission sur W\u00a09"},"content":{"rendered":"<p class=\"paragraph text_align_left lp-f-body-02\">Six mois apr\u00e8s la <a href=\"\" rel=\"\">fin de \u00ab Touche pas \u00e0 mon poste \u00bb<\/a>, Cyril Hanouna s\u2019appr\u00eate \u00e0 faire son grand retour sur le petit \u00e9cran. Sa nouvelle \u00e9mission intitul\u00e9e <a href=\"https:\/\/www.leparisien.fr\/culture-loisirs\/tv\/cyril-hanouna-sur-w-9-on-connait-le-nom-de-sa-future-emission-12-05-2025-QD27W6DGCFGJJHM4BO4THWSO7M.php\" target=\"_self\" rel=\"nofollow noopener\">\u00ab Tout beau, tout 9 \u00bb<\/a> sera lanc\u00e9e le 2 septembre prochain \u00e0 18h45.<\/p>\n<p class=\"paragraph text_align_left lp-f-body-02\">\u00c0 l\u2019occasion de cette premi\u00e8re, l\u2019ex-animateur vedette de C8 a annonc\u00e9 dans un post sur X une partie des chroniqueurs qui seront autour de la table. \u00ab Il y aura, de s\u00fbr et certain, autour de moi d\u00e8s 18h45 : Raymond (Aabou), G\u00e9raldine (Maillet), Olivier Dartigolles, Val\u00e9rie Bena\u00efm ! Plus 5 autres personnes ! Fabien Lecoeuvre et Michel Mary seront de retour aussi ! \u00bb<\/p>\n<blockquote class=\"twitter-tweet\">\n<p lang=\"fr\" dir=\"ltr\">Les ch\u00e9ris, sur la 1ere de <a href=\"https:\/\/twitter.com\/W9?ref_src=twsrc%5Etfw\" rel=\"nofollow noopener\" target=\"_blank\">@W9<\/a>, il y aura sur et certain autour de moi d\u00e8s 18h45 : Raymond, Geraldine, Olivier Dartigolles, Val\u00e9rie Bena\u00efm! Plus 5 autres personnes ! Fabien Lecoeuvre et Michel Mary seront de retour aussi! Pour le reste de la nouveaut\u00e9 et des grands retours\ud83d\ude18<\/p>\n<p>\u2014 Cyril Hanouna (@Cyrilhanouna) <a href=\"https:\/\/twitter.com\/Cyrilhanouna\/status\/1953867281852674242?ref_src=twsrc%5Etfw\" rel=\"nofollow noopener\" target=\"_blank\">August 8, 2025<\/a><\/p><\/blockquote>\n<p class=\"paragraph text_align_left lp-f-body-02\">Selon <a href=\"https:\/\/x.com\/voici\/status\/1952388199784882197?ref_src=twsrc%5Etfw%7Ctwcamp%5Etweetembed%7Ctwterm%5E1952388199784882197%7Ctwgr%5E7d254c0ca8e96470caff7352d60d29cb2b8ad0d8%7Ctwcon%5Es1_&amp;ref_url=https%3A%2F%2Ftvmag.lefigaro.fr%2Fprogramme-tv%2Factu-tele%2Fune-dinguerie-cyril-hanouna-devoile-le-plateau-flambant-neuf-de-tout-beau-tout-fun-20250808\" target=\"_self\" rel=\"nofollow\">Voici<\/a>, Gilles Verdez devrait \u00e9galement rejoindre l\u2019\u00e9quipe. Des piliers de l\u2019\u00e9mission qui seront accompagn\u00e9s de petits nouveaux : Cyril Hanouna conclut son post en annon\u00e7ant myst\u00e9rieusement \u00ab de la nouveaut\u00e9 et des grands retours \u00bb.<\/p>\n<p>Nouveau d\u00e9part sur W 9<\/p>\n<p class=\"paragraph text_align_left lp-f-body-02\">C8, cha\u00eene du groupe Canal + dans le giron du milliardaire conservateur Vincent Bollor\u00e9, sur laquelle \u00e9tait diffus\u00e9e chaque soir l\u2019\u00e9mission \u00ab Touche pas \u00e0 mon poste ! \u00bb a cess\u00e9 d\u2019\u00e9mettre en mars <a href=\"https:\/\/www.leparisien.fr\/culture-loisirs\/tv\/larcom-confirme-lexclusion-de-c8-et-de-nrj-12-de-la-tnt-fin-fevrier-2025-12-12-2024-RD5DGLOWJJHHZEJ3XJ6I4SMR5A.php\" target=\"_self\" rel=\"nofollow noopener\">apr\u00e8s le non-renouvellement de sa fr\u00e9quence par l\u2019Arcom<\/a>.<\/p>\n<p class=\"paragraph text_align_left lp-f-body-02\">Son \u00e9viction de la TNT (t\u00e9l\u00e9vision num\u00e9rique terrestre) a \u00e9t\u00e9 largement motiv\u00e9e par les \u00ab manquements r\u00e9it\u00e9r\u00e9s \u00bb de la cha\u00eene, qui a cumul\u00e9 7,6 millions d\u2019euros d\u2019amende \u00e0 cause des d\u00e9rapages de sa vedette Cyril Hanouna.<\/p>\n<p class=\"paragraph text_align_left lp-f-body-02\"><a href=\"https:\/\/www.leparisien.fr\/culture-loisirs\/cyril-hanouna\/\" rel=\"nofollow noopener\" target=\"_blank\">Ce dernier<\/a> va rebondir \u00e0 partir de septembre <a href=\"https:\/\/www.leparisien.fr\/culture-loisirs\/tv\/tpmp-arrivee-sur-m6-fous-rires-et-reglements-de-compte-la-folle-derniere-de-cyril-hounana-sur-c8-28-02-2025-53V7D6YBKNBKLKFR4CIC2Z3TQU.php\" rel=\"nofollow noopener\" target=\"_blank\">dans le groupe M 6<\/a>, pour un talk-show en avant-soir\u00e9e sur la cha\u00eene gratuite de la TNT W 9 et une \u00e9mission sur Fun Radio l\u2019apr\u00e8s-midi.<\/p>\n<p><script async src=\"https:\/\/platform.twitter.com\/widgets.js\" charset=\"utf-8\"><\/script><\/p>\n","protected":false},"excerpt":{"rendered":"Six mois apr\u00e8s la fin de \u00ab Touche pas \u00e0 mon poste \u00bb, Cyril Hanouna s\u2019appr\u00eate \u00e0 faire&hellip;\n","protected":false},"author":2,"featured_media":308243,"comment_status":"","ping_status":"","sticky":false,"template":"","format":"standard","meta":{"footnotes":""},"categories":[1356],"tags":[872,58,59,1011,27,252,2205,1364],"class_list":{"0":"post-308242","1":"post","2":"type-post","3":"status-publish","4":"format-standard","5":"has-post-thumbnail","7":"category-television","8":"tag-culture-et-loisirs","9":"tag-divertissement","10":"tag-entertainment","11":"tag-fr","12":"tag-france","13":"tag-television","14":"tag-television-medias","15":"tag-tv"},"share_on_mastodon":{"url":"https:\/\/pubeurope.com\/@fr\/115001214560874839","error":""},"_links":{"self":[{"href":"https:\/\/www.europesays.com\/fr\/wp-json\/wp\/v2\/posts\/308242","targetHints":{"allow":["GET"]}}],"collection":[{"href":"https:\/\/www.europesays.com\/fr\/wp-json\/wp\/v2\/posts"}],"about":[{"href":"https:\/\/www.europesays.com\/fr\/wp-json\/wp\/v2\/types\/post"}],"author":[{"embeddable":true,"href":"https:\/\/www.europesays.com\/fr\/wp-json\/wp\/v2\/users\/2"}],"replies":[{"embeddable":true,"href":"https:\/\/www.europesays.com\/fr\/wp-json\/wp\/v2\/comments?post=308242"}],"version-history":[{"count":0,"href":"https:\/\/www.europesays.com\/fr\/wp-json\/wp\/v2\/posts\/308242\/revisions"}],"wp:featuredmedia":[{"embeddable":true,"href":"https:\/\/www.europesays.com\/fr\/wp-json\/wp\/v2\/media\/308243"}],"wp:attachment":[{"href":"https:\/\/www.europesays.com\/fr\/wp-json\/wp\/v2\/media?parent=308242"}],"wp:term":[{"taxonomy":"category","embeddable":true,"href":"https:\/\/www.europesays.com\/fr\/wp-json\/wp\/v2\/categories?post=308242"},{"taxonomy":"post_tag","embeddable":true,"href":"https:\/\/www.europesays.com\/fr\/wp-json\/wp\/v2\/tags?post=308242"}],"curies":[{"name":"wp","href":"https:\/\/api.w.org\/{rel}","templated":true}]}}