{"id":308246,"date":"2025-08-09T22:41:26","date_gmt":"2025-08-09T22:41:26","guid":{"rendered":"https:\/\/www.europesays.com\/fr\/308246\/"},"modified":"2025-08-09T22:41:26","modified_gmt":"2025-08-09T22:41:26","slug":"scream-ne-tue-pas-assez-de-personnages-selon-cette-actrice-tuee-dans-la-saga","status":"publish","type":"post","link":"https:\/\/www.europesays.com\/fr\/308246\/","title":{"rendered":"Scream ne tue pas assez de personnages, selon cette actrice (tu\u00e9e dans la saga)"},"content":{"rendered":"<p><strong>Pendant que <a href=\"https:\/\/www.ecranlarge.com\/films\/1485316-scream-7\" data-type=\"films\" data-id=\"796119\" rel=\"nofollow noopener\" target=\"_blank\">Scream 7<\/a> poursuit sa lente marche vers les cin\u00e9mas, une ancienne actrice de la saga a pris le micro pour adresser un reproche inattendu \u00e0 la saga : selon elle, la franchise ne fait plus assez de victimes.<\/strong><\/p>\n<p><strong>Scream 7<\/strong> a tout du cas d\u2019\u00e9cole. Nouvelle it\u00e9ration du pi\u00e8tre reboot (suite ou legacyquel, peu importe le terme) lanc\u00e9 en 2022 avec <strong><a href=\"https:\/\/www.ecranlarge.com\/films\/1177093-scream-5\" data-type=\"link\" data-id=\"https:\/\/www.ecranlarge.com\/films\/1177093-scream-5\" rel=\"nofollow noopener\" target=\"_blank\">Scream 5<\/a><\/strong>, cet \u00e9pisode a \u00e9t\u00e9 marqu\u00e9 par <a href=\"https:\/\/www.ecranlarge.com\/films\/news\/1501434-choc-viree-scream-7-melissa-barrera-reaction-polemique\" data-type=\"post\" data-id=\"906064\" rel=\"nofollow noopener\" target=\"_blank\">un v\u00e9ritable s\u00e9isme avec le renvoi de Melissa Barrera<\/a>, brutalement remerci\u00e9e par Spyglass apr\u00e8s avoir exprim\u00e9 son soutien au peuple palestinien sur les r\u00e9seaux sociaux. Une d\u00e9cision controvers\u00e9e qui a pouss\u00e9 Jenna Ortega, sa s\u0153ur \u00e0 l\u2019\u00e9cran, \u00e0 quitter le projet en signe de protestation.<\/p>\n<p>Et c\u00f4t\u00e9 r\u00e9alisation, ce n\u2019est pas beaucoup mieux, puisqu\u2019apr\u00e8s le d\u00e9part en ao\u00fbt 2023 de Christopher Landon, initialement choisi pour succ\u00e9der \u00e0 Matt Bettinelli-Olpin et Tyler Gillett (r\u00e9alisateurs des deux pr\u00e9c\u00e9dents films), c\u2019est finalement Kevin Williamson qui a repris les r\u00eanes de ce septi\u00e8me volet. <\/p>\n<p>                    <img decoding=\"async\" alt=\"\" class=\"wp-image-518375\" style=\"object-fit:cover;width:25px;height:25px\" src=\"https:\/\/www.ecranlarge.com\/content\/uploads\/2023\/09\/arrow-right-circle.svg\"\/><\/p>\n<p>Mais au-del\u00e0 de ce tumulte en coulisses, certains remettent aussi en cause le fait que la saga aurait un peu perdu son go\u00fbt du carnage. Alors que <strong>Scream <\/strong>semblait autrefois mettre en danger tous les personnages qui apparaissaient \u00e0 l\u2019\u00e9cran, et que personne n\u2019\u00e9tait \u00e0 l\u2019abri, ce sens du danger se serait \u00e9mouss\u00e9. <strong><a href=\"https:\/\/www.ecranlarge.com\/personnalite\/731452-alison-brie\" data-type=\"people\" data-id=\"373893\" rel=\"nofollow noopener\" target=\"_blank\">Alison Brie<\/a> (Rebecca Walters dans <a href=\"https:\/\/www.ecranlarge.com\/films\/854934-scream-4\" data-type=\"films\" data-id=\"670237\" rel=\"nofollow noopener\" target=\"_blank\">Scream 4<\/a>), venue d\u00e9fendre son nouveau film d\u2019horreur <a href=\"https:\/\/www.ecranlarge.com\/films\/together\" data-type=\"films\" data-id=\"1298315\" rel=\"nofollow noopener\" target=\"_blank\">Together<\/a>, n\u2019a pas cach\u00e9 son l\u00e9ger d\u00e9pit \u00e0 l\u2019\u00e9gard de la saga.<\/strong><\/p>\n<p>Ice Scream<\/p>\n<p>Alors qu\u2019elle \u00e9tait invit\u00e9e sur le plateau du podcast Shut Up Evan avec son \u00e9poux et partenaire \u00e0 l\u2019\u00e9cran Dave Franco, Alison Brie a lucidement point\u00e9 ce qu\u2019elle consid\u00e8re \u00eatre un affaiblissement dans l\u2019approche de <strong>Scream<\/strong>. \u00c0 ses yeux, la franchise ne semble plus disposer de la tension dramatique li\u00e9e aux morts subites de ses personnages.<\/p>\n<blockquote class=\"wp-block-quote is-layout-flow wp-block-quote-is-layout-flow\">\n<p><strong>\u00ab Il y a trop de personnages qui survivent. [\u2026] Le Core Four (les quatre personnages) principaux doivent mourir !. Il ne devrait plus rester que deux des quatre personnages principaux dans Scream 7. \u00bb<\/strong><\/p>\n<\/blockquote>\n<p>Le \u00ab\u00a0Core Four\u00a0\u00bb qu\u2019\u00e9voque Alison Brie \u00e9tant le groupe de survivants form\u00e9 par les s\u0153urs Carpenter (Samantha et Tara) et les jumeaux Meeks-Martin (Chad et Mindy).<\/p>\n<p><img loading=\"lazy\" decoding=\"async\" width=\"1000\" height=\"667\" alt=\"\" src=\"https:\/\/www.europesays.com\/fr\/wp-content\/uploads\/2025\/08\/s6-promotional-7.jpg\"  \/><\/p>\n<p>Le Core Four en actionLe retour des morts vivants<\/p>\n<p>De son c\u00f4t\u00e9, Dave Franco a soulign\u00e9 qu\u2019avec les changements des r\u00e8gles \u00e9tablies dans les premiers <strong>Scream<\/strong>, qui ont \u00e9t\u00e9 ensuite dynamit\u00e9es par le reboot de 2022, <strong>m\u00eame les personnages morts pourraient bien revenir dans la saga<\/strong>. Chose qu\u2019il aimerait voir appliquer au personnage de Rebecca Walters, incarn\u00e9 par Alison Brie. <\/p>\n<blockquote class=\"wp-block-quote is-layout-flow wp-block-quote-is-layout-flow\">\n<p><strong>\u00ab Je pense qu\u2019avec les nouvelles r\u00e8gles de Scream, m\u00eame si elle meurt de mani\u00e8re brutale, nous pourrions la ramener \u00e0 la vie. \u00bb<\/strong><\/p>\n<\/blockquote>\n<p>Ce \u00e0 quoi Brie a r\u00e9pondu non sans humour.<\/p>\n<blockquote class=\"wp-block-quote is-layout-flow wp-block-quote-is-layout-flow\">\n<p><strong>\u00ab Ouais ! O\u00f9 est mon r\u00f4le dans Scream 7 ? \u00bb<\/strong><\/p>\n<\/blockquote>\n<p><a href=\"https:\/\/www.ecranlarge.com\/content\/uploads\/2025\/08\/xuh2jfzkjhstjzxf6rwrer.jpg\" rel=\"nofollow noopener\" target=\"_blank\"><\/p>\n<p><img loading=\"lazy\" decoding=\"async\" alt=\"\" src=\"https:\/\/www.europesays.com\/fr\/wp-content\/uploads\/2025\/08\/xuh2jfzkjhstjzxf6rwrer-1260x709.jpg\" width=\"1260\" height=\"709\"  \/><\/p>\n<p><\/a>En n\u00e9gociation pour revenir dans Scream<\/p>\n<p>Dave Franco a \u00e9galement rappel\u00e9 que Dewey (David Arquette), l\u2019un des personnages principaux de la saga, trouvait la mort dans le Scream de 2022, assassin\u00e9 par Ghostface. De son c\u00f4t\u00e9, Brie a qualifi\u00e9 cette disparition d\u2019 \u00ab erreur \u00bb et elle consid\u00e8re qu\u2019il aurait fallu \u00ab garder le trio principal \u00bb, en r\u00e9f\u00e9rence \u00e0 Dewey, Sidney (Prescott, incarn\u00e9 par Neve Campbell) et Gale Weathers (interpr\u00e9t\u00e9e par Courteney Cox), piliers historiques de la franchise depuis le premier opus.<\/p>\n<p>Mais, oh surprise, David Arquette sera bel et bien de retour dans <strong>Scream 7<\/strong>, comme quoi, comme l\u2019expliquait Dave Franco, la franchise fait d\u00e9sormais ce qu\u2019elle veut des r\u00e8gles (et des r\u00e8gles de bon sens surtout). D\u2019ailleurs, <strong>il ne sera pas le seul ressuscit\u00e9, p<\/strong>uisque Scott Foley (Ghostface dans<strong> Scream 3<\/strong>) et Matthew Lillard (Stuart Macher, l\u2019un des tueurs dans le premier film) seront aussi de retour. <\/p>\n<p><strong>Scream 7, le grand bal du retour des morts et enterr\u00e9s, sortira dans les salles fran\u00e7aises le 25 f\u00e9vrier 2026.<\/strong><\/p>\n","protected":false},"excerpt":{"rendered":"Pendant que Scream 7 poursuit sa lente marche vers les cin\u00e9mas, une ancienne actrice de la saga a&hellip;\n","protected":false},"author":2,"featured_media":308247,"comment_status":"","ping_status":"","sticky":false,"template":"","format":"standard","meta":{"footnotes":""},"categories":[1354],"tags":[58,59,1346,1011,27,1360],"class_list":{"0":"post-308246","1":"post","2":"type-post","3":"status-publish","4":"format-standard","5":"has-post-thumbnail","7":"category-films","8":"tag-divertissement","9":"tag-entertainment","10":"tag-films","11":"tag-fr","12":"tag-france","13":"tag-movies"},"share_on_mastodon":{"url":"https:\/\/pubeurope.com\/@fr\/115001221751501120","error":""},"_links":{"self":[{"href":"https:\/\/www.europesays.com\/fr\/wp-json\/wp\/v2\/posts\/308246","targetHints":{"allow":["GET"]}}],"collection":[{"href":"https:\/\/www.europesays.com\/fr\/wp-json\/wp\/v2\/posts"}],"about":[{"href":"https:\/\/www.europesays.com\/fr\/wp-json\/wp\/v2\/types\/post"}],"author":[{"embeddable":true,"href":"https:\/\/www.europesays.com\/fr\/wp-json\/wp\/v2\/users\/2"}],"replies":[{"embeddable":true,"href":"https:\/\/www.europesays.com\/fr\/wp-json\/wp\/v2\/comments?post=308246"}],"version-history":[{"count":0,"href":"https:\/\/www.europesays.com\/fr\/wp-json\/wp\/v2\/posts\/308246\/revisions"}],"wp:featuredmedia":[{"embeddable":true,"href":"https:\/\/www.europesays.com\/fr\/wp-json\/wp\/v2\/media\/308247"}],"wp:attachment":[{"href":"https:\/\/www.europesays.com\/fr\/wp-json\/wp\/v2\/media?parent=308246"}],"wp:term":[{"taxonomy":"category","embeddable":true,"href":"https:\/\/www.europesays.com\/fr\/wp-json\/wp\/v2\/categories?post=308246"},{"taxonomy":"post_tag","embeddable":true,"href":"https:\/\/www.europesays.com\/fr\/wp-json\/wp\/v2\/tags?post=308246"}],"curies":[{"name":"wp","href":"https:\/\/api.w.org\/{rel}","templated":true}]}}