{"id":308250,"date":"2025-08-09T22:44:11","date_gmt":"2025-08-09T22:44:11","guid":{"rendered":"https:\/\/www.europesays.com\/fr\/308250\/"},"modified":"2025-08-09T22:44:11","modified_gmt":"2025-08-09T22:44:11","slug":"pourquoi-angelique-angarni-filopon-a-t-elle-ete-absente-plus-de-30-minutes","status":"publish","type":"post","link":"https:\/\/www.europesays.com\/fr\/308250\/","title":{"rendered":"pourquoi Ang\u00e9lique Angarni-Filopon a-t-elle \u00e9t\u00e9 absente plus de 30 minutes ?"},"content":{"rendered":"<p>La Miss France 2025 a pris part \u00e0 deux \u00e9preuves du jeu de France 2 avant de s\u2019absenter un long moment. Contact\u00e9e, la production nous assure que la Martiniquaise ne s\u2019est pas bless\u00e9e.<\/p>\n<p class=\"fig-paragraph\">C\u2019est presque un passage oblig\u00e9. Depuis 1998, les\u00a0<a href=\"https:\/\/www.lefigaro.fr\/tag\/miss-france\" target=\"_blank\" rel=\"noopener\" data-gtm-custom-categorie=\"navigation\" data-gtm-custom-action=\"crossclick\" data-gtm-custom-label=\"Contextuel\" data-gtm-event=\"customEventSPE\"><strong>Miss France<\/strong><\/a> \u00a0participent \u00e0\u00a0<a href=\"https:\/\/www.lefigaro.fr\/tag\/fort-boyard\" target=\"_blank\" rel=\"noopener\" data-gtm-custom-categorie=\"navigation\" data-gtm-custom-action=\"crossclick\" data-gtm-custom-label=\"Contextuel\" data-gtm-event=\"customEventSPE\"><strong>\u00abFort Boyard\u00bb<\/strong><\/a> \u00a0au cours de leur r\u00e8gne. Comme ses pr\u00e9d\u00e9cesseures,\u00a0<a href=\"https:\/\/www.lefigaro.fr\/tag\/angelique-angarni-filopon\" target=\"_blank\" rel=\"noopener\" data-gtm-custom-categorie=\"navigation\" data-gtm-custom-action=\"crossclick\" data-gtm-custom-label=\"Contextuel\" data-gtm-event=\"customEventSPE\"><strong>Ang\u00e9lique Angarni-Filopon<\/strong><\/a> \u00a0n\u2019a pas d\u00e9rog\u00e9 \u00e0 la r\u00e8gle. Pour sa premi\u00e8re venue dans la c\u00e9l\u00e8bre forteresse maritime situ\u00e9e entre l\u2019\u00eele d\u2019Aix et l\u2019\u00eele d\u2019Ol\u00e9ron (Charente-Maritime), la Martiniquaise de 34 ans a pu compter sur l\u2019exp\u00e9rience du chef\u00a0<a href=\"https:\/\/www.lefigaro.fr\/tag\/philippe-etchebest\" target=\"_blank\" rel=\"noopener\" data-gtm-custom-categorie=\"navigation\" data-gtm-custom-action=\"crossclick\" data-gtm-custom-label=\"Contextuel\" data-gtm-event=\"customEventSPE\">Philippe Etchebest<\/a>\u00a0et de l\u2019ancienne patronne du concours de beaut\u00e9\u00a0<a href=\"https:\/\/www.lefigaro.fr\/tag\/sylvie-tellier\" target=\"_blank\" rel=\"noopener\" data-gtm-custom-categorie=\"navigation\" data-gtm-custom-action=\"crossclick\" data-gtm-custom-label=\"Contextuel\" data-gtm-event=\"customEventSPE\">Sylvie Tellier<\/a>\u00a0dont c\u2019\u00e9tait respectivement la 8e et la 11e participation. L\u2019humoriste Monsieur Poulpe, le com\u00e9dien Paul Scarfoglio et le cr\u00e9ateur de contenus LeBouseuh compl\u00e9taient l\u2019\u00e9quipe qui jouait au profit de Pompiers Solidaires.<\/p>\n<p class=\"fig-paragraph\">\u00abJ\u2019ai h\u00e2te, je sais que \u00e7a va \u00eatre incroyable.\u00bb Au moment de d\u00e9couvrir le jeu de France 2, la Miss France n\u2019a pas cach\u00e9 son impatience. Ni sa d\u00e9termination\u00a0: \u00abEt je vais tout donner pour aller chercher cette fameuse cl\u00e9\u00bb. Sauf que son aventure ne s\u2019est pas pass\u00e9e comment elle l\u2019avait imagin\u00e9e.<\/p>\n<p class=\"fig-body-link\">\n            \u00c0 lire aussi<br \/>\n        <a class=\"fig-body-link__link fig-premium-mark\" href=\"http:\/\/tvmag.lefigaro.fr\/programme-tv\/actu-tele\/fort-boyard-les-secrets-d-un-monument-de-la-television-francaise-20230706\" target=\"_blank\" data-fig-type=\"Article\" rel=\"noopener\" data-gtm-custom-categorie=\"navigation\" data-gtm-custom-action=\"crossclick\" data-gtm-custom-label=\"Contextuel\" data-gtm-event=\"customEventSPE\" data-fig-domain=\"TVMAG\">\u00abFort Boyard\u00bb\u00a0: les secrets d&rsquo;un monument de la t\u00e9l\u00e9vision fran\u00e7aise<br \/>\n    <\/a>\n<\/p>\n<p>                                    <a class=\"fig-a11y-skip a11y-hidden\" href=\"#fig-a11y-skip-main-inarticle\"><br \/>\n        Passer la publicit\u00e9<br \/>\n    <\/a><\/p>\n<p class=\"fig-paragraph\">Pour sa premi\u00e8re \u00e9preuve, la production a choisi d\u2019opposer Ang\u00e9lique Angarni-Filopon \u00e0 Lady Boo au combat dans la boue. Une exp\u00e9rience qui ne l\u2019a pas forc\u00e9ment r\u00e9joui. \u00abMais vous n\u2019aimiez pas mon maquillage\u00a0?\u00bb, a-t-elle alors demand\u00e9 \u00e0\u00a0<a href=\"https:\/\/www.lefigaro.fr\/tag\/olivier-minne\" target=\"_blank\" rel=\"noopener\" data-gtm-custom-categorie=\"navigation\" data-gtm-custom-action=\"crossclick\" data-gtm-custom-label=\"Contextuel\" data-gtm-event=\"customEventSPE\">Olivier Minne<\/a>\u00a0qui s\u2019est empress\u00e9 de rappeler que cette \u00e9preuve est \u00abune grande histoire d\u2019amour\u00bb avec les Miss France. La reine de beaut\u00e9, visiblement soucieuse de son apparence physique, a d\u00fb se s\u00e9parer de son \u00e9charpe mais a eu droit \u00e0 un casque. \u00abUn petit prot\u00e8ge cheveux\u00bb, a soulign\u00e9 l\u2019animateur. Face au 1,83 m de la Miss France, Lady Boo n\u2019a pas fait le poids et c\u2019est fi\u00e8rement qu\u2019Ang\u00e9lique Angarni-Filopon a brandi la premi\u00e8re cl\u00e9 remport\u00e9e par son \u00e9quipe.<\/p>\n<p class=\"fig-paragraph\">L\u2019aventure de la Miss France s\u2019est poursuivie dans la laverie automatique en duo avec LeBouseuh. \u00abC\u2019est pour me laver apr\u00e8s la boue\u00bb, a-t-elle fait remarquer. Avant de p\u00e9n\u00e9trer dans la cellule, Philippe Etchebest leur a prodigu\u00e9 deux pr\u00e9cieux conseils\u00a0: regarder droit devant eux et compter leur pas. Mais une fois le tambour rempli de mousse, les chutes se sont r\u00e9p\u00e9t\u00e9es et c\u2019est une Miss France \u00e9reint\u00e9e qui est sortie de l\u2019\u00e9preuve. \u00c0 en croire les images, on en vient m\u00eame \u00e0 se demander si elle ne s\u2019est pas bless\u00e9e.<\/p>\n<blockquote class=\"fig-quote&#10;    \">\n<p class=\"fig-quote__text\">\u00ab Ang\u00e9lique a gliss\u00e9 et elle a eu peur de s\u2019\u00eatre fait mal\u00a0\u00bb<\/p>\n<p>            Guillaume Ramain, producteur artistique de \u00abFort Boyard\u00bb\n    <\/p><\/blockquote>\n<p class=\"fig-paragraph\">Car si LeBouseuh est rapidement revenu dans le jeu, s\u00e9ch\u00e9 et chang\u00e9, l\u2019absence d\u2019Ang\u00e9lique Angarni-Filopon s\u2019est prolong\u00e9e. En effet, c\u2019est plus de 30 minutes apr\u00e8s que la Miss France a finalement r\u00e9int\u00e9gr\u00e9 son \u00e9quipe au d\u00e9but des aventures. \u00abLa derni\u00e8re fois qu\u2019on t\u2019a vue, tu \u00e9tais pleine de mousse et tu reviens belle comme au premier jour\u00bb, l\u2019a accueillie Olivier Minne. \u00abJ\u2019ai mis un peu de temps alors veuillez m\u2019excuser\u00bb, a reconnu la reine de beaut\u00e9. \u00abC\u2019est le moins que l\u2019on puisse dire\u00bb, a conc\u00e9d\u00e9 l\u2019animateur avant de reprendre le cours du jeu.<\/p>\n<p class=\"fig-paragraph\">Pour en savoir plus, nous avons contact\u00e9 la production de \u00abFort Boyard\u00bb qui a assur\u00e9 qu\u2019Ang\u00e9lique Angarni-Filopon ne s\u2019est pas bless\u00e9e. \u00abIl ne s\u2019est pas pass\u00e9 grand-chose. En sortant du tambour de la laverie automatique, Ang\u00e9lique a gliss\u00e9 et elle a eu peur de s\u2019\u00eatre fait mal donc elle est pass\u00e9e \u00e0 l\u2019infirmerie pour v\u00e9rifier avec le m\u00e9decin que tout allait bien. Et elle n\u2019avait rien du tout, c\u2019est pour \u00e7a qu\u2019elle a r\u00e9int\u00e9gr\u00e9 le jeu. Il y a eu plus de peur que de mal\u00bb, nous a r\u00e9pondu Guillaume Ramain, producteur artistique du jeu de France 2.<\/p>\n<p class=\"fig-body-link\">\n            \u00c0 lire aussi<br \/>\n        <a class=\"fig-body-link__link\" href=\"http:\/\/tvmag.lefigaro.fr\/programme-tv\/actu-tele\/je-ne-l-oublierai-jamais-les-premiers-mots-d-adieu-d-olivier-minne-a-fort-boyard-20250705\" target=\"_blank\" data-fig-type=\"Article\" rel=\"noopener\" data-gtm-custom-categorie=\"navigation\" data-gtm-custom-action=\"crossclick\" data-gtm-custom-label=\"Contextuel\" data-gtm-event=\"customEventSPE\" data-fig-domain=\"TVMAG\">\u00abJe ne l\u2019oublierai jamais\u00bb\u00a0: les premiers mots d\u2019adieu d\u2019Olivier Minne \u00e0 \u00abFort Boyard\u00bb<br \/>\n    <\/a>\n<\/p>\n<p class=\"fig-paragraph\">Quand la Martiniquaise a eu le feu vert du m\u00e9decin pour reprendre le tournage, il lui a fallu repasser entre les mains de la maquilleuse. \u00abC\u2019est une Miss France, il lui faut forc\u00e9ment plus de temps pour se pr\u00e9parer que LeBouseuh\u00bb, a soulign\u00e9 Guillaume Ramain. \u00abAu total, elle a rat\u00e9 \u00e0 peine une heure de tournage\u00bb, a-t-il ajout\u00e9.<\/p>\n<p>                                    <a class=\"fig-a11y-skip a11y-hidden\" href=\"#fig-a11y-skip-main-inarticle_mtf\"><br \/>\n        Passer la publicit\u00e9<br \/>\n    <\/a><\/p>\n<p class=\"fig-paragraph\">Mais alors pourquoi la production n\u2019a tout simplement pas arr\u00eat\u00e9 le tournage\u00a0? \u00abOn veut garder une logique de semi-direct donc on continue \u00e0 tout encha\u00eener. Quand des candidats doivent se changer apr\u00e8s une \u00e9preuve salissante ou parce qu\u2019ils ont besoin de faire une pause s\u2019ils ne se sentent pas bien, on n\u2019arr\u00eate pas le tournage et ils r\u00e9int\u00e8grent le jeu quand ils sont pr\u00eats. Le principal c\u2019est qu\u2019ils soient au mieux de leur forme et que tout se passe bien. La sant\u00e9 et la s\u00e9curit\u00e9 des candidas passent avec tout\u00bb, a conclu le producteur.<\/p>\n","protected":false},"excerpt":{"rendered":"La Miss France 2025 a pris part \u00e0 deux \u00e9preuves du jeu de France 2 avant de s\u2019absenter&hellip;\n","protected":false},"author":2,"featured_media":308251,"comment_status":"","ping_status":"","sticky":false,"template":"","format":"standard","meta":{"footnotes":""},"categories":[8],"tags":[43364,58,59,15745,1011,27,594,3034],"class_list":{"0":"post-308250","1":"post","2":"type-post","3":"status-publish","4":"format-standard","5":"has-post-thumbnail","7":"category-divertissement","8":"tag-angelique-angarni-filopon","9":"tag-divertissement","10":"tag-entertainment","11":"tag-fort-boyard","12":"tag-fr","13":"tag-france","14":"tag-france-2","15":"tag-miss-france"},"share_on_mastodon":{"url":"https:\/\/pubeurope.com\/@fr\/115001233486758865","error":""},"_links":{"self":[{"href":"https:\/\/www.europesays.com\/fr\/wp-json\/wp\/v2\/posts\/308250","targetHints":{"allow":["GET"]}}],"collection":[{"href":"https:\/\/www.europesays.com\/fr\/wp-json\/wp\/v2\/posts"}],"about":[{"href":"https:\/\/www.europesays.com\/fr\/wp-json\/wp\/v2\/types\/post"}],"author":[{"embeddable":true,"href":"https:\/\/www.europesays.com\/fr\/wp-json\/wp\/v2\/users\/2"}],"replies":[{"embeddable":true,"href":"https:\/\/www.europesays.com\/fr\/wp-json\/wp\/v2\/comments?post=308250"}],"version-history":[{"count":0,"href":"https:\/\/www.europesays.com\/fr\/wp-json\/wp\/v2\/posts\/308250\/revisions"}],"wp:featuredmedia":[{"embeddable":true,"href":"https:\/\/www.europesays.com\/fr\/wp-json\/wp\/v2\/media\/308251"}],"wp:attachment":[{"href":"https:\/\/www.europesays.com\/fr\/wp-json\/wp\/v2\/media?parent=308250"}],"wp:term":[{"taxonomy":"category","embeddable":true,"href":"https:\/\/www.europesays.com\/fr\/wp-json\/wp\/v2\/categories?post=308250"},{"taxonomy":"post_tag","embeddable":true,"href":"https:\/\/www.europesays.com\/fr\/wp-json\/wp\/v2\/tags?post=308250"}],"curies":[{"name":"wp","href":"https:\/\/api.w.org\/{rel}","templated":true}]}}