{"id":308257,"date":"2025-08-09T22:48:17","date_gmt":"2025-08-09T22:48:17","guid":{"rendered":"https:\/\/www.europesays.com\/fr\/308257\/"},"modified":"2025-08-09T22:48:17","modified_gmt":"2025-08-09T22:48:17","slug":"plusieurs-foyers-prives-de-courant","status":"publish","type":"post","link":"https:\/\/www.europesays.com\/fr\/308257\/","title":{"rendered":"plusieurs foyers priv\u00e9s de courant"},"content":{"rendered":"<p>Samedi 9 ao\u00fbt au soir, vers 19h30, des cigognes, en pause sur un pyl\u00f4ne \u00e9lectrique \u00e0 Saint-Marcel-l\u00e8s-Sauzet au nord de Mont\u00e9limar, dans la Dr\u00f4me, ont provoqu\u00e9 un arc \u00e9lectrique lors de leur envol. Les oiseaux, \u00e9lectrocut\u00e9s, n\u2019ont malheureusement pas surv\u00e9cu, et, en chutant, ont mis le feu \u00e0 la v\u00e9g\u00e9tation.<\/p>\n<p>Ce contenu est bloqu\u00e9 car vous n&rsquo;avez pas accept\u00e9 les cookies et autres traceurs.<\/p>\n<p>En cliquant sur \u00ab J\u2019accepte \u00bb, les cookies et autres traceurs seront d\u00e9pos\u00e9s et vous pourrez visualiser les contenus  (<a href=\"\" class=\"consentModule_policy\" target=\"_blank\" title=\"Consulter la politique de protection des donn\u00e9es du fournisseur\">plus d&rsquo;informations<\/a>).<\/p>\n<p>En cliquant sur \u00ab J\u2019accepte tous les cookies \u00bb, vous autorisez des d\u00e9p\u00f4ts de cookies et autres traceurs pour le stockage de vos donn\u00e9es sur nos sites et applications \u00e0 des fins de personnalisation et de ciblage publicitaire.<\/p>\n<p class=\"consentModule_secondaryText\">Vous gardez la possibilit\u00e9 de retirer votre consentement \u00e0 tout moment en consultant notre <a href=\"https:\/\/www.ledauphine.com\/protection-des-donnees\" target=\"_blank\" title=\"Consulter notre politique de protection des donn\u00e9es\" rel=\"noopener\">politique de protection des donn\u00e9es<\/a>. <br \/>&#13;<br \/>\n            <a href=\"https:\/\/www.ledauphine.com\/faits-divers-justice\/2025\/08\/09\/javascript:Didomi.notice.show()\" class=\"consentModule_cmp\" target=\"_blank\" rel=\"noopener\">G\u00e9rer mes choix<\/a>&#13;\n        <\/p>\n<p>&#13;<br \/>\n                        J&rsquo;accepte&#13;<br \/>\n            J&rsquo;accepte tous les cookies&#13;\n        <\/p>\n<p>Les sapeurs-pompiers, qui ont re\u00e7u de nombreux appels d\u2019automobilistes de passage sur l\u2019autoroute A7 constatant de la fum\u00e9e, ont rapidement ma\u00eetris\u00e9 le sinistre. Plusieurs foyers sont priv\u00e9s d\u2019\u00e9lectricit\u00e9 sur ce secteur.<\/p>\n","protected":false},"excerpt":{"rendered":"Samedi 9 ao\u00fbt au soir, vers 19h30, des cigognes, en pause sur un pyl\u00f4ne \u00e9lectrique \u00e0 Saint-Marcel-l\u00e8s-Sauzet au&hellip;\n","protected":false},"author":2,"featured_media":308258,"comment_status":"","ping_status":"","sticky":false,"template":"","format":"standard","meta":{"footnotes":""},"categories":[4],"tags":[11,2730,6436,274,107,1011,27,12,25,44836],"class_list":{"0":"post-308257","1":"post","2":"type-post","3":"status-publish","4":"format-standard","5":"has-post-thumbnail","7":"category-france","8":"tag-actualites","9":"tag-drome","10":"tag-edition-montelimar-drome-provencale","11":"tag-faits-divers-justice","12":"tag-fil-info","13":"tag-fr","14":"tag-france","15":"tag-news","16":"tag-republique-francaise","17":"tag-saint-marcel-les-sauzet"},"share_on_mastodon":{"url":"https:\/\/pubeurope.com\/@fr\/115001249312659880","error":""},"_links":{"self":[{"href":"https:\/\/www.europesays.com\/fr\/wp-json\/wp\/v2\/posts\/308257","targetHints":{"allow":["GET"]}}],"collection":[{"href":"https:\/\/www.europesays.com\/fr\/wp-json\/wp\/v2\/posts"}],"about":[{"href":"https:\/\/www.europesays.com\/fr\/wp-json\/wp\/v2\/types\/post"}],"author":[{"embeddable":true,"href":"https:\/\/www.europesays.com\/fr\/wp-json\/wp\/v2\/users\/2"}],"replies":[{"embeddable":true,"href":"https:\/\/www.europesays.com\/fr\/wp-json\/wp\/v2\/comments?post=308257"}],"version-history":[{"count":0,"href":"https:\/\/www.europesays.com\/fr\/wp-json\/wp\/v2\/posts\/308257\/revisions"}],"wp:featuredmedia":[{"embeddable":true,"href":"https:\/\/www.europesays.com\/fr\/wp-json\/wp\/v2\/media\/308258"}],"wp:attachment":[{"href":"https:\/\/www.europesays.com\/fr\/wp-json\/wp\/v2\/media?parent=308257"}],"wp:term":[{"taxonomy":"category","embeddable":true,"href":"https:\/\/www.europesays.com\/fr\/wp-json\/wp\/v2\/categories?post=308257"},{"taxonomy":"post_tag","embeddable":true,"href":"https:\/\/www.europesays.com\/fr\/wp-json\/wp\/v2\/tags?post=308257"}],"curies":[{"name":"wp","href":"https:\/\/api.w.org\/{rel}","templated":true}]}}