{"id":308267,"date":"2025-08-09T22:57:30","date_gmt":"2025-08-09T22:57:30","guid":{"rendered":"https:\/\/www.europesays.com\/fr\/308267\/"},"modified":"2025-08-09T22:57:30","modified_gmt":"2025-08-09T22:57:30","slug":"le-club-voudrait-soffrir-un-grand-talent-francais-pour-lapres-serin","status":"publish","type":"post","link":"https:\/\/www.europesays.com\/fr\/308267\/","title":{"rendered":"le club voudrait s\u2019offrir un grand talent fran\u00e7ais pour l\u2019apr\u00e8s Serin !"},"content":{"rendered":"<p>Les n\u00e9gociations commencent d\u00e9j\u00e0 en coulisses. A l\u2019issue de la saison, de nombreux talents du Top 14 voient leur contrat prendre fin avec leur club. Alors forc\u00e9ment, les courtisans sont \u00e0 l\u2019aff\u00fbt pour les r\u00e9cup\u00e9rer. C\u2019est notamment le cas de Baptiste Jauneau. L\u2019international fran\u00e7ais est en pleine r\u00e9flexion sur son avenir alors que Clermont peine \u00e0 retrouver les sommets ces derni\u00e8res ann\u00e9es.<\/p>\n<p>Toulon fonce sur Jauneau<\/p>\n<p>D\u00e9j\u00e0 dans le viseur de l\u2019UBB ou de Pau, Jauneau serait \u00e9galement courtis\u00e9 par le RCT. Selon les informations de <a href=\"https:\/\/www.rugbyrama.fr\/2025\/08\/08\/info-midol-transferts-top-14-toulon-a-loffensive-sur-baptiste-jauneau-12867501.php\" rel=\"nofollow noopener\" target=\"_blank\">Rugbyrama<\/a>, Toulon aurait transmis une importante offre pour attirer le jeune demi de m\u00eal\u00e9e. Elle d\u00e9fierait m\u00eame \u00ab\u00a0toute concurrence\u00a0\u00bb selon le journal, qui assure que les Varois voudraient en faire leur num\u00e9ro 1 et prendre la succession de Baptiste Serin. Ce dernier est lui aussi en fin de contrat, bien qu\u2019il dispose d\u2019une option d\u2019une ann\u00e9e suppl\u00e9mentaire. Affaire \u00e0 suivre.<\/p>\n<p>Partagez cette info avec vos amis et vos proches en cliquant ici<br \/>Pour r\u00e9sumer<\/p>\n<p>Le Rugby Club Toulonnais aurait transmis une importante offre \u00e0 un jeune talent du Top 14 qui arrive en fin de contrat avec son club \u00e0 l\u2019issue de la saison. Les Varois seraient int\u00e9ress\u00e9s par la venue de Baptiste Jauneau.<\/p>\n<p> <img decoding=\"async\" width=\"76\" height=\"76\" loading=\"lazy\" src=\"https:\/\/www.europesays.com\/fr\/wp-content\/uploads\/2025\/04\/avatar-quinze.png\" alt=\"Arnaud D\u00e9chelotte\"\/><\/p>\n","protected":false},"excerpt":{"rendered":"Les n\u00e9gociations commencent d\u00e9j\u00e0 en coulisses. A l\u2019issue de la saison, de nombreux talents du Top 14 voient&hellip;\n","protected":false},"author":2,"featured_media":308268,"comment_status":"","ping_status":"","sticky":false,"template":"","format":"standard","meta":{"footnotes":""},"categories":[9619],"tags":[1111,11,1777,674,1011,27,12,882,25,2310],"class_list":{"0":"post-308267","1":"post","2":"type-post","3":"status-publish","4":"format-standard","5":"has-post-thumbnail","7":"category-toulon","8":"tag-actu","9":"tag-actualites","10":"tag-eu","11":"tag-europe","12":"tag-fr","13":"tag-france","14":"tag-news","15":"tag-provence-alpes-cote-dazur","16":"tag-republique-francaise","17":"tag-toulon"},"share_on_mastodon":{"url":"https:\/\/pubeurope.com\/@fr\/115001284813684914","error":""},"_links":{"self":[{"href":"https:\/\/www.europesays.com\/fr\/wp-json\/wp\/v2\/posts\/308267","targetHints":{"allow":["GET"]}}],"collection":[{"href":"https:\/\/www.europesays.com\/fr\/wp-json\/wp\/v2\/posts"}],"about":[{"href":"https:\/\/www.europesays.com\/fr\/wp-json\/wp\/v2\/types\/post"}],"author":[{"embeddable":true,"href":"https:\/\/www.europesays.com\/fr\/wp-json\/wp\/v2\/users\/2"}],"replies":[{"embeddable":true,"href":"https:\/\/www.europesays.com\/fr\/wp-json\/wp\/v2\/comments?post=308267"}],"version-history":[{"count":0,"href":"https:\/\/www.europesays.com\/fr\/wp-json\/wp\/v2\/posts\/308267\/revisions"}],"wp:featuredmedia":[{"embeddable":true,"href":"https:\/\/www.europesays.com\/fr\/wp-json\/wp\/v2\/media\/308268"}],"wp:attachment":[{"href":"https:\/\/www.europesays.com\/fr\/wp-json\/wp\/v2\/media?parent=308267"}],"wp:term":[{"taxonomy":"category","embeddable":true,"href":"https:\/\/www.europesays.com\/fr\/wp-json\/wp\/v2\/categories?post=308267"},{"taxonomy":"post_tag","embeddable":true,"href":"https:\/\/www.europesays.com\/fr\/wp-json\/wp\/v2\/tags?post=308267"}],"curies":[{"name":"wp","href":"https:\/\/api.w.org\/{rel}","templated":true}]}}