{"id":308273,"date":"2025-08-09T23:03:12","date_gmt":"2025-08-09T23:03:12","guid":{"rendered":"https:\/\/www.europesays.com\/fr\/308273\/"},"modified":"2025-08-09T23:03:12","modified_gmt":"2025-08-09T23:03:12","slug":"troyes-et-pau-premiers-leaders","status":"publish","type":"post","link":"https:\/\/www.europesays.com\/fr\/308273\/","title":{"rendered":"Troyes et Pau premiers leaders"},"content":{"rendered":"<p class=\"date\">\n                                                            Faraj Benlahoucine, Media365, publi\u00e9 le samedi 09 ao\u00fbt 2025 \u00e0 22h29\n                                                    <\/p>\n<p>Pau et Troyes, vainqueurs respectivement d&rsquo;Annecy (2-0) et Grenoble (2-1), sont les premiers leaders de la saison de Ligue 2. Saint-Etienne a partag\u00e9 les points avec Laval (3-3) tandis que Montpellier n&rsquo;a pas pu prendre l&rsquo;ascendant sur le Red Star (1-1).<\/p>\n<p>La Ligue 2 a repris ses droits ce samedi avec un match d&rsquo;ouverture on ne peut plus spectaculaire dans l&rsquo;apr\u00e8s-midi entre Guingamp et Le Mans (3-3). Deux formations qui se sont donc s\u00e9par\u00e9es sur un score de parit\u00e9, comme huit autres clubs lors du premier multiplex de la saison. \u00c0 l&rsquo;instar de leurs pr\u00e9d\u00e9cesseurs, <strong>Laval et Saint-Etienne ont \u00e9galement inscrit trois buts chacun<\/strong>. Malik Tchokount\u00e9 a notamment plant\u00e9 un doubl\u00e9 (16e, 41e) alors qu&rsquo;en face, Irvin Cardona avait \u00e9galis\u00e9 \u00e0 1-1 avant la demi-heure de jeu (27e).<\/p>\n<p>Dans le Nord, Dunkerque a partag\u00e9 les points avec Clermont au terme d&rsquo;une rencontre prolifique \u00e9galement (2-2). Plus serr\u00e9 en revanche, <strong>le match entre Montpellier et le Red Star s&rsquo;est sold\u00e9 sur la marque de 1-1<\/strong>. Damien Durand a surpris les H\u00e9raultais (11e) mais le capitaine Becuir Omeragic a \u00e9galis\u00e9 d&rsquo;une t\u00eate rageuse (38e). Et du c\u00f4t\u00e9 du stade Paul-Lignon, Rodez et Nancy se sont montr\u00e9s plus timides, ne trouvant pas le chemin des filets (0-0). B\u00e9n\u00e9ficiant pleinement de tous ces matchs nuls, Pau s&rsquo;est hiss\u00e9 en t\u00eate suite \u00e0 sa victoire 2-0 sur Annecy.<\/p>\n<p>Bangre, bourreau malgr\u00e9 lui de Grenoble<\/p>\n<p>Daylam Meddah a montr\u00e9 la voie aux siens tr\u00e8s rapidement au cours de ce premier match de la saison \u00e0 Pau (1-0, 8e). La lib\u00e9ration n&rsquo;est venue qu&rsquo;en fin de rencontre du soulier d&rsquo;Omar Sadik, d&rsquo;un sang-froid exemplaire au moment de transformer le penalty du break (2-0, 79e). Seul en t\u00eate \u00e0 la diff\u00e9rence de buts, Pau n&rsquo;est toutefois pas l&rsquo;unique club \u00e0 rois points. Devant son public au stade de l&rsquo;Aube, <strong>Troyes a pris la mesure de Grenoble (2-1)<\/strong>. Suite \u00e0 l&rsquo;ouverture du score de Jaures Assoumou (1-0, 8e), Mamady Bangre a sauv\u00e9 le GF 38 (1-1, 34e) avant de le plomber.<\/p>\n<p>Coupable d&rsquo;un geste inutile, <strong>il a \u00e9cop\u00e9 d&rsquo;un carton rouge direct (45e), laissant ses partenaires \u00e0 dix durant l&rsquo;int\u00e9gralit\u00e9 de la seconde p\u00e9riode<\/strong>. Une sup\u00e9riorit\u00e9 num\u00e9rique dont a su profiter l&rsquo;Estac avec Martin Adeline, buteur en sortie de banc (2-1, 75e). L&rsquo;attaquant a propuls\u00e9 sa formation au sommet de la Ligue 2 o\u00f9 Amiens et Reims, entrant en comp\u00e9tition lundi (coup d&rsquo;envoi \u00e0 20h45), pourront les rejoindre au terme de cette premi\u00e8re journ\u00e9e de championnat.<\/p>\n","protected":false},"excerpt":{"rendered":"Faraj Benlahoucine, Media365, publi\u00e9 le samedi 09 ao\u00fbt 2025 \u00e0 22h29 Pau et Troyes, vainqueurs respectivement d&rsquo;Annecy (2-0)&hellip;\n","protected":false},"author":2,"featured_media":308274,"comment_status":"","ping_status":"","sticky":false,"template":"","format":"standard","meta":{"footnotes":""},"categories":[9566],"tags":[1111,11,2430,1777,674,1011,27,2731,12,25],"class_list":{"0":"post-308273","1":"post","2":"type-post","3":"status-publish","4":"format-standard","5":"has-post-thumbnail","7":"category-grenoble","8":"tag-actu","9":"tag-actualites","10":"tag-auvergne-rhone-alpes","11":"tag-eu","12":"tag-europe","13":"tag-fr","14":"tag-france","15":"tag-grenoble","16":"tag-news","17":"tag-republique-francaise"},"share_on_mastodon":{"url":"https:\/\/pubeurope.com\/@fr\/115001308097591852","error":""},"_links":{"self":[{"href":"https:\/\/www.europesays.com\/fr\/wp-json\/wp\/v2\/posts\/308273","targetHints":{"allow":["GET"]}}],"collection":[{"href":"https:\/\/www.europesays.com\/fr\/wp-json\/wp\/v2\/posts"}],"about":[{"href":"https:\/\/www.europesays.com\/fr\/wp-json\/wp\/v2\/types\/post"}],"author":[{"embeddable":true,"href":"https:\/\/www.europesays.com\/fr\/wp-json\/wp\/v2\/users\/2"}],"replies":[{"embeddable":true,"href":"https:\/\/www.europesays.com\/fr\/wp-json\/wp\/v2\/comments?post=308273"}],"version-history":[{"count":0,"href":"https:\/\/www.europesays.com\/fr\/wp-json\/wp\/v2\/posts\/308273\/revisions"}],"wp:featuredmedia":[{"embeddable":true,"href":"https:\/\/www.europesays.com\/fr\/wp-json\/wp\/v2\/media\/308274"}],"wp:attachment":[{"href":"https:\/\/www.europesays.com\/fr\/wp-json\/wp\/v2\/media?parent=308273"}],"wp:term":[{"taxonomy":"category","embeddable":true,"href":"https:\/\/www.europesays.com\/fr\/wp-json\/wp\/v2\/categories?post=308273"},{"taxonomy":"post_tag","embeddable":true,"href":"https:\/\/www.europesays.com\/fr\/wp-json\/wp\/v2\/tags?post=308273"}],"curies":[{"name":"wp","href":"https:\/\/api.w.org\/{rel}","templated":true}]}}