{"id":308287,"date":"2025-08-09T23:15:22","date_gmt":"2025-08-09T23:15:22","guid":{"rendered":"https:\/\/www.europesays.com\/fr\/308287\/"},"modified":"2025-08-09T23:15:22","modified_gmt":"2025-08-09T23:15:22","slug":"bayonne-bordeaux-coup-denvoi-du-match-decale-a-19h15","status":"publish","type":"post","link":"https:\/\/www.europesays.com\/fr\/308287\/","title":{"rendered":"Bayonne-Bordeaux : coup d&rsquo;envoi du match d\u00e9cal\u00e9 \u00e0 19h15"},"content":{"rendered":"<p><img decoding=\"async\" src=\"https:\/\/www.europesays.com\/fr\/wp-content\/uploads\/2025\/08\/671_36e05fe6fe0adadda5800e85fd186205.jpg\" alt=\"Bayonne-Bordeaux : coup d'envoi du match d\u00e9cal\u00e9 \u00e0 19h15\" class=\"img-responsive mt-3\"\/><\/p>\n<p class=\"text-center mb-3\" style=\"font-size: 14px\">\u00a9 Iconsport<\/p>\n<p>Contretemps pour cette derni\u00e8re rencontre amicale. \u00c0 17h30, le bus des Girondins de Bordeaux n&rsquo;\u00e9tait toujours pas arriv\u00e9 au stade.<\/p>\n<p>Le club bordelais vient d&rsquo;annoncer que le coup d&rsquo;envoi de la rencontre \u00e9tait d\u00e9cal\u00e9 de 45 minutes, soit \u00e0 19h15.<\/p>\n<blockquote class=\"twitter-tweet\">\n<p dir=\"ltr\" lang=\"fr\">Coup d\u2019envoi du match d\u00e9cal\u00e9 \u00e0 19h15 \u23f0<\/p>\n<p>\u2014 FC Girondins de Bordeaux (@girondins) <a href=\"https:\/\/twitter.com\/girondins\/status\/1954188827917992192?ref_src=twsrc%5Etfw\" target=\"_blank\" rel=\"noopener\">August 9, 2025<\/a>\n<\/p><\/blockquote>\n<p>\u00a0<\/p>\n<p>\u00a0<\/p>\n<p style=\"text-align: justify;\">\u00c0 lire aussi &gt;&gt; <a href=\"https:\/\/www.webgirondins.com\/actualite-girondins-r1-les-girondins-s-inclinent-contre-le-fc-biganos-en-preparation-avec-yanis-merdji-129998\" target=\"_blank\" rel=\"noopener\"><strong>R1 : les Girondins s&rsquo;inclinent contre le FC Biganos en pr\u00e9paration avec Yanis Merdji<\/strong><\/a><\/p>\n<p style=\"text-align: justify;\">Notre podcast court \u00e0 \u00e9couter :<\/p>\n<p>\u00a0<\/p>\n<p>    <script async src=\"https:\/\/platform.twitter.com\/widgets.js\" charset=\"utf-8\"><\/script><\/p>\n","protected":false},"excerpt":{"rendered":"\u00a9 Iconsport Contretemps pour cette derni\u00e8re rencontre amicale. \u00c0 17h30, le bus des Girondins de Bordeaux n&rsquo;\u00e9tait toujours&hellip;\n","protected":false},"author":2,"featured_media":308288,"comment_status":"","ping_status":"","sticky":false,"template":"","format":"standard","meta":{"footnotes":""},"categories":[2817],"tags":[1111,11,2562,3810,43478,9202,1997,3952,44837,18755,3953,8485,1777,674,2823,1011,27,1987,43845,7018,955,12,2219,5486,25,2858,43479],"class_list":{"0":"post-308287","1":"post","2":"type-post","3":"status-publish","4":"format-standard","5":"has-post-thumbnail","7":"category-bordeaux","8":"tag-actu","9":"tag-actualites","10":"tag-annonce","11":"tag-aviron","12":"tag-bayonnais","13":"tag-bayonne","14":"tag-bordeaux","15":"tag-coup","16":"tag-decale","17":"tag-deroule","18":"tag-envoi","19":"tag-etait","20":"tag-eu","21":"tag-europe","22":"tag-face","23":"tag-fr","24":"tag-france","25":"tag-girondins","26":"tag-intercommunal","27":"tag-lieu","28":"tag-match","29":"tag-news","30":"tag-nouvelle-aquitaine","31":"tag-rencontre","32":"tag-republique-francaise","33":"tag-stade","34":"tag-tarnos"},"share_on_mastodon":{"url":"https:\/\/pubeurope.com\/@fr\/115001355444298727","error":""},"_links":{"self":[{"href":"https:\/\/www.europesays.com\/fr\/wp-json\/wp\/v2\/posts\/308287","targetHints":{"allow":["GET"]}}],"collection":[{"href":"https:\/\/www.europesays.com\/fr\/wp-json\/wp\/v2\/posts"}],"about":[{"href":"https:\/\/www.europesays.com\/fr\/wp-json\/wp\/v2\/types\/post"}],"author":[{"embeddable":true,"href":"https:\/\/www.europesays.com\/fr\/wp-json\/wp\/v2\/users\/2"}],"replies":[{"embeddable":true,"href":"https:\/\/www.europesays.com\/fr\/wp-json\/wp\/v2\/comments?post=308287"}],"version-history":[{"count":0,"href":"https:\/\/www.europesays.com\/fr\/wp-json\/wp\/v2\/posts\/308287\/revisions"}],"wp:featuredmedia":[{"embeddable":true,"href":"https:\/\/www.europesays.com\/fr\/wp-json\/wp\/v2\/media\/308288"}],"wp:attachment":[{"href":"https:\/\/www.europesays.com\/fr\/wp-json\/wp\/v2\/media?parent=308287"}],"wp:term":[{"taxonomy":"category","embeddable":true,"href":"https:\/\/www.europesays.com\/fr\/wp-json\/wp\/v2\/categories?post=308287"},{"taxonomy":"post_tag","embeddable":true,"href":"https:\/\/www.europesays.com\/fr\/wp-json\/wp\/v2\/tags?post=308287"}],"curies":[{"name":"wp","href":"https:\/\/api.w.org\/{rel}","templated":true}]}}