{"id":308289,"date":"2025-08-09T23:16:13","date_gmt":"2025-08-09T23:16:13","guid":{"rendered":"https:\/\/www.europesays.com\/fr\/308289\/"},"modified":"2025-08-09T23:16:13","modified_gmt":"2025-08-09T23:16:13","slug":"previsions-du-dimanche-10-aout-2025-4","status":"publish","type":"post","link":"https:\/\/www.europesays.com\/fr\/308289\/","title":{"rendered":"pr\u00e9visions du dimanche 10 ao\u00fbt 2025"},"content":{"rendered":"<p>Aujourd&rsquo;hui, les Toulousains vont pouvoir profiter d&rsquo;un soleil magnifique. Les temp\u00e9ratures seront de 18\u00b0C au plus bas et de 39\u00b0C au plus haut. D\u00e8s le matin, les valeurs \u00e9volueront entre 19 et 33\u2009\u00b0C. Un l\u00e9ger vent de nord-ouest soufflera. L&rsquo;apr\u00e8s-midi, c&rsquo;est une hausse de plusieurs degr\u00e9s que vont conna\u00eetre les temp\u00e9ratures. Attention \u00e0 la vague de chaud. Des temp\u00e9ratures de 35 \u00e0 39\u00b0C sont pr\u00e9vues. La ville va subir, le soir, une vague de fortes chaleurs avec des valeurs qui rejoindront parfois les 37\u00b0C. Entre dimanche et lundi, la nuit sera claire.<\/p>\n<p>Un beau soleil est pr\u00e9vu demain \u00e0 Toulouse. La m\u00e9t\u00e9o va se r\u00e9chauffer avec une augmentation de quelques degr\u00e9s. De tr\u00e8s importantes chaleurs (entre 23\u00b0C et 43\u00b0C) sont annonc\u00e9es. Un vent de sud-est rafra\u00eechira l\u00e9g\u00e8rement l&rsquo;atmosph\u00e8re. La p\u00e9riode de grosses chaleurs est bien l\u00e0, avec des temp\u00e9ratures qui risqueront d&rsquo;aller \u00e0 40\u00b0C le matin. Les valeurs vont monter pendant l&rsquo;apr\u00e8s-midi de plusieurs degr\u00e9s. Les valeurs maximales attendues sont \u00e9lev\u00e9es, avec 43\u00b0C. Les fortes chaleurs sont install\u00e9es. Avec des temp\u00e9ratures comprises entre 32 et 40\u00b0C.<\/p>\n<p>Peu d&rsquo;\u00e9volutions au fil des jours. Il va faire un temps relativement ensoleill\u00e9 avec des temp\u00e9ratures autour de 41\u00b0C.<\/p>\n<p>La vague de chaleur actuelle exige des dispositions suppl\u00e9mentaires, en particulier vis-\u00e0-vis des plus fragiles, comme les personnes \u00e2g\u00e9es et les enfants. N&rsquo;h\u00e9sitez pas \u00e0 vous tenir inform\u00e9s de l&rsquo;\u00e9volution des conditions climatiques.<\/p>\n","protected":false},"excerpt":{"rendered":"Aujourd&rsquo;hui, les Toulousains vont pouvoir profiter d&rsquo;un soleil magnifique. Les temp\u00e9ratures seront de 18\u00b0C au plus bas et&hellip;\n","protected":false},"author":2,"featured_media":308290,"comment_status":"","ping_status":"","sticky":false,"template":"","format":"standard","meta":{"footnotes":""},"categories":[2816],"tags":[1111,11,1777,674,1011,27,2722,2721,12,2680,2119,25,2312],"class_list":{"0":"post-308289","1":"post","2":"type-post","3":"status-publish","4":"format-standard","5":"has-post-thumbnail","7":"category-toulouse","8":"tag-actu","9":"tag-actualites","10":"tag-eu","11":"tag-europe","12":"tag-fr","13":"tag-france","14":"tag-haute-garonne","15":"tag-midi-pyrenees","16":"tag-news","17":"tag-occitanie","18":"tag-previsions-meteo","19":"tag-republique-francaise","20":"tag-toulouse"},"share_on_mastodon":{"url":"https:\/\/pubeurope.com\/@fr\/115001359308446407","error":""},"_links":{"self":[{"href":"https:\/\/www.europesays.com\/fr\/wp-json\/wp\/v2\/posts\/308289","targetHints":{"allow":["GET"]}}],"collection":[{"href":"https:\/\/www.europesays.com\/fr\/wp-json\/wp\/v2\/posts"}],"about":[{"href":"https:\/\/www.europesays.com\/fr\/wp-json\/wp\/v2\/types\/post"}],"author":[{"embeddable":true,"href":"https:\/\/www.europesays.com\/fr\/wp-json\/wp\/v2\/users\/2"}],"replies":[{"embeddable":true,"href":"https:\/\/www.europesays.com\/fr\/wp-json\/wp\/v2\/comments?post=308289"}],"version-history":[{"count":0,"href":"https:\/\/www.europesays.com\/fr\/wp-json\/wp\/v2\/posts\/308289\/revisions"}],"wp:featuredmedia":[{"embeddable":true,"href":"https:\/\/www.europesays.com\/fr\/wp-json\/wp\/v2\/media\/308290"}],"wp:attachment":[{"href":"https:\/\/www.europesays.com\/fr\/wp-json\/wp\/v2\/media?parent=308289"}],"wp:term":[{"taxonomy":"category","embeddable":true,"href":"https:\/\/www.europesays.com\/fr\/wp-json\/wp\/v2\/categories?post=308289"},{"taxonomy":"post_tag","embeddable":true,"href":"https:\/\/www.europesays.com\/fr\/wp-json\/wp\/v2\/tags?post=308289"}],"curies":[{"name":"wp","href":"https:\/\/api.w.org\/{rel}","templated":true}]}}