{"id":308295,"date":"2025-08-09T23:20:18","date_gmt":"2025-08-09T23:20:18","guid":{"rendered":"https:\/\/www.europesays.com\/fr\/308295\/"},"modified":"2025-08-09T23:20:18","modified_gmt":"2025-08-09T23:20:18","slug":"malgre-le-mistral-une-frequentation-en-hausse","status":"publish","type":"post","link":"https:\/\/www.europesays.com\/fr\/308295\/","title":{"rendered":"malgr\u00e9 le mistral, une fr\u00e9quentation en hausse"},"content":{"rendered":"<p>235\u00a0764 passagers ont pris place dans <a href=\"https:\/\/www.laprovence.com\/article\/faits-divers-justice\/8384305203137814\/video-marseille-une-navette-de-22-metres-d-icard-maritime-se-crashe-au-pied-du-fort-saint-jean-pour-le-14-juillet\" target=\"_blank\" rel=\"noopener\">l\u2019une des navettes maritimes<\/a>, mises en place par la RTM depuis le 26\u00a0avril vers l\u2019Estaque et la Pointe-Rouge, puis le 17\u00a0juin jusqu\u2019aux Goudes.<\/p>\n<p>Une augmentation de 13,4% par rapport \u00e0 l\u2019ann\u00e9e derni\u00e8re en d\u00e9pit des forts vents qui ont secou\u00e9 la Ville en juillet, laissant les bateaux au port. Le printemps a connu un pic de passagers\u00a0: 8\u00a0906 en cinq jours en avril, 62\u00a0390 en mai (+\u00a022,2% par rapport \u00e0\u00a02024) et 77\u00a0041 en juin (+\u00a021,2% par rapport \u00e0\u00a02024).<\/p>\n<p>Tendance \u00e0 la hausse pour le Frioul et le ch\u00e2teau d\u2019If<\/p>\n<p>\u00ab\u00a0Le mois de juillet est sensiblement identique \u00e0 l\u2019ann\u00e9e pass\u00e9e avec autant de travers\u00e9es effectu\u00e9es et de passagers (87\u00a0427), pr\u00e9cise la RTM en reconnaissant que \u00ab\u00a0juillet 2024 avait \u00e9t\u00e9 impact\u00e9 par les Jeux olympiques et la fermeture de la ligne Vieux-Port\/Pointe Rouge \u00e0 partir du 26 avril juillet et que juillet 2025 a subi les conditions m\u00e9t\u00e9orologiques d\u00e9grad\u00e9es\u00a0\u00bb.<\/p>\n<p>La tendance est \u00e9galement \u00e0 la hausse pour la travers\u00e9e <a href=\"https:\/\/www.laprovence.com\/article\/region\/5280892917596314\/on-voyage-tout-en-restant-ici-au-frioul-des-logements-airbnb-prises-des-marseillais\" target=\"_blank\" rel=\"noopener\">jusqu\u2019au Frioul<\/a> et le ch\u00e2teau d\u2019If\u00a0avec 201\u00a0000 personnes transport\u00e9es du 1er\u00a0mai au 31\u00a0juillet, soit une augmentation de 2,2% par rapport \u00e0\u00a02024. Les navettes maritimes (gratuites pour les abonn\u00e9s RTM et de cinq \u00e0 huit euros pour le grand public) assureront (selon la m\u00e9t\u00e9o) leurs rotations chaque jour jusqu\u2019au 28\u00a0septembre.<\/p>\n","protected":false},"excerpt":{"rendered":"235\u00a0764 passagers ont pris place dans l\u2019une des navettes maritimes, mises en place par la RTM depuis le&hellip;\n","protected":false},"author":2,"featured_media":308296,"comment_status":"","ping_status":"","sticky":false,"template":"","format":"standard","meta":{"footnotes":""},"categories":[2814],"tags":[17,1111,11,1777,674,1011,27,13461,9085,9773,884,552,5652,12,882,16,25,10783,96],"class_list":{"0":"post-308295","1":"post","2":"type-post","3":"status-publish","4":"format-standard","5":"has-post-thumbnail","7":"category-marseille","8":"tag-17","9":"tag-actu","10":"tag-actualites","11":"tag-eu","12":"tag-europe","13":"tag-fr","14":"tag-france","15":"tag-frequentation","16":"tag-malgre","17":"tag-maritimes","18":"tag-marseille","19":"tag-mistral","20":"tag-navettes","21":"tag-news","22":"tag-provence-alpes-cote-dazur","23":"tag-region","24":"tag-republique-francaise","25":"tag-rtm","26":"tag-une"},"share_on_mastodon":{"url":"https:\/\/pubeurope.com\/@fr\/115001375096909485","error":""},"_links":{"self":[{"href":"https:\/\/www.europesays.com\/fr\/wp-json\/wp\/v2\/posts\/308295","targetHints":{"allow":["GET"]}}],"collection":[{"href":"https:\/\/www.europesays.com\/fr\/wp-json\/wp\/v2\/posts"}],"about":[{"href":"https:\/\/www.europesays.com\/fr\/wp-json\/wp\/v2\/types\/post"}],"author":[{"embeddable":true,"href":"https:\/\/www.europesays.com\/fr\/wp-json\/wp\/v2\/users\/2"}],"replies":[{"embeddable":true,"href":"https:\/\/www.europesays.com\/fr\/wp-json\/wp\/v2\/comments?post=308295"}],"version-history":[{"count":0,"href":"https:\/\/www.europesays.com\/fr\/wp-json\/wp\/v2\/posts\/308295\/revisions"}],"wp:featuredmedia":[{"embeddable":true,"href":"https:\/\/www.europesays.com\/fr\/wp-json\/wp\/v2\/media\/308296"}],"wp:attachment":[{"href":"https:\/\/www.europesays.com\/fr\/wp-json\/wp\/v2\/media?parent=308295"}],"wp:term":[{"taxonomy":"category","embeddable":true,"href":"https:\/\/www.europesays.com\/fr\/wp-json\/wp\/v2\/categories?post=308295"},{"taxonomy":"post_tag","embeddable":true,"href":"https:\/\/www.europesays.com\/fr\/wp-json\/wp\/v2\/tags?post=308295"}],"curies":[{"name":"wp","href":"https:\/\/api.w.org\/{rel}","templated":true}]}}