{"id":30830,"date":"2025-04-17T04:49:19","date_gmt":"2025-04-17T04:49:19","guid":{"rendered":"https:\/\/www.europesays.com\/fr\/30830\/"},"modified":"2025-04-17T04:49:19","modified_gmt":"2025-04-17T04:49:19","slug":"il-faudra-tout-donner-dos-au-mur-les-angels-de-beziers-nont-plus-le-droit-a-lerreur-si-elles-veulent-continuer-en-play-offs","status":"publish","type":"post","link":"https:\/\/www.europesays.com\/fr\/30830\/","title":{"rendered":"\u00ab\u00a0Il\u00a0faudra tout donner\u00a0!\u00a0\u00bb\u00a0: dos au mur, les Angels de B\u00e9ziers n\u2019ont plus le droit \u00e0 l\u2019erreur si elles veulent continuer en play-offs"},"content":{"rendered":"<p>\n                                                                Apr\u00e8s leurs deux d\u00e9faites d\u2019affil\u00e9e face \u00e0\u00a0Aix-Venelles, les Biterroises re\u00e7oivent d\u00e9sormais les Proven\u00e7ales \u00e0 domicile. Dos au mur, elles n\u2019ont plus droit \u00e0 l\u2019\u00e9chec si elles veulent continuer l\u2019aventure.\n                            <\/p>\n<p>Le B\u00e9ziers Volley est dos au mur apr\u00e8s deux d\u00e9faites 3 sets \u00e0 1, sur le parquet d\u2019Aix-Venelles, en quart de finale des playoffs de la Saforelle Power 6. Deux matchs au cours desquels les Biterroises ont pourtant tenu la drag\u00e9e haute au deuxi\u00e8me de la phase r\u00e9guli\u00e8re championnat. Une formation qui ne s\u2019est inclin\u00e9e qu\u2019une seule fois cette saison dans sa petite salle Aixoise.<\/p>\n<p>\u00ab\u00a0Tactiquement, on dominait\u00a0\u00bb<\/p>\n<p>Avant les potentiels deux matchs \u00e0 venir au Palais des Sports B\u00e9ziers-M\u00e9diterran\u00e9e, Fabien Simondet, l\u2019entra\u00eeneur des Angels est donc partag\u00e9 entre d\u00e9ception et espoir\u00a0: \u00ab\u00a0C\u2019est rageant, parce que tout ce qu\u2019on avait mis en place a march\u00e9. Dans le deuxi\u00e8me match, on a parfois pris l\u2019ascendant. Tactiquement, on dominait, et de l\u2019ext\u00e9rieur, on sentait qu\u2019on prenait le dessus\u00a0\u00bb. L\u2019analyse de Simondet ne s\u2019arr\u00eate pas \u00e0 la dynamique g\u00e9n\u00e9rale du match\u00a0: \u00ab\u00a0Peut-\u00eatre est-ce\u00a0la pression, le manque d\u2019exp\u00e9rience notamment dans les fins de sets, le Money Time\u00a0\u00bb.<\/p>\n<p>Malgr\u00e9 cette frustration, l\u2019entra\u00eeneur de B\u00e9ziers garde la t\u00eate froide et compte sur l\u2019appui du public, ce vendredi 11\u00a0avril, pour lancer la s\u00e9rie \u00e0 la maison.\u00a0\u00ab\u00a0Ce sera un\u00a0match charni\u00e8re. Si on gagne, on peut renverser la dynamique et mettre le doute \u00e0 Venelles. Il faut s\u2019appuyer sur ce qu\u2019on a bien fait, garder un bon niveau de jeu et notre envie\u00a0\u00bb, professe-t-il.\u00a0La mission s\u2019annonce ardue face \u00e0 une \u00e9quipe proven\u00e7ale bien arm\u00e9e, et pour qui une seule victoire suffit d\u00e9sormais \u00e0 se qualifier en demi-finales. \u00ab\u00a0Aix-Venelles a une vraie profondeur de banc. Sur deux matchs en 48\u00a0h, \u00e7a joue. Nous, on a eu trois bless\u00e9es cette saison, on n\u2019en a remplac\u00e9 qu\u2019une. Malgr\u00e9 \u00e7a, on tient t\u00eate. On revient de loin. En d\u00e9cembre, on jouait le maintien. Aujourd\u2019hui, on est en playoffs\u00a0\u00bb, temp\u00e8re l\u2019entra\u00eeneur des Angels.<\/p>\n<p>\u00ab\u00a0Ce ne sont pas des matchs qu\u2019on joue tous les jours\u00a0\u00bb<\/p>\n<p>Loin d\u2019\u00e9luder la pression, Simondet pr\u00e9f\u00e8re en faire un moteur pour son groupe et ses joueuses. \u00ab\u00a0Il faut prendre du plaisir. Ce ne sont pas des matchs qu\u2019on joue tous les jours. Il ne faut pas avoir de regrets. Vendredi, on aura notre salle avec nous, il\u00a0faudra tout donner\u00a0!\u00a0\u00bb; lance-t-il. Le rendez-vous est donc pris, dans une salle qui devrait \u00eatre comble avec pr\u00e8s de 2\u00a0000 supporters et une Banda Mescladis sur le front.<\/p>\n<p>B\u00e9ziers n\u2019a plus le droit \u00e0 l\u2019erreur certes, mais rien n\u2019est encore jou\u00e9. M\u00eame si la mission est compliqu\u00e9e, le souffle des playoffs peut s\u2019inverser. En cas de victoire ce vendredi soir, le match 4 se jouerait dimanche \u00e0 17\u00a0h, encore \u00e0 domicile. Pour l\u2019\u00e9ventuel match d\u00e9cisif, le cinqui\u00e8me, il se jouerait \u00e0 Aix-en-Provence.<\/p>\n<p>B\u00e9ziers\/Aix-Venelles, match 3, le coup d\u2019envoi sera donn\u00e9 vendredi 11\u00a0avril \u00e0 19h30h.<\/p>\n","protected":false},"excerpt":{"rendered":"Apr\u00e8s leurs deux d\u00e9faites d\u2019affil\u00e9e face \u00e0\u00a0Aix-Venelles, les Biterroises re\u00e7oivent d\u00e9sormais les Proven\u00e7ales \u00e0 domicile. Dos au mur,&hellip;\n","protected":false},"author":2,"featured_media":30831,"comment_status":"","ping_status":"","sticky":false,"template":"","format":"standard","meta":{"footnotes":""},"categories":[1417],"tags":[1011,27,60,1470,1469],"class_list":{"0":"post-30830","1":"post","2":"type-post","3":"status-publish","4":"format-standard","5":"has-post-thumbnail","7":"category-volley","8":"tag-fr","9":"tag-france","10":"tag-sports","11":"tag-volley","12":"tag-volleyball"},"share_on_mastodon":{"url":"https:\/\/pubeurope.com\/@fr\/114351502961711860","error":""},"_links":{"self":[{"href":"https:\/\/www.europesays.com\/fr\/wp-json\/wp\/v2\/posts\/30830","targetHints":{"allow":["GET"]}}],"collection":[{"href":"https:\/\/www.europesays.com\/fr\/wp-json\/wp\/v2\/posts"}],"about":[{"href":"https:\/\/www.europesays.com\/fr\/wp-json\/wp\/v2\/types\/post"}],"author":[{"embeddable":true,"href":"https:\/\/www.europesays.com\/fr\/wp-json\/wp\/v2\/users\/2"}],"replies":[{"embeddable":true,"href":"https:\/\/www.europesays.com\/fr\/wp-json\/wp\/v2\/comments?post=30830"}],"version-history":[{"count":0,"href":"https:\/\/www.europesays.com\/fr\/wp-json\/wp\/v2\/posts\/30830\/revisions"}],"wp:featuredmedia":[{"embeddable":true,"href":"https:\/\/www.europesays.com\/fr\/wp-json\/wp\/v2\/media\/30831"}],"wp:attachment":[{"href":"https:\/\/www.europesays.com\/fr\/wp-json\/wp\/v2\/media?parent=30830"}],"wp:term":[{"taxonomy":"category","embeddable":true,"href":"https:\/\/www.europesays.com\/fr\/wp-json\/wp\/v2\/categories?post=30830"},{"taxonomy":"post_tag","embeddable":true,"href":"https:\/\/www.europesays.com\/fr\/wp-json\/wp\/v2\/tags?post=30830"}],"curies":[{"name":"wp","href":"https:\/\/api.w.org\/{rel}","templated":true}]}}