{"id":308314,"date":"2025-08-09T23:32:15","date_gmt":"2025-08-09T23:32:15","guid":{"rendered":"https:\/\/www.europesays.com\/fr\/308314\/"},"modified":"2025-08-09T23:32:15","modified_gmt":"2025-08-09T23:32:15","slug":"washington-offre-une-prime-de-50-millions-de-dollars-pour-larrestation-du-president-venezuelien-maduro","status":"publish","type":"post","link":"https:\/\/www.europesays.com\/fr\/308314\/","title":{"rendered":"Washington offre\u00a0une prime de 50\u00a0millions de dollars pour l\u2019arrestation du pr\u00e9sident v\u00e9n\u00e9zu\u00e9lien\u00a0Maduro"},"content":{"rendered":"<blockquote class=\"video-dailymotion-unloaded\" data-playerid=\"x9fof\" data-videoid=\"x9bf8b2\" data-ads-params=\"\"\/><p>Les \u00c9tats-Unis offrent une r\u00e9compense\u00a0de 50\u00a0millions de dollars en \u00e9change de toute information permettant l&rsquo;arrestation du pr\u00e9sident v\u00e9n\u00e9zu\u00e9lien, <a class=\"Link\" href=\"https:\/\/www.lepoint.fr\/monde\/la-liberte-se-conquiert-a-caracas-les-venezueliens-defient-maduro-10-01-2025-2579682_24.php\" title=\"\" data-gtm=\"click:capsule\" data-capsule=\"Lien\" rel=\"nofollow noopener\" target=\"_blank\">Nicolas Maduro<\/a>.\u00a0La ministre am\u00e9ricaine de la Justice, Pam Bondi, a en effet annonc\u00e9 que cette r\u00e9compense passait\u00a0de\u00a025\u00a0\u00e0 50\u00a0millions de dollars, soit la plus importante jamais propos\u00e9e par Washington. \u00ab\u00a0C&rsquo;est la prime la plus importante de notre histoire, et le DOUBLE du montant offert pour Oussama Ben Laden\u00a0\u00bb, a indiqu\u00e9 sur X Christopher Landau, Secr\u00e9taire d&rsquo;\u00c9tat adjoint des \u00c9tats-Unis.<\/p>\n<p>Entour\u00e9e de drapeaux am\u00e9ricains dans une vid\u00e9o relay\u00e9e par la presse, Pam Bondi a affirm\u00e9 que \u00ab\u00a030 tonnes de coca\u00efne associ\u00e9e \u00e0 Maduro et \u00e0 ses complices\u00a0\u00bb avaient \u00e9t\u00e9 saisies. Ce stock aurait \u00e9t\u00e9 m\u00e9lang\u00e9 \u00e0 du fentanyl, un puissant opiac\u00e9 provoquant des ravages aux \u00c9tats-Unis, et distribu\u00e9 via plusieurs organisations criminelles, dont le gang v\u00e9n\u00e9zu\u00e9lien <a class=\"Link\" href=\"https:\/\/www.lepoint.fr\/monde\/l-incroyable-histoire-du-tren-de-aragua-le-gang-venezuelien-qui-fait-trembler-donald-trump-22-03-2025-2585367_24.php\" title=\"\" data-gtm=\"click:capsule\" data-capsule=\"Lien\" rel=\"nofollow noopener\" target=\"_blank\">Tren de Aragua<\/a>, les cartels mexicains et le Cartel de los Soles, rel\u00e8ve <a class=\"Link\" href=\"https:\/\/www.courrierinternational.com\/article\/wanted-les-etats-unis-mettent-a-prix-la-tete-de-nicolas-maduro-accuse-de-narcotrafic_233832\" target=\"_blank\" title=\"\" data-gtm=\"click:capsule\" data-capsule=\"Lien\" rel=\"nofollow noopener\">Courrier international<\/a>.<\/p>\n<p>Une d\u00e9cision jug\u00e9e \u00ab\u00a0path\u00e9tique\u00a0\u00bb par Caracas<\/p>\n<p>Le gouvernement du <a class=\"Link\" href=\"https:\/\/www.lepoint.fr\/tags\/venezuela\" data-gtm=\"click:capsule\" data-capsule=\"Lien\" rel=\"nofollow noopener\" target=\"_blank\">Venezuela<\/a> a rapidement r\u00e9agi en qualifiant la d\u00e9cision am\u00e9ricaine de \u00ab\u00a0path\u00e9tique\u00a0\u00bb. Le ministre v\u00e9n\u00e9zu\u00e9lien des Affaires \u00e9trang\u00e8res, Yvan Gil, a accus\u00e9 Pam Bondi de \u00ab\u00a0monter un cirque m\u00e9diatique pour complaire \u00e0 l&rsquo;extr\u00eame droite v\u00e9n\u00e9zu\u00e9lienne\u00a0\u00bb et de chercher \u00e0 d\u00e9tourner l&rsquo;attention d&rsquo;un \u00ab\u00a0complot terroriste\u00a0\u00bb d\u00e9jou\u00e9 dans la capitale. Jeudi, le ministre de l&rsquo;Int\u00e9rieur, Diosdado Cabello, a annonc\u00e9 que\u00a013\u00a0personnes avaient \u00e9t\u00e9 arr\u00eat\u00e9es car accus\u00e9es d&rsquo;avoir programm\u00e9 des attaques \u00e0 Caracas.<\/p>\n<p>Les tensions entre Washington et Caracas ne datent pas d&rsquo;hier. D\u00e9j\u00e0 en janvier, dix jours avant l&rsquo;investiture de <a class=\"Link\" href=\"https:\/\/www.lepoint.fr\/monde\/exclusif-je-suis-le-president-elu-du-venezuela-et-je-remplacerai-nicolas-maduro-le-10-janvier-2025--28-11-2024-2576631_24.php\" title=\"\" data-gtm=\"click:capsule\" data-capsule=\"Lien\" rel=\"nofollow noopener\" target=\"_blank\">Donald Trump<\/a>, l&rsquo;administration de Joe Biden avait d\u00e9nonc\u00e9 le \u00ab\u00a0simulacre\u00a0\u00bb de r\u00e9\u00e9lection de Nicolas Maduro, \u00e9lu pour un troisi\u00e8me mandat de six ans. Le secr\u00e9taire d&rsquo;\u00c9tat Antony Blinken et le Tr\u00e9sor am\u00e9ricain avaient alors augment\u00e9\u00a0la prime de\u00a015\u00a0\u00e0 25\u00a0millions de dollars et impos\u00e9 de nouvelles sanctions.<\/p>\n<p>Accusations de narcotrafic et sanctions<\/p>\n<p>L&rsquo;inculpation de Nicolas Maduro par la justice am\u00e9ricaine remonte \u00e0 2020, \u00e0 la fin du premier mandat de <a class=\"Link\" href=\"https:\/\/www.lepoint.fr\/tags\/donald-trump\" data-gtm=\"click:capsule\" data-capsule=\"Lien\" rel=\"nofollow noopener\" target=\"_blank\">Donald Trump<\/a>. Le pr\u00e9sident v\u00e9n\u00e9zu\u00e9lien\u00a0est accus\u00e9 de diriger ou de participer \u00e0 un cartel ayant exp\u00e9di\u00e9 des centaines de tonnes de drogue vers les \u00c9tats-Unis, en lien avec les Forces arm\u00e9es r\u00e9volutionnaires de Colombie (FARC), consid\u00e9r\u00e9es par Washington comme une organisation terroriste.<\/p>\n<p>\n\u00c0 D\u00e9couvrir<br \/>\n<strong class=\"discover-kangourou__line\"><br \/>\n<img decoding=\"async\" class=\"discover-kangourou__img\" src=\"https:\/\/static.lpnt.fr\/static\/img\/kangourou\/kangourou_filled.svg\"\/><br \/>\n<strong class=\"discover-kangourou__txt\"><br \/>\n<strong>Le Kangourou du jour<\/strong><br \/>\n<a href=\"https:\/\/kangourou.lepoint.fr\" title=\"kangourou\" data-gtm-cta=\"kangourou_article\" class=\"discover-kangourou__lnk\" rel=\"nofollow noopener\" target=\"_blank\"><br \/>\nR\u00e9pondre<br \/>\n<\/a><br \/>\n<\/strong><br \/>\n<\/strong><br \/>\nH\u00e9ritier d&rsquo;Hugo Ch\u00e1vez, pr\u00e9sident du Venezuela pendant 14\u00a0ans et jusqu&rsquo;en 2013, Nicolas Maduro est au pouvoir depuis cette date. La presse d&rsquo;opposition l&rsquo;accuse de s&rsquo;y maintenir par la force et par la fraude \u00e9lectorale, d\u00e9signant le Venezuela comme un \u00ab\u00a0\u00c9tat mafieux\u00a0\u00bb o\u00f9 l&rsquo;appareil d&rsquo;\u00c9tat servirait aussi \u00e0 organiser des r\u00e9seaux de narcotrafic et d&rsquo;orpaillage ill\u00e9gal.<\/p>\n<p>Washington continue d&rsquo;exercer une forte pression \u00e9conomique, notamment via un embargo p\u00e9trolier renforc\u00e9, tout en autorisant de mani\u00e8re limit\u00e9e le groupe Chevron \u00e0 op\u00e9rer dans le pays. De son c\u00f4t\u00e9, le gouvernement v\u00e9n\u00e9zu\u00e9lien pointe r\u00e9guli\u00e8rement du doigt une ing\u00e9rence am\u00e9ricaine dans ses affaires int\u00e9rieures.<\/p>\n<p>Toute l\u2019actualit\u00e9 \u00e0 1\u20ac le premier mois<\/p>\n<p><a href=\"https:\/\/abo.lepoint.fr\/?provenance=21EDI020098\" class=\"btn\" title=\"S&#039;abonner\" data-gtm=\"click:abo|display:abo\" data-campaign=\"paywall_maison\" rel=\"nofollow noopener\" target=\"_blank\">S&rsquo;abonner<\/a><\/p>\n<p>ou<\/p>\n","protected":false},"excerpt":{"rendered":"Les \u00c9tats-Unis offrent une r\u00e9compense\u00a0de 50\u00a0millions de dollars en \u00e9change de toute information permettant l&rsquo;arrestation du pr\u00e9sident v\u00e9n\u00e9zu\u00e9lien,&hellip;\n","protected":false},"author":2,"featured_media":308315,"comment_status":"","ping_status":"","sticky":false,"template":"","format":"standard","meta":{"footnotes":""},"categories":[1589],"tags":[11,73,1866,12,1864,1865,1863,308],"class_list":{"0":"post-308314","1":"post","2":"type-post","3":"status-publish","4":"format-standard","5":"has-post-thumbnail","7":"category-etats-unis","8":"tag-actualites","9":"tag-etats-unis","10":"tag-etats-unis-damerique","11":"tag-news","12":"tag-united-states","13":"tag-united-states-of-america","14":"tag-us","15":"tag-usa"},"share_on_mastodon":{"url":"https:\/\/pubeurope.com\/@fr\/115001422267988653","error":""},"_links":{"self":[{"href":"https:\/\/www.europesays.com\/fr\/wp-json\/wp\/v2\/posts\/308314","targetHints":{"allow":["GET"]}}],"collection":[{"href":"https:\/\/www.europesays.com\/fr\/wp-json\/wp\/v2\/posts"}],"about":[{"href":"https:\/\/www.europesays.com\/fr\/wp-json\/wp\/v2\/types\/post"}],"author":[{"embeddable":true,"href":"https:\/\/www.europesays.com\/fr\/wp-json\/wp\/v2\/users\/2"}],"replies":[{"embeddable":true,"href":"https:\/\/www.europesays.com\/fr\/wp-json\/wp\/v2\/comments?post=308314"}],"version-history":[{"count":0,"href":"https:\/\/www.europesays.com\/fr\/wp-json\/wp\/v2\/posts\/308314\/revisions"}],"wp:featuredmedia":[{"embeddable":true,"href":"https:\/\/www.europesays.com\/fr\/wp-json\/wp\/v2\/media\/308315"}],"wp:attachment":[{"href":"https:\/\/www.europesays.com\/fr\/wp-json\/wp\/v2\/media?parent=308314"}],"wp:term":[{"taxonomy":"category","embeddable":true,"href":"https:\/\/www.europesays.com\/fr\/wp-json\/wp\/v2\/categories?post=308314"},{"taxonomy":"post_tag","embeddable":true,"href":"https:\/\/www.europesays.com\/fr\/wp-json\/wp\/v2\/tags?post=308314"}],"curies":[{"name":"wp","href":"https:\/\/api.w.org\/{rel}","templated":true}]}}