{"id":308316,"date":"2025-08-09T23:33:15","date_gmt":"2025-08-09T23:33:15","guid":{"rendered":"https:\/\/www.europesays.com\/fr\/308316\/"},"modified":"2025-08-09T23:33:15","modified_gmt":"2025-08-09T23:33:15","slug":"royaume-uni-466-arrestations-lors-dune-manifestation-en-soutien-au-groupe-interdit-palestine-action-09-08-2025-a-2354","status":"publish","type":"post","link":"https:\/\/www.europesays.com\/fr\/308316\/","title":{"rendered":"Royaume-Uni : 466 arrestations lors d&rsquo;une manifestation en soutien au groupe interdit Palestine Action &#8211; 09\/08\/2025 \u00e0 23:54"},"content":{"rendered":"<p>        <img fetchpriority=\"high\" decoding=\"async\" src=\"https:\/\/www.europesays.com\/fr\/wp-content\/uploads\/2025\/08\/b7f29ba09ed417809c1267f12254981a-760x519.jpg\" alt=\"Un manifestant est emmen\u00e9 par des policiers lors d'une manifestation \u00ab Lift The Ban \u00bb (L\u00e8ve l'interdiction) en soutien au groupe interdit Palestine Action, qui r\u00e9clame la lev\u00e9e de l'interdiction r\u00e9cemment impos\u00e9e, sur Parliament Square, dans le centre de Londres, le 9 ao\u00fbt 2025 ( AFP \/ HENRY NICHOLLS )\" loading=\"eager\" width=\"760\" height=\"519\" style=\"max-width: 100%!important; height: auto;\"\/><\/p>\n<p class=\"c-image-news__legend\">Un manifestant est emmen\u00e9 par des policiers lors d&rsquo;une manifestation \u00ab Lift The Ban \u00bb (L\u00e8ve l&rsquo;interdiction) en soutien au groupe interdit Palestine Action, qui r\u00e9clame la lev\u00e9e de l&rsquo;interdiction r\u00e9cemment impos\u00e9e, sur Parliament Square, dans le centre de Londres, le 9 ao\u00fbt 2025 ( AFP \/ HENRY NICHOLLS )<\/p>\n<p>\n Un total de 466 partisans de l&rsquo;organisation Palestine Action ont \u00e9t\u00e9 arr\u00eat\u00e9s samedi \u00e0 Londres au cours d&rsquo;une manifestation de soutien \u00e0 ce r\u00e9seau propalestinien, interdit d\u00e9but juillet et class\u00e9 \u00ab\u00a0organisation terroriste\u00a0\u00bb, a annonc\u00e9 la police londonienne.\n<\/p>\n<p>\n Celle-ci a proc\u00e9d\u00e9 \u00e0 ces interpellations &#8211; un des plus grands nombres pendant une seule manifestation dans la capitale britannique &#8211; pour \u00ab\u00a0soutien \u00e0 une organisation interdite\u00a0\u00bb.\n<\/p>\n<p>\n La police a pr\u00e9cis\u00e9 avoir arr\u00eat\u00e9 ou \u00eatre \u00ab\u00a0en train de le faire\u00a0\u00bb toutes les personnes ayant brandi la pancarte \u00ab\u00a0Je m&rsquo;oppose au g\u00e9nocide, je soutiens Palestine Action\u00a0\u00bb.\n<\/p>\n<p>        <img decoding=\"async\" src=\"https:\/\/www.europesays.com\/fr\/wp-content\/uploads\/2025\/08\/76c768b65717d1d5a97ae5a017ef1fdf-760x507.jpg\" alt=\"Un manifestant est emmen\u00e9 par des policiers lors d'une manifestation \u00ab Lift The Ban \u00bb (L\u00e8ve l'interdiction) en soutien au groupe interdit Palestine Action, qui r\u00e9clame la lev\u00e9e de l'interdiction r\u00e9cemment impos\u00e9e, sur Parliament Square, dans le centre de Londres, le 9 ao\u00fbt 2025 ( AFP \/ Chris J Ratcliffe )\" loading=\"eager\" width=\"760\" height=\"507\" style=\"max-width: 100%!important; height: auto;\"\/><\/p>\n<p class=\"c-image-news__legend\">Un manifestant est emmen\u00e9 par des policiers lors d&rsquo;une manifestation \u00ab Lift The Ban \u00bb (L\u00e8ve l&rsquo;interdiction) en soutien au groupe interdit Palestine Action, qui r\u00e9clame la lev\u00e9e de l&rsquo;interdiction r\u00e9cemment impos\u00e9e, sur Parliament Square, dans le centre de Londres, le 9 ao\u00fbt 2025 ( AFP \/ Chris J Ratcliffe )<\/p>\n<p>\n Sur place, des manifestants ont port\u00e9 d&rsquo;autres pancartes comme \u00ab\u00a0Agir contre le g\u00e9nocide n&rsquo;est pas un crime\u00a0\u00bb ou \u00ab\u00a0Free Palestine\u00a0\u00bb.\n<\/p>\n<p>\n La guerre dans la bande de Gaza a \u00e9t\u00e9 d\u00e9clench\u00e9e apr\u00e8s l&rsquo;attaque sans pr\u00e9c\u00e9dent du Hamas en Isra\u00ebl le 7 octobre 2023 qui a entra\u00een\u00e9 la mort de 1.219 personnes, en majorit\u00e9 des civils, selon un d\u00e9compte de l&rsquo;AFP r\u00e9alis\u00e9 \u00e0 partir de donn\u00e9es officielles isra\u00e9liennes.\n<\/p>\n<p>\n Les repr\u00e9sailles isra\u00e9liennes ont depuis fait au moins 61.369 morts dans ce territoire palestinien, majoritairement des civils, selon les chiffres du minist\u00e8re de la Sant\u00e9 du Hamas, jug\u00e9s fiables par l&rsquo;ONU.\n<\/p>\n<p>\n \u00ab\u00a0C&rsquo;est un imp\u00e9ratif moral d&rsquo;\u00eatre ici\u00a0\u00bb, a d\u00e9clar\u00e9 \u00e0 l&rsquo;AFP Mathilda, qui ne souhaitait pas donner son patronyme.\n<\/p>\n<p>\n \u00ab\u00a0S&rsquo;ils veulent m&rsquo;arr\u00eater, je ne m&rsquo;enfuirai pas et je ne me cacherai pas\u00a0\u00bb, a ajout\u00e9 cette septuag\u00e9naire arriv\u00e9e sp\u00e9cialement de Bristol, \u00e0 l&rsquo;ouest de Londres, et qui \u00e9tait assise aux c\u00f4t\u00e9s d&rsquo;autres manifestants avec la pancarte de soutien au groupe interdit.\n<\/p>\n<p> &#8211; \u00ab\u00a0Rien \u00e0 me reprocher\u00a0\u00bb &#8211;<\/p>\n<p>\n \u00ab\u00a0Qu&rsquo;ils nous arr\u00eatent tous\u00a0\u00bb, a rench\u00e9ri Richard Bull, un londonien de 42 ans dans un fauteuil roulant. \u00ab\u00a0Ce gouvernement est all\u00e9 trop loin. Je n&rsquo;ai rien \u00e0 me reprocher.\u00a0\u00bb\n<\/p>\n<p>        <img decoding=\"async\" src=\"https:\/\/www.europesays.com\/fr\/wp-content\/uploads\/2025\/08\/efef9877d967600af8b45e95df8c63f0-511x768.jpg\" alt=\"Des manifestants brandissent des pancartes en faveur de Palestine Action lors d'une manifestation intitul\u00e9e \u00ab Lift The Ban \u00bb (L\u00e8ve l'interdiction) organis\u00e9e pour soutenir le groupe interdit Palestine Action et demander la lev\u00e9e de l'interdiction r\u00e9cemment impos\u00e9e, sur Parliament Square, dans le centre de Londres, le 9 ao\u00fbt 2025. ( AFP \/ Chris J Ratcliffe )\" loading=\"eager\" width=\"511\" height=\"768\" style=\"max-width: 100%!important; height: auto;\"\/><\/p>\n<p class=\"c-image-news__legend\">Des manifestants brandissent des pancartes en faveur de Palestine Action lors d&rsquo;une manifestation intitul\u00e9e \u00ab Lift The Ban \u00bb (L\u00e8ve l&rsquo;interdiction) organis\u00e9e pour soutenir le groupe interdit Palestine Action et demander la lev\u00e9e de l&rsquo;interdiction r\u00e9cemment impos\u00e9e, sur Parliament Square, dans le centre de Londres, le 9 ao\u00fbt 2025. ( AFP \/ Chris J Ratcliffe )<\/p>\n<p>\n De nombreux drapeaux palestiniens \u00e9taient visibles dans la foule, \u00e0 quelques pas de laquelle \u00e9taient align\u00e9s des voitures de police, a constat\u00e9 une journaliste de l&rsquo;AFP.\n<\/p>\n<p>\n Les forces de l&rsquo;ordre avaient mis en garde les participants contre les \u00ab\u00a0potentielles cons\u00e9quences p\u00e9nales\u00a0\u00bb de leurs actes.\n<\/p>\n<p>\n Les personnes arr\u00eat\u00e9es n&rsquo;ont pas oppos\u00e9 de r\u00e9sistance, beaucoup formant un \u00ab\u00a0V\u00a0\u00bb de la victoire avec leurs doigts, sous les applaudissements d&rsquo;autres manifestants, a constat\u00e9 une journaliste de l&rsquo;AFP.\n<\/p>\n<p>\n Palestine Action a \u00e9t\u00e9 ajout\u00e9e d\u00e9but juillet \u00e0 la liste des organisations consid\u00e9r\u00e9es comme \u00ab\u00a0terroristes\u00a0\u00bb au Royaume-Uni, apr\u00e8s des actes de vandalisme perp\u00e9tr\u00e9s par ses militants, notamment sur une base de l&rsquo;arm\u00e9e de l&rsquo;air.\n<\/p>\n<p>\n Le groupe Defend Our Juries organise depuis des manifestations pour protester contre cette interdiction, jug\u00e9e \u00ab\u00a0disproportionn\u00e9e\u00a0\u00bb par l&rsquo;ONU.\n<\/p>\n<p>\n \u00ab\u00a0Nous continuerons tant que le gouvernement tentera de faire taire ceux qui d\u00e9noncent sa complicit\u00e9 dans des crimes de guerre\u00a0\u00bb, a r\u00e9agi Defend Our Juries dans un communiqu\u00e9.\n<\/p>\n<p>\n \u00ab\u00a0Nous sommes d\u00e9j\u00e0 de plus en plus nombreux \u00e0 nous pr\u00e9parer pour la prochaine vague d&rsquo;actions en septembre\u00a0\u00bb.\n<\/p>\n<p>\n \u00ab\u00a0L&rsquo;arrestation de manifestants par ailleurs pacifiques constitue une violation des obligations internationales du Royaume-Uni de prot\u00e9ger les droits \u00e0 la libert\u00e9 d&rsquo;expression et de r\u00e9union\u00a0\u00bb, a d\u00e9nonc\u00e9 l&rsquo;ONG Amnesty International samedi sur X.\n<\/p>\n<p>\n Le gouvernement britannique affirme que les sympathisants de Palestine Action \u00ab\u00a0ne connaissent pas la vraie nature\u00a0\u00bb de ce mouvement. \u00ab\u00a0Ce n&rsquo;est pas une organisation non violente\u00a0\u00bb, a assur\u00e9 la ministre de l&rsquo;Int\u00e9rieur Yvette Cooper, disant disposer d'\u00a0\u00bbinformations inqui\u00e9tantes\u00a0\u00bb sur ses projets.\n<\/p>\n<p>\n Plus de 200 de ses partisans avaient d\u00e9j\u00e0 \u00e9t\u00e9 interpell\u00e9s avant la manifestation de samedi, selon Tim Crosland, un repr\u00e9sentant de Defend Our Juries.\n<\/p>\n<p>\n Trois personnes ont \u00e9t\u00e9 inculp\u00e9es en vertu de la loi antiterroriste jeudi pour avoir exprim\u00e9 leur soutien \u00e0 Palestine Action, une infraction passible de jusqu&rsquo;\u00e0 six mois de prison.\n<\/p>\n<p>\n L&rsquo;appartenance \u00e0 un groupe interdit ou l&rsquo;incitation \u00e0 le soutenir peut quant \u00e0 elle valoir jusqu&rsquo;\u00e0 14 ans de prison.\n<\/p>\n<p>\n L&rsquo;interdiction de Palestine Action a donn\u00e9 lieu \u00e0 une action en justice entam\u00e9e par Huda Ammori, cofondatrice en 2020 de cette organisation qui se pr\u00e9sentait comme un \u00ab\u00a0r\u00e9seau d&rsquo;action directe\u00a0\u00bb visant \u00e0 d\u00e9noncer \u00ab\u00a0la complicit\u00e9 britannique\u00a0\u00bb avec l&rsquo;Etat d&rsquo;Isra\u00ebl, en particulier sur la question des ventes d&rsquo;armes. La justice britannique doit examiner ce recours en novembre.<\/p>\n","protected":false},"excerpt":{"rendered":"Un manifestant est emmen\u00e9 par des policiers lors d&rsquo;une manifestation \u00ab Lift The Ban \u00bb (L\u00e8ve l&rsquo;interdiction) en&hellip;\n","protected":false},"author":2,"featured_media":308317,"comment_status":"","ping_status":"","sticky":false,"template":"","format":"standard","meta":{"footnotes":""},"categories":[1588],"tags":[400,11,398,408,405,1777,674,403,402,399,404,12,473,1853,401,406,1851,1850,1852,407],"class_list":{"0":"post-308316","1":"post","2":"type-post","3":"status-publish","4":"format-standard","5":"has-post-thumbnail","7":"category-royaume-uni","8":"tag-action-cac-40","9":"tag-actualites","10":"tag-bourse-de-paris","11":"tag-boursorama","12":"tag-cotations","13":"tag-eu","14":"tag-europe","15":"tag-indices-devises","16":"tag-investir","17":"tag-investissement","18":"tag-marche-boursier","19":"tag-news","20":"tag-royaume-uni","21":"tag-royaume-uni-de-grande-bretagne-et-dirlande-du-nord","22":"tag-sicav","23":"tag-trackers","24":"tag-uk","25":"tag-united-kingdom","26":"tag-united-kingdom-of-great-britain-and-northern-ireland","27":"tag-warrants"},"share_on_mastodon":{"url":"https:\/\/pubeurope.com\/@fr\/115001426383531885","error":""},"_links":{"self":[{"href":"https:\/\/www.europesays.com\/fr\/wp-json\/wp\/v2\/posts\/308316","targetHints":{"allow":["GET"]}}],"collection":[{"href":"https:\/\/www.europesays.com\/fr\/wp-json\/wp\/v2\/posts"}],"about":[{"href":"https:\/\/www.europesays.com\/fr\/wp-json\/wp\/v2\/types\/post"}],"author":[{"embeddable":true,"href":"https:\/\/www.europesays.com\/fr\/wp-json\/wp\/v2\/users\/2"}],"replies":[{"embeddable":true,"href":"https:\/\/www.europesays.com\/fr\/wp-json\/wp\/v2\/comments?post=308316"}],"version-history":[{"count":0,"href":"https:\/\/www.europesays.com\/fr\/wp-json\/wp\/v2\/posts\/308316\/revisions"}],"wp:featuredmedia":[{"embeddable":true,"href":"https:\/\/www.europesays.com\/fr\/wp-json\/wp\/v2\/media\/308317"}],"wp:attachment":[{"href":"https:\/\/www.europesays.com\/fr\/wp-json\/wp\/v2\/media?parent=308316"}],"wp:term":[{"taxonomy":"category","embeddable":true,"href":"https:\/\/www.europesays.com\/fr\/wp-json\/wp\/v2\/categories?post=308316"},{"taxonomy":"post_tag","embeddable":true,"href":"https:\/\/www.europesays.com\/fr\/wp-json\/wp\/v2\/tags?post=308316"}],"curies":[{"name":"wp","href":"https:\/\/api.w.org\/{rel}","templated":true}]}}