{"id":308326,"date":"2025-08-09T23:38:19","date_gmt":"2025-08-09T23:38:19","guid":{"rendered":"https:\/\/www.europesays.com\/fr\/308326\/"},"modified":"2025-08-09T23:38:19","modified_gmt":"2025-08-09T23:38:19","slug":"la-vie-des-ex-une-passe-decisive-et-une-victoire-pour-florian-thauvin-le-neo-lensois","status":"publish","type":"post","link":"https:\/\/www.europesays.com\/fr\/308326\/","title":{"rendered":"La vie des ex : une passe d\u00e9cisive et une victoire pour Florian Thauvin, le n\u00e9o-Lensois"},"content":{"rendered":"<p>Juste avant la victoire de <a href=\"https:\/\/www.laprovence.com\/article\/om\/82717808692613\/direct-laprovence-direct-om-suivez-le-dernier-match-amical-de-lete-contre-aston-villa\" target=\"_blank\" rel=\"noopener\">l&rsquo;OM contre Aston Villa au V\u00e9lodrome (3-1)<\/a>, Florian Thauvin a \u00e9t\u00e9 l&rsquo;attraction du dernier match de pr\u00e9paration du RC Lens ce samedi \u00e0 domicile contre le RB Leipzig (victoire 2-1), livrant une passe d\u00e9cisive de grande classe d\u00e8s son premier match sous les couleurs des Sang et Or. \u00c0 peine une minute apr\u00e8s son entr\u00e9e en jeu, tr\u00e8s acclam\u00e9e, le champion du monde 2018 a acc\u00e9l\u00e9r\u00e9 sur le c\u00f4t\u00e9 gauche, \u00e9limin\u00e9 un d\u00e9fenseur adverse d&rsquo;un crochet int\u00e9rieur puis offert un centre parfait \u00e0 Matthieu Udol, qui a envoy\u00e9 de la t\u00eate le ballon au fond des filets (2-0, 63e).<\/p>\n<p>Florian Thauvin, \u00ab\u00a0c&rsquo;est un joueur qui a \u00e7a dans le logiciel, c&rsquo;est aussi pour \u00e7a qu&rsquo;on l&rsquo;a pris. On est tr\u00e8s content qu&rsquo;il ait pu l&rsquo;exprimer\u00a0\u00bb aussi vite, a r\u00e9agi apr\u00e8s le match l&rsquo;entra\u00eeneur lensois Pierre Sage au micro de la cha\u00eene r\u00e9gionale W\u00e9o.<\/p>\n<p>Apr\u00e8s une premi\u00e8re p\u00e9riode fade, Lens s&rsquo;\u00e9tait d\u00e9j\u00e0 mis sur de bons rails gr\u00e2ce \u00e0 une t\u00eate plongeante d&rsquo;Adrien Thomasson (58e). L&rsquo;ancien Sang et Or Lo\u00efs Openda a r\u00e9duit l&rsquo;\u00e9cart pour le RB Leipzig en fin de match (82e).<\/p>\n<p>Thauvin, 32 ans, <a href=\"https:\/\/www.laprovence.com\/article\/om\/2929594176954914\/om-la-vie-des-ex-florian-thauvin-est-officiellement-lensois\" target=\"_blank\" rel=\"noopener\">s&rsquo;est engag\u00e9 cette semaine avec Lens<\/a> jusqu&rsquo;en 2028 en provenance de l&rsquo;Udinese. Il s&rsquo;est vu attribuer le maillot n\u00b010, celui du meneur de jeu.<\/p>\n","protected":false},"excerpt":{"rendered":"Juste avant la victoire de l&rsquo;OM contre Aston Villa au V\u00e9lodrome (3-1), Florian Thauvin a \u00e9t\u00e9 l&rsquo;attraction du&hellip;\n","protected":false},"author":2,"featured_media":308327,"comment_status":"","ping_status":"","sticky":false,"template":"","format":"standard","meta":{"footnotes":""},"categories":[2],"tags":[17,11,33898,154,1011,27,12,149,5242,25,96,4717],"class_list":{"0":"post-308326","1":"post","2":"type-post","3":"status-publish","4":"format-standard","5":"has-post-thumbnail","7":"category-actualites","8":"tag-17","9":"tag-actualites","10":"tag-decisive","11":"tag-des","12":"tag-fr","13":"tag-france","14":"tag-news","15":"tag-om","16":"tag-passe","17":"tag-republique-francaise","18":"tag-une","19":"tag-vie"},"share_on_mastodon":{"url":"https:\/\/pubeurope.com\/@fr\/115001445817780487","error":""},"_links":{"self":[{"href":"https:\/\/www.europesays.com\/fr\/wp-json\/wp\/v2\/posts\/308326","targetHints":{"allow":["GET"]}}],"collection":[{"href":"https:\/\/www.europesays.com\/fr\/wp-json\/wp\/v2\/posts"}],"about":[{"href":"https:\/\/www.europesays.com\/fr\/wp-json\/wp\/v2\/types\/post"}],"author":[{"embeddable":true,"href":"https:\/\/www.europesays.com\/fr\/wp-json\/wp\/v2\/users\/2"}],"replies":[{"embeddable":true,"href":"https:\/\/www.europesays.com\/fr\/wp-json\/wp\/v2\/comments?post=308326"}],"version-history":[{"count":0,"href":"https:\/\/www.europesays.com\/fr\/wp-json\/wp\/v2\/posts\/308326\/revisions"}],"wp:featuredmedia":[{"embeddable":true,"href":"https:\/\/www.europesays.com\/fr\/wp-json\/wp\/v2\/media\/308327"}],"wp:attachment":[{"href":"https:\/\/www.europesays.com\/fr\/wp-json\/wp\/v2\/media?parent=308326"}],"wp:term":[{"taxonomy":"category","embeddable":true,"href":"https:\/\/www.europesays.com\/fr\/wp-json\/wp\/v2\/categories?post=308326"},{"taxonomy":"post_tag","embeddable":true,"href":"https:\/\/www.europesays.com\/fr\/wp-json\/wp\/v2\/tags?post=308326"}],"curies":[{"name":"wp","href":"https:\/\/api.w.org\/{rel}","templated":true}]}}