{"id":308330,"date":"2025-08-09T23:41:11","date_gmt":"2025-08-09T23:41:11","guid":{"rendered":"https:\/\/www.europesays.com\/fr\/308330\/"},"modified":"2025-08-09T23:41:11","modified_gmt":"2025-08-09T23:41:11","slug":"beachvolley-cheville-blessee-tanja-huberli-forfait-pour-plusieurs-mois","status":"publish","type":"post","link":"https:\/\/www.europesays.com\/fr\/308330\/","title":{"rendered":"Beachvolley: Cheville bless\u00e9e : Tanja H\u00fcberli forfait pour plusieurs mois"},"content":{"rendered":"<p class=\"a-paragraph a-paragraph--lead\" data-t-name=\"Paragraph\">Tanja H\u00fcberli sera absente plusieurs mois. La m\u00e9daill\u00e9e de bronze aux JO de Paris s&rsquo;est bless\u00e9e cette semaine \u00e0 la cheville gauche et doit se r\u00e9soudre \u00e0 une op\u00e9ration.<\/p>\n<p>  <img decoding=\"async\" class=\"m-image-and-caption__image lazyload\" src=\"https:\/\/www.europesays.com\/fr\/wp-content\/uploads\/2025\/08\/2cac6e36-d3d8-4bce-a109-96bb6190524b.jpeg\"  data- alt=\"Bless\u00e9e \u00e0 la cheville, Tanja H\u00fcberli doit observer une pause de trois mois.\"\/><\/p>\n<p>      Bless\u00e9e \u00e0 la cheville, Tanja H\u00fcberli doit observer une pause de trois mois.<\/p>\n<p>        IMAGO\n      <\/p>\n<p class=\"a-paragraph\" data-t-name=\"Paragraph\">L&rsquo;accident s&rsquo;est produit mercredi lors du tournoi Challenge \u00e0 Baden en Autriche. La Schwytzoise de 32 ans s&rsquo;est foul\u00e9 la cheville lors du match du premier tour avec sa nouvelle partenaire Leona Kernen. La paire helv\u00e9tique menait clairement \u00e0 ce moment-l\u00e0, mais a d\u00fb abandonner en raison de la blessure.<\/p>\n<p class=\"a-paragraph\" data-t-name=\"Paragraph\">Des examens compl\u00e9mentaires effectu\u00e9s en Suisse ont r\u00e9v\u00e9l\u00e9 une d\u00e9chirure du cartilage, deux ligaments externes d\u00e9chir\u00e9s et une d\u00e9chirure partielle du ligament interne, comme l&rsquo;a annonc\u00e9 Swiss Volley. H\u00fcberli sera op\u00e9r\u00e9e mercredi prochain. L&rsquo;objectif de l&rsquo;intervention est de r\u00e9tablir la stabilit\u00e9 de la cheville et de permettre un retour \u00e0 la comp\u00e9tition dans environ trois mois.<\/p>\n<p class=\"a-paragraph\" data-t-name=\"Paragraph\">\u00abNotre objectif est le championnat du monde en novembre. Je ferai tout pour que Leona et moi puissions y participer\u00bb, a d\u00e9clar\u00e9 H\u00fcberli dans le communiqu\u00e9 de la f\u00e9d\u00e9ration. La semaine prochaine, une d\u00e9cision sera prise quant \u00e0 la mani\u00e8re dont Kernen s&rsquo;entra\u00eenera et participera aux comp\u00e9titions pendant la pause forc\u00e9e de sa partenaire.<\/p>\n","protected":false},"excerpt":{"rendered":"Tanja H\u00fcberli sera absente plusieurs mois. La m\u00e9daill\u00e9e de bronze aux JO de Paris s&rsquo;est bless\u00e9e cette semaine&hellip;\n","protected":false},"author":2,"featured_media":308331,"comment_status":"","ping_status":"","sticky":false,"template":"","format":"standard","meta":{"footnotes":""},"categories":[1417],"tags":[1011,27,60,1470,1469],"class_list":{"0":"post-308330","1":"post","2":"type-post","3":"status-publish","4":"format-standard","5":"has-post-thumbnail","7":"category-volley","8":"tag-fr","9":"tag-france","10":"tag-sports","11":"tag-volley","12":"tag-volleyball"},"share_on_mastodon":{"url":"https:\/\/pubeurope.com\/@fr\/115001457677633753","error":""},"_links":{"self":[{"href":"https:\/\/www.europesays.com\/fr\/wp-json\/wp\/v2\/posts\/308330","targetHints":{"allow":["GET"]}}],"collection":[{"href":"https:\/\/www.europesays.com\/fr\/wp-json\/wp\/v2\/posts"}],"about":[{"href":"https:\/\/www.europesays.com\/fr\/wp-json\/wp\/v2\/types\/post"}],"author":[{"embeddable":true,"href":"https:\/\/www.europesays.com\/fr\/wp-json\/wp\/v2\/users\/2"}],"replies":[{"embeddable":true,"href":"https:\/\/www.europesays.com\/fr\/wp-json\/wp\/v2\/comments?post=308330"}],"version-history":[{"count":0,"href":"https:\/\/www.europesays.com\/fr\/wp-json\/wp\/v2\/posts\/308330\/revisions"}],"wp:featuredmedia":[{"embeddable":true,"href":"https:\/\/www.europesays.com\/fr\/wp-json\/wp\/v2\/media\/308331"}],"wp:attachment":[{"href":"https:\/\/www.europesays.com\/fr\/wp-json\/wp\/v2\/media?parent=308330"}],"wp:term":[{"taxonomy":"category","embeddable":true,"href":"https:\/\/www.europesays.com\/fr\/wp-json\/wp\/v2\/categories?post=308330"},{"taxonomy":"post_tag","embeddable":true,"href":"https:\/\/www.europesays.com\/fr\/wp-json\/wp\/v2\/tags?post=308330"}],"curies":[{"name":"wp","href":"https:\/\/api.w.org\/{rel}","templated":true}]}}