{"id":30834,"date":"2025-04-17T04:51:11","date_gmt":"2025-04-17T04:51:11","guid":{"rendered":"https:\/\/www.europesays.com\/fr\/30834\/"},"modified":"2025-04-17T04:51:11","modified_gmt":"2025-04-17T04:51:11","slug":"atp-wta-serena-williams-sur-la-suspension-de-jannik-sinner-si-javais-fait-cela-jaurais-pris-20-ans-soyons-honnetes-on-maurait-enleve-des-tournois-du-grand-chelem-on-en-aurait","status":"publish","type":"post","link":"https:\/\/www.europesays.com\/fr\/30834\/","title":{"rendered":"ATP &#8211; WTA > Serena Williams, sur la suspension de Jannik Sinner\u00a0:\u00a0\u00ab\u00a0Si j&rsquo;avais fait cela, j&rsquo;aurais pris 20 ans. Soyons honn\u00eates. On m&rsquo;aurait enlev\u00e9 des tournois du Grand Chelem. On en aurait entendu parler dans un autre\u00a0multivers\u00a0\u00bb"},"content":{"rendered":"<p>Suspendu trois mois suite \u00e0 un accord avec l\u2019Agence Mondiale Antidopage (AMA), Jannik Sinner n\u2019en finit plus d\u2019animer les d\u00e9bats. Dans un r\u00e9cent et long entre\u00adtien accord\u00e9 au <a href=\"https:\/\/time.com\/7277099\/serena-williams-interview-time100-2025\/\" data-wpel-link=\"external\" target=\"_blank\" rel=\"nofollow external noopener\">Time<\/a>, Serena Williams a \u00e9t\u00e9 invit\u00e9e \u00e0 donner son avis sur la situa\u00adtion du num\u00e9ro 1 mondial.<\/p>\n<p><strong>\u00ab\u202fUne person\u00adna\u00adlit\u00e9 fantas\u00adtique. J\u2019aime cet homme. Il est formi\u00addable pour le sport\u202f\u00bb<\/strong>, commence par d\u00e9clarer la l\u00e9gende am\u00e9ri\u00adcaine avant d\u2019\u00e9vo\u00adquer l\u2019af\u00adfaire. <strong>\u00ab\u202fOn m\u2019a telle\u00adment rabaiss\u00e9e que je ne veux rabaisser personne. Le tennis masculin a besoin de lui. Mais, si j\u2019avais fait cela, j\u2019au\u00adrais pris 20 ans. Soyons honn\u00eates. On m\u2019au\u00adrait enlev\u00e9 des tour\u00adnois du Grand Chelem. On en aurait entendu parler dans un autre\u00a0multivers.\u202f\u00bb<\/strong><\/p>\n<p class=\"post-published-date\" style=\"color: silver; font-size: 75%; text-align: left;\">Publi\u00e9 le mercredi 16 avril 2025 \u00e0 19:45<\/p>\n","protected":false},"excerpt":{"rendered":"Suspendu trois mois suite \u00e0 un accord avec l\u2019Agence Mondiale Antidopage (AMA), Jannik Sinner n\u2019en finit plus d\u2019animer&hellip;\n","protected":false},"author":2,"featured_media":13173,"comment_status":"","ping_status":"","sticky":false,"template":"","format":"standard","meta":{"footnotes":""},"categories":[1415],"tags":[1011,27,2201,2127,60,1467],"class_list":{"0":"post-30834","1":"post","2":"type-post","3":"status-publish","4":"format-standard","5":"has-post-thumbnail","7":"category-tennis","8":"tag-fr","9":"tag-france","10":"tag-serena-williams","11":"tag-sinner","12":"tag-sports","13":"tag-tennis"},"share_on_mastodon":{"url":"https:\/\/pubeurope.com\/@fr\/114351510770920849","error":""},"_links":{"self":[{"href":"https:\/\/www.europesays.com\/fr\/wp-json\/wp\/v2\/posts\/30834","targetHints":{"allow":["GET"]}}],"collection":[{"href":"https:\/\/www.europesays.com\/fr\/wp-json\/wp\/v2\/posts"}],"about":[{"href":"https:\/\/www.europesays.com\/fr\/wp-json\/wp\/v2\/types\/post"}],"author":[{"embeddable":true,"href":"https:\/\/www.europesays.com\/fr\/wp-json\/wp\/v2\/users\/2"}],"replies":[{"embeddable":true,"href":"https:\/\/www.europesays.com\/fr\/wp-json\/wp\/v2\/comments?post=30834"}],"version-history":[{"count":0,"href":"https:\/\/www.europesays.com\/fr\/wp-json\/wp\/v2\/posts\/30834\/revisions"}],"wp:featuredmedia":[{"embeddable":true,"href":"https:\/\/www.europesays.com\/fr\/wp-json\/wp\/v2\/media\/13173"}],"wp:attachment":[{"href":"https:\/\/www.europesays.com\/fr\/wp-json\/wp\/v2\/media?parent=30834"}],"wp:term":[{"taxonomy":"category","embeddable":true,"href":"https:\/\/www.europesays.com\/fr\/wp-json\/wp\/v2\/categories?post=30834"},{"taxonomy":"post_tag","embeddable":true,"href":"https:\/\/www.europesays.com\/fr\/wp-json\/wp\/v2\/tags?post=30834"}],"curies":[{"name":"wp","href":"https:\/\/api.w.org\/{rel}","templated":true}]}}