{"id":308349,"date":"2025-08-09T23:53:12","date_gmt":"2025-08-09T23:53:12","guid":{"rendered":"https:\/\/www.europesays.com\/fr\/308349\/"},"modified":"2025-08-09T23:53:12","modified_gmt":"2025-08-09T23:53:12","slug":"la-guerre-reprend-de-maniere-tres-violente-sur-les-reseaux","status":"publish","type":"post","link":"https:\/\/www.europesays.com\/fr\/308349\/","title":{"rendered":"la guerre reprend de mani\u00e8re tr\u00e8s violente sur les r\u00e9seaux"},"content":{"rendered":"<p itemprop=\"description\"><strong>Cette fois, on a encore franchi une \u00e9tape dans la violence au niveau des attaques.<\/strong><\/p>\n<p>Il f\u00fbt un temps pas si lointain o\u00f9, <strong>quand \u00e7a se d\u00e9testait dans le rap fran\u00e7ais, \u00e7a s&rsquo;envoyait de gros diss tracks<\/strong>, avec de belles insultes, deux ou trois dossiers, et <strong>chacun repartait sur son chemin<\/strong>, en ne se recroisant jamais. Mais depuis les r\u00e9seaux sociaux, \u00e7a a pris une tournure diff\u00e9rente. On peut le v\u00e9rifier si on prend comme exemple <strong><a href=\"https:\/\/generations.fr\/news\/coulisse\/80147\/rohff-accuse-booba-d-acheter-des-streams-le-duc-repond\" target=\"_blank\" rel=\"noopener\">le clash entre Booba et Rohff<\/a> : presque 20 ans que cette rivalit\u00e9 dure, mais les deux gars ne veulent pas se l\u00e2cher<\/strong>. Et ces derniers jours, <strong>la violence des attaques entre les deux rappeurs a augment\u00e9.<\/strong><\/p>\n<blockquote class=\"twitter-tweet\"><p>&#13;<\/p>\n<p dir=\"ltr\" lang=\"fr\">.<a href=\"https:\/\/twitter.com\/rohff?ref_src=twsrc%5Etfw\" target=\"_blank\" rel=\"noopener\">@rohff<\/a> \u00ab\u00a0NOIRABE\u00a0\u00bb insulte les m\u00e9tisses mais a 4 enfants m\u00e9tisses. Tu es et tu resteras le plus grand imb\u00e9cile et le plus gros haineux du rap Fran\u00e7ais. <a href=\"https:\/\/t.co\/nGlJC05tRJ\">pic.twitter.com\/nGlJC05tRJ<\/a><\/p>\n<p>&#13;<br \/>\n\u2014 Booba (@booba) <a href=\"https:\/\/twitter.com\/booba\/status\/1953041077390209200?ref_src=twsrc%5Etfw\" target=\"_blank\" rel=\"noopener\">August 6, 2025<\/a><\/p><\/blockquote>\n<p>On ne saurait pas trop dire qui a commenc\u00e9, cette fois. Il faut dire que <strong>les deux rappeurs, du haut de leur grand \u00e2ge, font toujours preuve d&rsquo;une grande maturit\u00e9 d\u00e8s qu&rsquo;ils voient une opportunit\u00e9 pour attaquer leur ennemi (non, c&rsquo;est faux)<\/strong>. En r\u00e9ponse \u00e0 des haters d&rsquo;internet qui lui reprochaient d&rsquo;\u00eatre trop proches des musulmans et des maghr\u00e9bins et pas assez proche des noirs africains (quel plaisir cette mentalit\u00e9 communautariste idiote directement import\u00e9e des States, la bass\u00e9misation des cerveaux continue), <strong>Rohff a annonc\u00e9 la sortie d&rsquo;un morceau \u00ab\u00a0Noirabe\u00a0\u00bb pour faire taire les rageux<\/strong>. Une \u00ab\u00a0take\u00a0\u00bb risqu\u00e9e, et <a href=\"https:\/\/generations.fr\/news\/coulisse\/80154\/en-clash-avec-booba-didi-b-a-decide-de-sortir-un-son-pour-desire-doue-et-le-footballeur-valide\" target=\"_blank\" rel=\"noopener\">Booba<\/a> n&rsquo;a \u00e9videmment pas manqu\u00e9 l&rsquo;occasion de troller son opps.<\/p>\n<blockquote class=\"instagram-media\" style=\"background: #FFF; border: 0; border-radius: 3px; box-shadow: 0 0 1px 0 rgba(0,0,0,0.5),0 1px 10px 0 rgba(0,0,0,0.15); margin: 1px; max-width: 540px; min-width: 326px; padding: 0; width: calc(100% - 2px);\" data-instgrm-captioned=\"\" data-instgrm-permalink=\"https:\/\/www.instagram.com\/p\/DNBsRcPupex\/?utm_source=ig_embed&amp;utm_campaign=loading\" data-instgrm-version=\"14\"><p>&#13;<br \/>\n&#13;\n<\/p><\/blockquote>\n<p>Il a imm\u00e9diatement post\u00e9 des tweets <strong>en l&rsquo;insultant d&rsquo;imb\u00e9cile<\/strong>, en faisant r\u00e9f\u00e9rence au fait que Rohff parle soi-disant mal des m\u00e9tisses alors que ses enfants sont eux-m\u00eames m\u00e9tisses. Il l&rsquo;a aussi <strong>accus\u00e9 de jouer la carte panafricaine alors qu&rsquo;il n&rsquo;aurait que tr\u00e8s peu chant\u00e9 en Afrique<\/strong>. Evidemment, Housni ne pouvait pas laisser passer \u00e7a, et il a<strong> r\u00e9pondu avec plusieurs preuves de ses passages en Afrique<\/strong>, en r\u00e9torquant \u00e9galement que le fait que <strong>Booba joue aux africains alors qu&rsquo;il pose en photo avec Bollor\u00e9<\/strong>, et qu&rsquo;il est all\u00e9 en taule pour avoir \u00ab\u00a0braqu\u00e9 des taxis de darons maliens\u00a0\u00bb, c&rsquo;est un peu hypocrite.\u00a0<\/p>\n<blockquote class=\"twitter-tweet\"><p>&#13;<\/p>\n<p dir=\"ltr\" lang=\"fr\">.<a href=\"https:\/\/twitter.com\/rohff?ref_src=twsrc%5Etfw\" target=\"_blank\" rel=\"noopener\">@rohff<\/a> Tu \u00e9tais mon rival tu te d\u00e9merdais bien. Et puis ta haine t&rsquo;as rong\u00e9 de l&rsquo;int\u00e9rieur. Tu as commenc\u00e9 \u00e0 te scarifier \u00e0 frapper des vendeurs de magasins ta\/tes femmes enceinte, tu as braqu\u00e9 ton petit fr\u00e8re tu as clash\u00e9 toute la mafia k1fry jusqu&rsquo;\u00e0 aujourd&rsquo;hui tu es en clash\u2026 <a href=\"https:\/\/t.co\/fZRYuaRGaZ\">pic.twitter.com\/fZRYuaRGaZ<\/a><\/p>\n<p>&#13;<br \/>\n\u2014 Booba (@booba) <a href=\"https:\/\/twitter.com\/booba\/status\/1953180518926676306?ref_src=twsrc%5Etfw\" target=\"_blank\" rel=\"noopener\">August 6, 2025<\/a><\/p><\/blockquote>\n<p>Depuis, <strong>les deux rappeurs ont fait un concours de qui est le meilleur africain<\/strong>. A ce jeu l\u00e0, on dirait bien que c&rsquo;est <a href=\"https:\/\/generations.fr\/video\/clip\/80020\/rohff-et-lyna-mayhem-sortent-un-tube-juste-pour-l-ete-madame\" target=\"_blank\" rel=\"noopener\">Rohff<\/a> qui a gagn\u00e9, mais l&rsquo;affrontement ne s&rsquo;est pas arr\u00eat\u00e9 l\u00e0 pour autant. Il a rapidement d\u00e9riv\u00e9 sur d&rsquo;autres sujets : <strong>Housni a accus\u00e9 Booba d&rsquo;\u00eatre pro-isra\u00e9lien<\/strong> parce que dans une story de son ex-femme Paty, on peut voir des drapeaux isra\u00e9liens en photo. <strong>Kopp a ressorti les accusations de violences conjugales<\/strong> envers ROH2F, tout en <strong>demandant \u00e0 Rohff s&rsquo;il \u00e9tait antis\u00e9mite<\/strong> pour r\u00e9agir comme \u00e7a \u00e0 la simple vue d&rsquo;un drapeau.<\/p>\n<blockquote class=\"instagram-media\" style=\"background: #FFF; border: 0; border-radius: 3px; box-shadow: 0 0 1px 0 rgba(0,0,0,0.5),0 1px 10px 0 rgba(0,0,0,0.15); margin: 1px; max-width: 540px; min-width: 326px; padding: 0; width: calc(100% - 2px);\" data-instgrm-captioned=\"\" data-instgrm-permalink=\"https:\/\/www.instagram.com\/p\/DND43ViIk3L\/?utm_source=ig_embed&amp;utm_campaign=loading\" data-instgrm-version=\"14\"><p>&#13;<br \/>\n&#13;\n<\/p><\/blockquote>\n<p>Bref, <strong>deux des plus vieux et des plus respectables rappeurs fran\u00e7ais sont encore en train de s&rsquo;afficher sur Internet<\/strong>, avec des<strong> vieux relents sectaires, antis\u00e9mites, homophobes<\/strong> (insultes sur le \u00ab\u00a0daron trav\u00a0\u00bb de Kopp), et si \u00e7a fait s\u00fbrement beaucoup rire les coll\u00e9giens et les mongols qui sont dans l&rsquo;un des deux camps, pour les gens qui sont juste fans de rap, on souffle fort&#8230; M\u00eame les palestiniens doivent \u00eatre choqu\u00e9s de se retrouver cit\u00e9s dans un clash entre deux anciens du rap FR.<\/p>\n<blockquote class=\"twitter-tweet\"><p>&#13;<\/p>\n<p dir=\"ltr\" lang=\"fr\">.<a href=\"https:\/\/twitter.com\/rohff?ref_src=twsrc%5Etfw\" target=\"_blank\" rel=\"noopener\">@rohff<\/a> C&rsquo;est ma fille qui \u00e9tait invit\u00e9e \u00e0 une Barmitzvah \ud83e\udd37\ud83c\udffe\u200d\u2642\ufe0f J&rsquo;y \u00e9tais pas mais m\u00eame si j&rsquo;y \u00e9tais y a quoi? T&rsquo;es antis\u00e9mite? \ud83d\ude02 T&rsquo;es tellement tuba mon pauvre. Sors NOIRABE vite que je fasse ma \u00ab\u00a0premi\u00e8re \u00e9coute\u00a0\u00bb \ud83d\ude02\ud83d\ude4c\ud83c\udffe\ud83d\udc4d\ud83c\udffe\ud83c\udff4\u200d\u2620\ufe0f. <a href=\"https:\/\/t.co\/qe6d4RmThK\">pic.twitter.com\/qe6d4RmThK<\/a><\/p>\n<p>&#13;<br \/>\n\u2014 Booba (@booba) <a href=\"https:\/\/twitter.com\/booba\/status\/1953473371406008690?ref_src=twsrc%5Etfw\" target=\"_blank\" rel=\"noopener\">August 7, 2025<\/a><\/p><\/blockquote>\n<blockquote class=\"twitter-tweet\"><p>&#13;<\/p>\n<p dir=\"ltr\" lang=\"fr\">.<a href=\"https:\/\/twitter.com\/rohff?ref_src=twsrc%5Etfw\" target=\"_blank\" rel=\"noopener\">@rohff<\/a> Et oui Housny mon p\u00e8re \u00e9tait absent il est <a href=\"https:\/\/twitter.com\/hashtag\/teamrohff?src=hash&amp;ref_src=twsrc%5Etfw\" target=\"_blank\" rel=\"noopener\">#teamrohff<\/a> sur ces photos on peut voir ton fils dans les bras d&rsquo;un influenceur car papa l&rsquo;a abandonn\u00e9. Je pardonne mon p\u00e8re le p\u00e8re c&rsquo;est sacr\u00e9! Il sera dans mon docu tu comprendras la vie et mon histoire. <a href=\"https:\/\/twitter.com\/hashtag\/NEMESIS?src=hash&amp;ref_src=twsrc%5Etfw\" target=\"_blank\" rel=\"noopener\">#NEMESIS<\/a> \ud83d\ude4c\ud83c\udffe\ud83d\udda4\ud83c\udff4\u200d\u2620\ufe0f <a href=\"https:\/\/t.co\/4VzfCa5pRg\">pic.twitter.com\/4VzfCa5pRg<\/a><\/p>\n<p>&#13;<br \/>\n\u2014 Booba (@booba) <a href=\"https:\/\/twitter.com\/booba\/status\/1953596310835318866?ref_src=twsrc%5Etfw\" target=\"_blank\" rel=\"noopener\">August 7, 2025<\/a><\/p><\/blockquote>\n<p>\t\t\t\t\t\t\t\t\t\t\t\t\t\t\t\t\t\t\t<script async src=\"https:\/\/platform.twitter.com\/widgets.js\" charset=\"utf-8\"><\/script><script async src=\"\/\/www.instagram.com\/embed.js\"><\/script><\/p>\n","protected":false},"excerpt":{"rendered":"Cette fois, on a encore franchi une \u00e9tape dans la violence au niveau des attaques. Il f\u00fbt un&hellip;\n","protected":false},"author":2,"featured_media":308350,"comment_status":"","ping_status":"","sticky":false,"template":"","format":"standard","meta":{"footnotes":""},"categories":[1355],"tags":[3627,3628,3626,3632,3631,3630,3629,3649,3634,3647,3663,3625,3623,3646,2163,3648,3645,58,59,3660,1011,27,3612,3620,3606,3607,3605,3608,3665,3657,3622,3613,3617,3615,3609,3614,3659,3654,3643,3653,3650,3641,3636,3642,3638,3651,3635,1361,873,12,3624,626,3639,2189,3658,1825,3618,3616,3661,3656,3619,3621,3662,3640,3664,3633,3644,3611,3610,3637,1863,2955,3655,3652],"class_list":{"0":"post-308349","1":"post","2":"type-post","3":"status-publish","4":"format-standard","5":"has-post-thumbnail","7":"category-musique","8":"tag-3627","9":"tag-3628","10":"tag-3626","11":"tag-3632","12":"tag-3631","13":"tag-3630","14":"tag-3629","15":"tag-al-peco","16":"tag-alibi","17":"tag-alpeco","18":"tag-b2o","19":"tag-banlieue","20":"tag-black","21":"tag-booba","22":"tag-chroniques","23":"tag-despo","24":"tag-diams","25":"tag-divertissement","26":"tag-entertainment","27":"tag-exclus","28":"tag-fr","29":"tag-france","30":"tag-freestyles","31":"tag-funk","32":"tag-generation","33":"tag-generation88-2","34":"tag-generations","35":"tag-generations88-2","36":"tag-generationslive","37":"tag-genratio","38":"tag-grime","39":"tag-hip","40":"tag-hip-hop","41":"tag-hiphop","42":"tag-hiphopsoul","43":"tag-hop","44":"tag-hotlist","45":"tag-james","46":"tag-k1fry","47":"tag-kerry","48":"tag-larsen","49":"tag-lim","50":"tag-lskadrille","51":"tag-mafia","52":"tag-mctyer","53":"tag-medine","54":"tag-montana","55":"tag-music","56":"tag-musique","57":"tag-news","58":"tag-noir","59":"tag-paris","60":"tag-parishiphop","61":"tag-photos","62":"tag-playlist","63":"tag-radio","64":"tag-ragga","65":"tag-rap","66":"tag-rap-francais","67":"tag-rapfr","68":"tag-reggae","69":"tag-rnb","70":"tag-roh2f","71":"tag-rue","72":"tag-ruskov-molotov","73":"tag-sefyu","74":"tag-sinik","75":"tag-sons","76":"tag-soul","77":"tag-tandem","78":"tag-us","79":"tag-videos","80":"tag-webradio","81":"tag-youssoupha"},"share_on_mastodon":{"url":"","error":"Validation failed: Text character limit of 500 exceeded"},"_links":{"self":[{"href":"https:\/\/www.europesays.com\/fr\/wp-json\/wp\/v2\/posts\/308349","targetHints":{"allow":["GET"]}}],"collection":[{"href":"https:\/\/www.europesays.com\/fr\/wp-json\/wp\/v2\/posts"}],"about":[{"href":"https:\/\/www.europesays.com\/fr\/wp-json\/wp\/v2\/types\/post"}],"author":[{"embeddable":true,"href":"https:\/\/www.europesays.com\/fr\/wp-json\/wp\/v2\/users\/2"}],"replies":[{"embeddable":true,"href":"https:\/\/www.europesays.com\/fr\/wp-json\/wp\/v2\/comments?post=308349"}],"version-history":[{"count":0,"href":"https:\/\/www.europesays.com\/fr\/wp-json\/wp\/v2\/posts\/308349\/revisions"}],"wp:featuredmedia":[{"embeddable":true,"href":"https:\/\/www.europesays.com\/fr\/wp-json\/wp\/v2\/media\/308350"}],"wp:attachment":[{"href":"https:\/\/www.europesays.com\/fr\/wp-json\/wp\/v2\/media?parent=308349"}],"wp:term":[{"taxonomy":"category","embeddable":true,"href":"https:\/\/www.europesays.com\/fr\/wp-json\/wp\/v2\/categories?post=308349"},{"taxonomy":"post_tag","embeddable":true,"href":"https:\/\/www.europesays.com\/fr\/wp-json\/wp\/v2\/tags?post=308349"}],"curies":[{"name":"wp","href":"https:\/\/api.w.org\/{rel}","templated":true}]}}