{"id":308351,"date":"2025-08-09T23:54:24","date_gmt":"2025-08-09T23:54:24","guid":{"rendered":"https:\/\/www.europesays.com\/fr\/308351\/"},"modified":"2025-08-09T23:54:24","modified_gmt":"2025-08-09T23:54:24","slug":"la-guerre-des-mondes-entre-pub-cachee-et-nanar-gentillet","status":"publish","type":"post","link":"https:\/\/www.europesays.com\/fr\/308351\/","title":{"rendered":"La Guerre des mondes, entre pub cach\u00e9e et nanar gentillet"},"content":{"rendered":"<p>On suit donc le rappeur Ice Cube, dans le r\u00f4le de Will Radford, analyste pour le Homeland Security, plong\u00e9 dans cette crise mondiale depuis son bureau (via visioconf\u00e9rences, appels Zoom, \u00e9crans en tous genres). Publi\u00e9 en 1898, La Guerre des mondes (<a href=\"https:\/\/actualitte.com\/article\/25289\/adaptation\/la-bbc-adaptera-la-guerre-des-mondes-d-hg-wells-pour-la-television\" rel=\"nofollow noopener\" target=\"_blank\">The War of the Worlds<\/a>) est l\u2019un des premiers romans de science-fiction \u00e0 imaginer une invasion extraterrestre. H.G. Wells y m\u00eale r\u00e9cit d\u2019aventures, critique sociale et r\u00e9flexion sur la fragilit\u00e9 de la civilisation humaine.<\/p>\n<p>Dans le r\u00e9cit originel, le narrateur est un \u00e9crivain sans nom qui vit dans la campagne anglaise. Il assiste \u00e0 l\u2019arriv\u00e9e de myst\u00e9rieux cylindres tomb\u00e9s du ciel. Ces objets, venus de Mars, lib\u00e8rent des cr\u00e9atures aux formes \u00e9tranges \u2014 tentaculaires, dot\u00e9es de grandes t\u00eates \u2014 qui se d\u00e9placent dans d\u2019immenses machines tripodes arm\u00e9es de rayons ardents capables de d\u00e9sint\u00e9grer tout sur leur passage.<\/p>\n<p>Face \u00e0 la puissance des envahisseurs, l\u2019arm\u00e9e britannique est rapidement balay\u00e9e. La population, terroris\u00e9e, fuit en masse vers la campagne ou la c\u00f4te, provoquant embouteillages, pillages et sc\u00e8nes de chaos. Le narrateur, s\u00e9par\u00e9 de son \u00e9pouse, tente de survivre en traversant villes et villages d\u00e9vast\u00e9s, croisant des personnages symboliques comme le cur\u00e9 (figure de foi impuissante) ou l\u2019artilleur (vision cynique de l\u2019avenir).<\/p>\n<p>R\u00e9inventer une invasion\u2026 calamiteuse<\/p>\n<p>Depuis 1953 et le film de Byron Haskin, La Guerre des mondes int\u00e9resse le cin\u00e9ma, mais dans la nouvelle version 2025, Mais l\u2019\u00e9lan cr\u00e9atif finit en pure pagaille. Les critiques ne sont pas tendres : il y a ceux qui \u00e9voquent un film ridicule et b\u00e2cl\u00e9, un calvaire visuel et narratif, et m\u00eame une insulte \u00e0 l\u2019\u0153uvre de Wells. Sur Rotten Tomatoes, cerise sur le g\u00e2teau, le film affiche un fatidique 0\u202f% \u2014 un score rarissime \u2014 bas\u00e9 sur dix critiques professionnelles.<\/p>\n<p>Voil\u00e0 qui tourne donc \u00e0 l&rsquo;autopromotion de 90 minutes pour Amazon Prime \u2014 litt\u00e9ralement une publicit\u00e9 d\u00e9guis\u00e9e en film, rapporte <a href=\"https:\/\/ew.com\/ice-cube-amazon-war-of-the-worlds-bad-everyone-saying-11786692\" rel=\"nofollow noopener\" target=\"_blank\">Entertainement<\/a>. Et pourtant, le m\u00e9dia adopte un contrepoint amus\u00e9 : le film, malgr\u00e9 tout \u2014 ou gr\u00e2ce \u00e0 ses exc\u00e8s \u2014 serait une sorte de cam\u00e9o hyst\u00e9rique et distractif , \u00e0 savourer comme un nanar affable, presque \u201cself-aware\u201d. Un plaisir coupable pour amateurs de mauvais go\u00fbt ma\u00eetris\u00e9, pourrait-on dire.<\/p>\n<\/p>\n<p>\u00c9tonnamment, malgr\u00e9 ce d\u00e9sastre critique, le film fait un carton&#8230; chez ceux qui veulent juste\u2026 voir le fiasco. Il est arriv\u00e9 n\u00b0\u202f2 des contenus les plus regard\u00e9s sur Prime Video, avant de glisser petit \u00e0 petit dans le top 5 ou top 10. M\u00eame New York Post r\u00e9clame qu\u2019il figure parmi les pires films de la d\u00e9cennie \u2014 pourtant, ces chiffres de visionnage refl\u00e8tent une curiosit\u00e9 vorace, voire un plaisir coupable.<\/p>\n<p>Alors, naufrage fantasm\u00e9 ou spectacle involontaire ?<\/p>\n<p>Les internautes ne se sont \u00e9videmment pas pr\u00e9vi\u00e9 : tweets sarcastiques et vid\u00e9os moqueuses : certains ironisent sur la livraison Amazon qui \u00ab sauve la plan\u00e8te \u00bb, quand d\u2019autres y voient un des pires films de sci\u2011fi, voire la plus rat\u00e9es des adaptations.<\/p>\n<p>Impossible de passer sous silence la comparaison avec les adaptations d\u2019antan. L\u2019original de 1953 (score RT de 89\u202f%) ou le <a href=\"https:\/\/actualitte.com\/article\/29358\/bande-annonce\/la-guerre-des-mondes-steven-spielberg-adapte-le-roman-de-hg-wells#google_vignette\" rel=\"nofollow noopener\" target=\"_blank\">remake de Spielberg en\u202f2005<\/a> (score RT de 76\u202f%) avaient su marquer par leur ambition visuelle, leur respect de l\u2019\u0153uvre\u2026 et leur respect du spectateur.<\/p>\n<p>Dans la r\u00e9daction, on est plut\u00f4t raccord : cette version est loin, tr\u00e8s loin du compte : maladresse d\u2019\u00e9criture, effets visuels cheap, placement produit omnipr\u00e9sent et narration indigeste. Ce War of the Worlds restera dans les annales\u2026 comme t\u00e9moignage de ce que l&rsquo;on aurait pu ne pas faire.<\/p>\n<p>Allez, retour sur l&rsquo;extrait du film de Steven, pour oublier tout cela :\u00a0<\/p>\n<\/p>\n<p>\u00a0<\/p><\/p>\n","protected":false},"excerpt":{"rendered":"On suit donc le rappeur Ice Cube, dans le r\u00f4le de Will Radford, analyste pour le Homeland Security,&hellip;\n","protected":false},"author":2,"featured_media":308352,"comment_status":"","ping_status":"","sticky":false,"template":"","format":"standard","meta":{"footnotes":""},"categories":[1354],"tags":[58,59,1346,1011,27,1360],"class_list":{"0":"post-308351","1":"post","2":"type-post","3":"status-publish","4":"format-standard","5":"has-post-thumbnail","7":"category-films","8":"tag-divertissement","9":"tag-entertainment","10":"tag-films","11":"tag-fr","12":"tag-france","13":"tag-movies"},"share_on_mastodon":{"url":"https:\/\/pubeurope.com\/@fr\/115001508896739400","error":""},"_links":{"self":[{"href":"https:\/\/www.europesays.com\/fr\/wp-json\/wp\/v2\/posts\/308351","targetHints":{"allow":["GET"]}}],"collection":[{"href":"https:\/\/www.europesays.com\/fr\/wp-json\/wp\/v2\/posts"}],"about":[{"href":"https:\/\/www.europesays.com\/fr\/wp-json\/wp\/v2\/types\/post"}],"author":[{"embeddable":true,"href":"https:\/\/www.europesays.com\/fr\/wp-json\/wp\/v2\/users\/2"}],"replies":[{"embeddable":true,"href":"https:\/\/www.europesays.com\/fr\/wp-json\/wp\/v2\/comments?post=308351"}],"version-history":[{"count":0,"href":"https:\/\/www.europesays.com\/fr\/wp-json\/wp\/v2\/posts\/308351\/revisions"}],"wp:featuredmedia":[{"embeddable":true,"href":"https:\/\/www.europesays.com\/fr\/wp-json\/wp\/v2\/media\/308352"}],"wp:attachment":[{"href":"https:\/\/www.europesays.com\/fr\/wp-json\/wp\/v2\/media?parent=308351"}],"wp:term":[{"taxonomy":"category","embeddable":true,"href":"https:\/\/www.europesays.com\/fr\/wp-json\/wp\/v2\/categories?post=308351"},{"taxonomy":"post_tag","embeddable":true,"href":"https:\/\/www.europesays.com\/fr\/wp-json\/wp\/v2\/tags?post=308351"}],"curies":[{"name":"wp","href":"https:\/\/api.w.org\/{rel}","templated":true}]}}