{"id":308357,"date":"2025-08-09T23:57:12","date_gmt":"2025-08-09T23:57:12","guid":{"rendered":"https:\/\/www.europesays.com\/fr\/308357\/"},"modified":"2025-08-09T23:57:12","modified_gmt":"2025-08-09T23:57:12","slug":"les-images-de-ce-spectacle-celeste-impressionnant","status":"publish","type":"post","link":"https:\/\/www.europesays.com\/fr\/308357\/","title":{"rendered":"les images de ce spectacle c\u00e9leste impressionnant"},"content":{"rendered":"<p>Un beau spectacle nocturne. La <a href=\"https:\/\/www.laprovence.com\/article\/ecoplanete\/52358457038111\/lune-des-neiges-snow-moon-dou-vient-le-nom-de-la-deuxieme-pleine-lune-de-lannee-visible-mercredi\" target=\"_blank\" rel=\"noopener\">pleine lune<\/a> d&rsquo;ao\u00fbt, appel\u00e9e \u00ab\u00a0Lune d&rsquo;esturgeon\u00a0\u00bb, a atteint son apog\u00e9e ce samedi 9 ao\u00fbt 2025 \u00e0 9h54 (heure locale en France). M\u00eame si son pic de luminosit\u00e9 a eu lieu en matin\u00e9e, c&rsquo;est en soir\u00e9e et en montant dans le ciel \u00e0 l&rsquo;est au coucher du soleil qu&rsquo;elle a offert ses plus belles images.\u00a0<\/p>\n<p>Teint\u00e9e de rouge<\/p>\n<p>La pleine <a href=\"https:\/\/www.laprovence.com\/article\/societe\/1907861265908414\/pleine-lune-des-fraises-pourquoi-la-lune-observable-a-partir-de-22h-ce-mercredi-a-marseille-porte-ce-nom\" target=\"_blank\" rel=\"noopener\">lune <\/a>de l&rsquo;esturgeon s&rsquo;appelle ainsi d&rsquo;apr\u00e8s le nom traditionnel de la pleine lune de ce mois, selon le site <a href=\"https:\/\/starwalk.space\/fr\/news\/full-moon-august\" target=\"_blank\" rel=\"noopener\">Starwalk<\/a>. Son nom fait r\u00e9f\u00e9rence aux\u00a0peuples autochtones d&rsquo;Am\u00e9rique du Nord, o\u00f9 ao\u00fbt marquait l&rsquo;abondance des esturgeons dans les Grands Lacs. D&rsquo;autres cultures la nomment aussi Lune du ma\u00efs vert, Lune des grains ou Lune rouge.<\/p>\n<p>S&rsquo;il ne s&rsquo;agit pas d&rsquo;une <a href=\"https:\/\/www.laprovence.com\/article\/societe\/1426772801736115\/une-super-lune-bleue-sera-visible-la-nuit-de-lundi-19-a-mardi-20-aout\" target=\"_blank\" rel=\"noopener\">super lune<\/a>, cette derni\u00e8re se d\u00e9marque quand m\u00eame par sa taille : elle appara\u00eet en effet plus grosse que d&rsquo;habitude. Il s&rsquo;agit en fait\u00a0d&rsquo;une illusion lunaire, qui donne l&rsquo;impression d&rsquo;une taille plus importante en raison de la proximit\u00e9 de la lune avec l&rsquo;horizon.\u00a0<\/p>\n<p>Le ciel nous g\u00e2te en ce mois d&rsquo;ao\u00fbt ! En plus de la pleine lune d&rsquo;esturgeon, une <a href=\"https:\/\/www.laprovence.com\/article\/societe\/60530906624622\/perseides-tout-comprendre-de-ces-pluies-d-etoiles-filantes-qui-nous-emerveillent-chaque-ete\" target=\"_blank\" rel=\"noopener\">pluie de m\u00e9t\u00e9ores des Pers\u00e9ides<\/a> atteindra son pic lors de la nuit du 11 au 12 ao\u00fbt. Son activit\u00e9 commencera toutefois d\u00e8s cette nuit. Certaines \u00e9toiles filantes seront donc observables pour les plus chanceux.<\/p>\n","protected":false},"excerpt":{"rendered":"Un beau spectacle nocturne. La pleine lune d&rsquo;ao\u00fbt, appel\u00e9e \u00ab\u00a0Lune d&rsquo;esturgeon\u00a0\u00bb, a atteint son apog\u00e9e ce samedi 9&hellip;\n","protected":false},"author":2,"featured_media":308358,"comment_status":"","ping_status":"","sticky":false,"template":"","format":"standard","meta":{"footnotes":""},"categories":[8],"tags":[17,58,59,1011,27,4430,44847,151,4506,19940,104,3140],"class_list":{"0":"post-308357","1":"post","2":"type-post","3":"status-publish","4":"format-standard","5":"has-post-thumbnail","7":"category-divertissement","8":"tag-17","9":"tag-divertissement","10":"tag-entertainment","11":"tag-fr","12":"tag-france","13":"tag-images","14":"tag-lesturgeon","15":"tag-les","16":"tag-lune","17":"tag-pleine","18":"tag-societe","19":"tag-spectacle"},"share_on_mastodon":{"url":"https:\/\/pubeurope.com\/@fr\/115001521229435090","error":""},"_links":{"self":[{"href":"https:\/\/www.europesays.com\/fr\/wp-json\/wp\/v2\/posts\/308357","targetHints":{"allow":["GET"]}}],"collection":[{"href":"https:\/\/www.europesays.com\/fr\/wp-json\/wp\/v2\/posts"}],"about":[{"href":"https:\/\/www.europesays.com\/fr\/wp-json\/wp\/v2\/types\/post"}],"author":[{"embeddable":true,"href":"https:\/\/www.europesays.com\/fr\/wp-json\/wp\/v2\/users\/2"}],"replies":[{"embeddable":true,"href":"https:\/\/www.europesays.com\/fr\/wp-json\/wp\/v2\/comments?post=308357"}],"version-history":[{"count":0,"href":"https:\/\/www.europesays.com\/fr\/wp-json\/wp\/v2\/posts\/308357\/revisions"}],"wp:featuredmedia":[{"embeddable":true,"href":"https:\/\/www.europesays.com\/fr\/wp-json\/wp\/v2\/media\/308358"}],"wp:attachment":[{"href":"https:\/\/www.europesays.com\/fr\/wp-json\/wp\/v2\/media?parent=308357"}],"wp:term":[{"taxonomy":"category","embeddable":true,"href":"https:\/\/www.europesays.com\/fr\/wp-json\/wp\/v2\/categories?post=308357"},{"taxonomy":"post_tag","embeddable":true,"href":"https:\/\/www.europesays.com\/fr\/wp-json\/wp\/v2\/tags?post=308357"}],"curies":[{"name":"wp","href":"https:\/\/api.w.org\/{rel}","templated":true}]}}