{"id":308362,"date":"2025-08-10T00:00:13","date_gmt":"2025-08-10T00:00:13","guid":{"rendered":"https:\/\/www.europesays.com\/fr\/308362\/"},"modified":"2025-08-10T00:00:13","modified_gmt":"2025-08-10T00:00:13","slug":"trois-bebes-tigres-ont-ete-euthanasies-apres-avoir-ete-delaisses-par-leur-mere-dans-un-zoo-allemand","status":"publish","type":"post","link":"https:\/\/www.europesays.com\/fr\/308362\/","title":{"rendered":"Trois b\u00e9b\u00e9s tigres ont \u00e9t\u00e9 euthanasi\u00e9s apr\u00e8s avoir \u00e9t\u00e9 d\u00e9laiss\u00e9s par leur m\u00e8re, dans un zoo allemand"},"content":{"rendered":"<p>\u00c0 Leipzig, dans l\u2019est de l\u2019Allemagne, le service v\u00e9t\u00e9rinaire du parc animalier a d\u00fb assumer une \u00ablourde responsabilit\u00e9\u00bb apr\u00e8s que les tigreaux ont \u00e9t\u00e9 priv\u00e9s de leur alimentation maternelle.<\/p>\n<p class=\"fig-paragraph\">Trois b\u00e9b\u00e9s tigres de Sib\u00e9rie d\u00e9laiss\u00e9s par leur m\u00e8re, qui a rapidement arr\u00eat\u00e9 de les allaiter, ont d\u00fb \u00eatre euthanasi\u00e9s par le zoo allemand de Leipzig. Apr\u00e8s avoir mis bas mercredi soir, la tigresse Yushka, dont c\u2019\u00e9tait la premi\u00e8re port\u00e9e, a d\u2019abord \u00abpris soin de sa prog\u00e9niture de mani\u00e8re exemplaire\u00bb, explique l\u2019\u00e9tablissement de l\u2019est de l\u2019Allemagne. Mais depuis jeudi apr\u00e8s-midi, elle s\u2019est \u00abd\u00e9tourn\u00e9e de ses petits\u00bb, cessant notamment de les alimenter.<\/p>\n<p class=\"fig-paragraph\">La d\u00e9cision de les euthanasier a \u00e9t\u00e9 prise apr\u00e8s deux jours pendant lesquels les tigreaux \u00absont devenus de plus en plus faibles\u00bb. Le zoo a d\u00fb assumer une \u00ablourde responsabilit\u00e9\u00bb en \u00e9pargnant ainsi aux jeunes une \u00abmort par inanition\u00bb, a expliqu\u00e9 le v\u00e9t\u00e9rinaire Andreas Bernhard.<\/p>\n<p class=\"fig-body-link\">\n            \u00c0 lire aussi<br \/>\n        <a class=\"fig-body-link__link\" href=\"http:\/\/www.lefigaro.fr\/animaux\/un-veritable-espoir-pour-cette-magnifique-espece-un-zoo-diffuse-les-rares-images-d-un-bebe-leopard-des-neiges-20250809\" data-fig-type=\"NewsFlash\" data-gtm-custom-categorie=\"navigation\" data-gtm-custom-action=\"crossclick\" data-gtm-custom-label=\"Contextuel\" data-gtm-event=\"customEventSPE\" data-fig-domain=\"LEFIGARO\" rel=\"nofollow noopener\" target=\"_blank\">\u00abUn v\u00e9ritable espoir pour cette magnifique esp\u00e8ce\u00bb: un zoo diffuse les rares images d\u2019un b\u00e9b\u00e9 l\u00e9opard des neiges<br \/>\n    <\/a>\n<\/p>\n<p>                                    <a class=\"fig-a11y-skip a11y-hidden\" href=\"#fig-a11y-skip-main-inarticle\"><br \/>\n        Passer la publicit\u00e9<br \/>\n    <\/a><\/p>\n<p>Une esp\u00e8ce menac\u00e9e d\u2019extinction<\/p>\n<p class=\"fig-paragraph\">L\u2019interruption de l\u2019\u00e9levage \u00absans raison apparente\u00bb fait partie \u00abdu r\u00e9pertoire comportemental des jeunes m\u00e8res inexp\u00e9riment\u00e9es dans le r\u00e8gne animal\u00bb, explique le directeur du zoo, J\u00f6rg Junhold.<\/p>\n<p class=\"fig-paragraph\">Plus grands f\u00e9lins du monde, les tigres de Sib\u00e9rie, ou tigres de l\u2019Amour, vivent principalement dans l\u2019Extr\u00eame-Orient russe o\u00f9 ils sont menac\u00e9s d\u2019extinction. Fin juillet, un autre parc zoologique allemand, celui de Nuremberg, avait abattu<a href=\"http:\/\/www.lefigaro.fr\/international\/allemagne-le-zoo-de-nuremberg-fait-polemique-apres-avoir-tue-douze-babouins-en-bonne-sante-20250731\" data-fig-type=\"NewsFlash\" data-gtm-custom-categorie=\"navigation\" data-gtm-custom-action=\"crossclick\" data-gtm-custom-label=\"Contextuel\" data-gtm-event=\"customEventSPE\" data-fig-domain=\"LEFIGARO\" rel=\"nofollow noopener\" target=\"_blank\">\u00a0douze de ses babouins<\/a>, au motif que leur enclos \u00e9tait surpeupl\u00e9.<\/p>\n<p class=\"fig-paragraph\">Des militants de la cause animale s\u2019\u00e9taient introduits dans le zoo pour protester contre cette d\u00e9cision, l\u2019accusant de mauvaise gestion de cette population.<\/p>\n","protected":false},"excerpt":{"rendered":"\u00c0 Leipzig, dans l\u2019est de l\u2019Allemagne, le service v\u00e9t\u00e9rinaire du parc animalier a d\u00fb assumer une \u00ablourde responsabilit\u00e9\u00bb&hellip;\n","protected":false},"author":2,"featured_media":308363,"comment_status":"","ping_status":"","sticky":false,"template":"","format":"standard","meta":{"footnotes":""},"categories":[5],"tags":[11,672,1011,27,14,17524,12,28,6031],"class_list":{"0":"post-308362","1":"post","2":"type-post","3":"status-publish","4":"format-standard","5":"has-post-thumbnail","7":"category-international","8":"tag-actualites","9":"tag-allemagne","10":"tag-fr","11":"tag-france","12":"tag-international","13":"tag-leipzig","14":"tag-news","15":"tag-world","16":"tag-zoo"},"share_on_mastodon":{"url":"https:\/\/pubeurope.com\/@fr\/115001532355109825","error":""},"_links":{"self":[{"href":"https:\/\/www.europesays.com\/fr\/wp-json\/wp\/v2\/posts\/308362","targetHints":{"allow":["GET"]}}],"collection":[{"href":"https:\/\/www.europesays.com\/fr\/wp-json\/wp\/v2\/posts"}],"about":[{"href":"https:\/\/www.europesays.com\/fr\/wp-json\/wp\/v2\/types\/post"}],"author":[{"embeddable":true,"href":"https:\/\/www.europesays.com\/fr\/wp-json\/wp\/v2\/users\/2"}],"replies":[{"embeddable":true,"href":"https:\/\/www.europesays.com\/fr\/wp-json\/wp\/v2\/comments?post=308362"}],"version-history":[{"count":0,"href":"https:\/\/www.europesays.com\/fr\/wp-json\/wp\/v2\/posts\/308362\/revisions"}],"wp:featuredmedia":[{"embeddable":true,"href":"https:\/\/www.europesays.com\/fr\/wp-json\/wp\/v2\/media\/308363"}],"wp:attachment":[{"href":"https:\/\/www.europesays.com\/fr\/wp-json\/wp\/v2\/media?parent=308362"}],"wp:term":[{"taxonomy":"category","embeddable":true,"href":"https:\/\/www.europesays.com\/fr\/wp-json\/wp\/v2\/categories?post=308362"},{"taxonomy":"post_tag","embeddable":true,"href":"https:\/\/www.europesays.com\/fr\/wp-json\/wp\/v2\/tags?post=308362"}],"curies":[{"name":"wp","href":"https:\/\/api.w.org\/{rel}","templated":true}]}}