{"id":308372,"date":"2025-08-10T00:10:37","date_gmt":"2025-08-10T00:10:37","guid":{"rendered":"https:\/\/www.europesays.com\/fr\/308372\/"},"modified":"2025-08-10T00:10:37","modified_gmt":"2025-08-10T00:10:37","slug":"toulon-saison-2025-2026-a-lopera","status":"publish","type":"post","link":"https:\/\/www.europesays.com\/fr\/308372\/","title":{"rendered":"Toulon : Saison 2025-2026 \u00e0 l\u2019Op\u00e9ra"},"content":{"rendered":"<p>&#13;<br \/>\n        &#13;<br \/>\n&#13;<br \/>\n        &#13;<br \/>\n&#13;<\/p>\n<p>        <a href=\"https:\/\/www.tv83.info\/wp-content\/uploads\/2023\/04\/162198739_129458819181577_8975963184918740614_n.jpg\" data-caption=\"\" rel=\"nofollow noopener\" target=\"_blank\"><img loading=\"lazy\" decoding=\"async\" width=\"696\" height=\"464\" class=\"entry-thumb td-modal-image\" src=\"https:\/\/www.europesays.com\/fr\/wp-content\/uploads\/2025\/08\/162198739_129458819181577_8975963184918740614_n-696x464.jpg\"   alt=\"\" title=\"op\u00e9ra de toulon\"\/><\/a><\/p>\n<p>Saison 2025-2026<br \/>Abonnez-vous ! B\u00e9n\u00e9ficiez ainsi d\u2019environ 15% de r\u00e9duction<\/p>\n<p>Abonnement 4 spectacles et plus<br \/>D\u00e8s aujourd\u2019hui, vous pouvez choisir votre abonnement formule 4 spectacles et plus.<br \/>Abonnement enti\u00e8rement libre sur la saison lyrique, symphonique et danse<\/p>\n<ul>\n<li>Choix des spectacles<\/li>\n<li>Choix des dates<\/li>\n<li>Choix des cat\u00e9gories<\/li>\n<\/ul>\n<p class=\"text-build-content\"><strong>Abonnement th\u00e9\u00e2tre<\/strong><\/p>\n<p>\u00a0<\/p>\n<p>\u00a0<\/p>\n<p><strong>Op\u00e9ra Toulon Provence M\u00e9diterran\u00e9e<\/strong><br \/>Boulevard de Strasbourg \u2013 83000 Toulon<br \/>T\u00e9l. <a href=\"https:\/\/www.tv83.info\/toulon-saison-2025-2026-a-lopera\/tel:0494930376\" rel=\"nofollow noopener\" target=\"_blank\">04 94 93 03 76<\/a><\/p>\n<p><strong>Billetterie de l\u2019Op\u00e9ra<\/strong><br \/>Rue des Arts (22 Rue Pierre Semard)<br \/>83000 Toulon<br \/>Du mardi au samedi de 10h \u00e0 12h30 et de 14h \u00e0 17h30<br \/>T\u00e9l 04 94 92 70 78<\/p>\n<p><a href=\"https:\/\/www.restosducoeur.org\/associations-departementales\/les-restos-du-coeur-du-var\/\" rel=\"nofollow noopener\" target=\"_blank\"><img decoding=\"async\" style=\"height:70px;width:140px\" src=\"https:\/\/www.europesays.com\/fr\/wp-content\/uploads\/2025\/04\/restos-du-coeur.jpg\"\/><\/a>        &#13;<br \/>\n&#13;<br \/>\n&#13;<br \/>\n        &#13;<br \/>\n                        &#13;<br \/>\n            &#13;<br \/>\n&#13;<br \/>\n                        Previous article<a href=\"https:\/\/www.tv83.info\/le-castellet-six-fours-y-a-degun-festival-5\/\" rel=\"nofollow noopener\" target=\"_blank\">Le Castellet &amp; Six fours : Y a Degun Festival<\/a>Next article<a href=\"https:\/\/www.tv83.info\/saint-raphael-exposition-richard-orlinski-4\/\" rel=\"nofollow noopener\" target=\"_blank\">Saint-Rapha\u00ebl : Exposition Richard Orlinski<\/a>            \t                &#13;<br \/>\n&#13;<\/p>\n","protected":false},"excerpt":{"rendered":"&#13; &#13; &#13; &#13; &#13; Saison 2025-2026Abonnez-vous ! B\u00e9n\u00e9ficiez ainsi d\u2019environ 15% de r\u00e9duction Abonnement 4 spectacles et&hellip;\n","protected":false},"author":2,"featured_media":308373,"comment_status":"","ping_status":"","sticky":false,"template":"","format":"standard","meta":{"footnotes":""},"categories":[9619],"tags":[1111,11,1777,674,1011,27,12,882,25,2310],"class_list":{"0":"post-308372","1":"post","2":"type-post","3":"status-publish","4":"format-standard","5":"has-post-thumbnail","7":"category-toulon","8":"tag-actu","9":"tag-actualites","10":"tag-eu","11":"tag-europe","12":"tag-fr","13":"tag-france","14":"tag-news","15":"tag-provence-alpes-cote-dazur","16":"tag-republique-francaise","17":"tag-toulon"},"share_on_mastodon":{"url":"https:\/\/pubeurope.com\/@fr\/115001572095027856","error":""},"_links":{"self":[{"href":"https:\/\/www.europesays.com\/fr\/wp-json\/wp\/v2\/posts\/308372","targetHints":{"allow":["GET"]}}],"collection":[{"href":"https:\/\/www.europesays.com\/fr\/wp-json\/wp\/v2\/posts"}],"about":[{"href":"https:\/\/www.europesays.com\/fr\/wp-json\/wp\/v2\/types\/post"}],"author":[{"embeddable":true,"href":"https:\/\/www.europesays.com\/fr\/wp-json\/wp\/v2\/users\/2"}],"replies":[{"embeddable":true,"href":"https:\/\/www.europesays.com\/fr\/wp-json\/wp\/v2\/comments?post=308372"}],"version-history":[{"count":0,"href":"https:\/\/www.europesays.com\/fr\/wp-json\/wp\/v2\/posts\/308372\/revisions"}],"wp:featuredmedia":[{"embeddable":true,"href":"https:\/\/www.europesays.com\/fr\/wp-json\/wp\/v2\/media\/308373"}],"wp:attachment":[{"href":"https:\/\/www.europesays.com\/fr\/wp-json\/wp\/v2\/media?parent=308372"}],"wp:term":[{"taxonomy":"category","embeddable":true,"href":"https:\/\/www.europesays.com\/fr\/wp-json\/wp\/v2\/categories?post=308372"},{"taxonomy":"post_tag","embeddable":true,"href":"https:\/\/www.europesays.com\/fr\/wp-json\/wp\/v2\/tags?post=308372"}],"curies":[{"name":"wp","href":"https:\/\/api.w.org\/{rel}","templated":true}]}}