{"id":308374,"date":"2025-08-10T00:11:11","date_gmt":"2025-08-10T00:11:11","guid":{"rendered":"https:\/\/www.europesays.com\/fr\/308374\/"},"modified":"2025-08-10T00:11:11","modified_gmt":"2025-08-10T00:11:11","slug":"previsions-du-dimanche-10-aout-2025-6","status":"publish","type":"post","link":"https:\/\/www.europesays.com\/fr\/308374\/","title":{"rendered":"pr\u00e9visions du dimanche 10 ao\u00fbt 2025"},"content":{"rendered":"<p>La journ\u00e9e qui s&rsquo;annonce \u00e0 Montpellier, promet d&rsquo;\u00eatre belle et ensoleill\u00e9e ! Les maximales pourront atteindre 34\u00b0C alors que les minimales seront de 21\u00b0C. L&rsquo;\u00e9pisode de grosses chaleurs est bien l\u00e0, avec des valeurs qui pourront monter \u00e0 32\u00b0C le matin. Un vent de nord-ouest soufflera un peu, avec 6 km\/h. Les temp\u00e9ratures vont grimper pendant l&rsquo;apr\u00e8s-midi de quelques degr\u00e9s. La ville va ressentir des fortes chaleurs avec des temp\u00e9ratures qui devraient monter jusqu&rsquo;\u00e0 34\u00b0C. Entre dimanche et lundi, la nuit sera claire.<\/p>\n<p>Un beau soleil est pr\u00e9vu demain \u00e0 Montpellier. Prenez garde \u00e0 la vague de chaleur. Des valeurs de 23 \u00e0 33\u00b0C sont annonc\u00e9es. Les temp\u00e9ratures s&rsquo;\u00e9chelonneront entre 23 et 33\u00b0C. Une l\u00e9g\u00e8re brise de nord-est sera ressentie par les habitants. La matin\u00e9e va se trouver tr\u00e8s suffocante : pr\u00e8s de 33\u00b0C. Demain apr\u00e8s-midi, de tr\u00e8s importantes chaleurs (entre 28\u00b0C et 33\u00b0C) sont attendues.<\/p>\n<p>Les jours passent et ne changent pas. Des temp\u00e9ratures dans les 31\u00b0C accompagneront un ciel ensoleill\u00e9.<\/p>\n<p>En cette p\u00e9riode de fortes chaleurs, il est primordial de rester vigilant. Pensez \u00e0 boire r\u00e9guli\u00e8rement et \u00e0 vous prot\u00e9ger des rayons du soleil. Lors de vos activit\u00e9s en ext\u00e9rieur, la cr\u00e8me solaire est un indispensable pour pr\u00e9venir les coups de soleil !<\/p>\n","protected":false},"excerpt":{"rendered":"La journ\u00e9e qui s&rsquo;annonce \u00e0 Montpellier, promet d&rsquo;\u00eatre belle et ensoleill\u00e9e ! Les maximales pourront atteindre 34\u00b0C alors&hellip;\n","protected":false},"author":2,"featured_media":308375,"comment_status":"","ping_status":"","sticky":false,"template":"","format":"standard","meta":{"footnotes":""},"categories":[9599],"tags":[1111,11,1777,674,1011,27,7089,2681,2208,12,2680,2119,25],"class_list":{"0":"post-308374","1":"post","2":"type-post","3":"status-publish","4":"format-standard","5":"has-post-thumbnail","7":"category-montpellier","8":"tag-actu","9":"tag-actualites","10":"tag-eu","11":"tag-europe","12":"tag-fr","13":"tag-france","14":"tag-herault","15":"tag-languedoc-roussillon","16":"tag-montpellier","17":"tag-news","18":"tag-occitanie","19":"tag-previsions-meteo","20":"tag-republique-francaise"},"share_on_mastodon":{"url":"https:\/\/pubeurope.com\/@fr\/115001575599745014","error":""},"_links":{"self":[{"href":"https:\/\/www.europesays.com\/fr\/wp-json\/wp\/v2\/posts\/308374","targetHints":{"allow":["GET"]}}],"collection":[{"href":"https:\/\/www.europesays.com\/fr\/wp-json\/wp\/v2\/posts"}],"about":[{"href":"https:\/\/www.europesays.com\/fr\/wp-json\/wp\/v2\/types\/post"}],"author":[{"embeddable":true,"href":"https:\/\/www.europesays.com\/fr\/wp-json\/wp\/v2\/users\/2"}],"replies":[{"embeddable":true,"href":"https:\/\/www.europesays.com\/fr\/wp-json\/wp\/v2\/comments?post=308374"}],"version-history":[{"count":0,"href":"https:\/\/www.europesays.com\/fr\/wp-json\/wp\/v2\/posts\/308374\/revisions"}],"wp:featuredmedia":[{"embeddable":true,"href":"https:\/\/www.europesays.com\/fr\/wp-json\/wp\/v2\/media\/308375"}],"wp:attachment":[{"href":"https:\/\/www.europesays.com\/fr\/wp-json\/wp\/v2\/media?parent=308374"}],"wp:term":[{"taxonomy":"category","embeddable":true,"href":"https:\/\/www.europesays.com\/fr\/wp-json\/wp\/v2\/categories?post=308374"},{"taxonomy":"post_tag","embeddable":true,"href":"https:\/\/www.europesays.com\/fr\/wp-json\/wp\/v2\/tags?post=308374"}],"curies":[{"name":"wp","href":"https:\/\/api.w.org\/{rel}","templated":true}]}}