{"id":308378,"date":"2025-08-10T00:17:28","date_gmt":"2025-08-10T00:17:28","guid":{"rendered":"https:\/\/www.europesays.com\/fr\/308378\/"},"modified":"2025-08-10T00:17:28","modified_gmt":"2025-08-10T00:17:28","slug":"federale-1-et-2-vinay-voiron-saint-marcellin-la-bievre-saint-geoirs-retrouvez-tous-les-mouvements-des-clubs-iserois","status":"publish","type":"post","link":"https:\/\/www.europesays.com\/fr\/308378\/","title":{"rendered":"F\u00e9d\u00e9rale 1 et 2. Vinay, Voiron, Saint-Marcellin, La Bi\u00e8vre-Saint-Geoirs&#8230; retrouvez tous les mouvements des clubs is\u00e9rois"},"content":{"rendered":"<p>  US Vinay (F\u00e9d\u00e9rale 1)Arriv\u00e9es<\/p>\n<p>Julien Ajavon (pilier, Voiron), Alexis Dlouhy (centre, Voiron), Nathan Fugier (demi de m\u00eal\u00e9e, RC Romans), Jayson Ajavon (pilier, Seyssins), Melkon Minasyan (pilier, V\u00e9ore), Antoine Bonnivat (2e ligne, V\u00e9ore), Hugo Fran\u00e7ois (2e ligne, V\u00e9ore), Kenzo Gouadma (centre, Saint-Marcellin), Lubin Chalan\u00e7on (arri\u00e8re, VRDR), Quentin Perrier (demi de m\u00eal\u00e9e, Vizille), Donovan Pachiaudi (centre, Jarrie), Ilan Rebboah (arri\u00e8re, Bourg-en-Bresse), Maelann Perret-Tourlonnias M (demi d\u2019ouverture, Auxerre), Yann Rebboah (arri\u00e8re, double licence VRDR), Maxence Policand (3e ligne, double licence Vienne), Louis Salerno (arri\u00e8re, double licence SOC), Laurent Bonnet (2e ligne, double licence FCG, Olivier Martin (demi de m\u00eal\u00e9e, double licence LOU), Victor Bonnivat (pilier, repris)<\/p>\n<p>D\u00e9parts<\/p>\n<p>Donovan Gaillard (talonneur, Bassin-de-Crussol), Jacques Blanc (talonneur, non communiqu\u00e9), Antoine Manin (2e ligne, nc), Thomas Bodin (3e ligne, Eymeux), Fabrice Scalvini (2e ligne, arr\u00eat), Abel Mandiangu (2e ligne, Renage), Nathan Bianchin (demi de m\u00eal\u00e9e, Seyssins), Pierre Girard (ailier, arr\u00eat), Vincent Michallet (ailier, Varacieux), Baptiste Jullien (talonneur, Saint-Marcellin), Th\u00e9o Hamelin (centre, Eymeux), Simon L\u00e9orat (centre, Tournon), Baptiste F\u00e9rouillat (centre, arr\u00eat), Victor Menetrier (3e ligne, nc), Valentin Garcia (centre, arr\u00eat), Pierre Rates (demi d\u2019ouverture, Saint-Marcellin).<\/p>\n<p>  Voiron (F\u00e9d\u00e9rale 2)Arriv\u00e9es<\/p>\n<p>Damar Valderrama (pilier, Vallons de la Tour), R\u00e9mi Gaborit (pilier, Bourgoin), Mathis Didier (talonneur, Nantes), R\u00e9my Cortinovis (talonneur, Renage\/Rives), L\u00e9andre Cotte (2e ligne, Bourgoin), Mateo Vlasich (2e ligne, Saint-Jean-en-Royans), Nicolas Vuillemain (demi-d\u2019ouverture, Bourgoin-Jallieu), Fabien Tapa, (centre, Vallons de la Tour), R\u00e9my Bouet (arri\u00e8re, Bourgoin-Jallieu), Hugo Colliat (ouvreur, Saint-Marcellin), Adrien Pontarello (arri\u00e8re, Saint-Savin), Romain Fenesestraz (centre, Chamb\u00e9ry).<\/p>\n<p><strong>&gt;&gt;\u00a0<a href=\"https:\/\/www.ledauphine.com\/sport\/2025\/07\/12\/le-so-voiron-a-frappe-fort\" target=\"_blank\" rel=\"noopener\">\u00ab\u00a0On se donne les moyens d&rsquo;atteindre nos objectifs\u00a0\u00bb : comment le SO Voiron a r\u00e9ussi \u00e0 frapper fort<\/a><\/strong><\/p>\n<p>D\u00e9parts<\/p>\n<p>Mohamed Ben Abdallah (pilier, Berre), Julien Ajavon (pilier, Vinay), Roman Magnan (talonneur, arr\u00eat), Nathan Biscilliat (2e ligne, arr\u00eat), Cl\u00e9ment Serasse (3e ligne, Rillieux), Jean-Pierre Grimard (3e ligne, Sarlat), Julien Sviteck (2e ligne, Rouen), Alexis De Mateis (ouvreur, Izeaux), Alaska Taufa (centre, Eymeux), Corto Senillou (ailier, arr\u00eat), Samy Roussier (arri\u00e8re, Pont-de-Claix), Alexis Dlouhy (centre, Vinay),\u00a0 Thomas Khann (3e ligne, Izeaux).<\/p>\n<p>  La Bi\u00e8vre-Saint-Geoirs (F\u00e9d\u00e9rale 2)Arriv\u00e9es<\/p>\n<p>Jean-Baptiste Berruyer (pilier, Saint-Jean-en-Royans), Adrien Corbex (2e ligne, Rumilly), Cl\u00e9ment Poissard (3e ligne, Rumilly), Robin (Bonnard, 3e ligne, Moirans), Baptiste Bornicat (demi d\u2019ouverture, R\u00e9el XV), Kilian Pontre (demi de m\u00eal\u00e9e, B\u00e9darrides), Mathis Viard (demi d\u2019ouverture, Nice), Arthur Joly (centre, Stade M\u00e9tropolitain), Julio Tonnabel (ailier, Stade M\u00e9tropolitain), Louis Segui (arri\u00e8re, Stade M\u00e9tropolitain), Hugo Grepet (pilier, reprise)\u200a; Ily\u00e8s Benandesselem (pilier, reprise), Florent Millon (demi d\u2019ouverture, reprise), Thomas Maclet (centre, reprise), Nait Ma\u00ebl M\u2019Barek (ailier, reprise). J\u00e9r\u00e9my Trapier (talonneur, junior), Enzo Simian Mermier (3e ligne, junior), Hugo Rozier (3e ligne, junior), Louis Lombergerget (arri\u00e8re, juniors). Imanol Chaboud (pilier, licence CSBJ), Mathis Culianez (pilier, licence CSBJ), Justin Serre (3e ligne, licence CSBJ), Mathis Berruyer Mathis (demi d\u2019ouverture, licence CSBJ).<\/p>\n<p>D\u00e9parts<\/p>\n<p>Guillaume Fabre (2e ligne), T\u00e9o Villard (talonneur, \u00e9tudes USA), J\u00e9r\u00e9mie Docher (2e ligne, Rhodia), Taher Benjima (3e ligne, Saint-Marcellin), Antony Gilles (3e ligne, L\u2019Albenc), Pierre Maillefaud (3e ligne, Suisse), Thomas Perenon (demi de m\u00eal\u00e9e, La C\u00f4te-Saint-Andr\u00e9), Quentin Gautier (demi d\u2019ouverture, Seyssins), Libert Girard-Buttoz (centre, Saint-Savin), Lucas Brochier (ailier, Saint-Savin), Thomas Brochier (ailier, inconnue), Benjamin Duluc (ailier, Sillans).<\/p>\n<p>  Saint-Marcellin (F\u00e9d\u00e9rale 2)Arriv\u00e9es<\/p>\n<p><a href=\"https:\/\/www.ledauphine.com\/sport\/2025\/05\/07\/en-pleine-phase-finale-saint-marcellin-engage-un-ancien-coach-du-fcg\" target=\"_blank\" rel=\"noopener\">Sylvain B\u00e9gon<\/a>, (entra\u00eeneur, reprise), Hugo Boes (pilier, double licence FCG), Loris Champ (2e et 3e ligne, RC Eymeux), Nicolas Garvi (demi de m\u00eal\u00e9e, reprise), Geoffrey Cluzel (3e ligne, reprise), Antonin Ferlin (pilier, SC Royannais, double licence), Titouan Grimler (centre, ailier, US V\u00e9ore XV), Dorian Gritti (demi de m\u00eal\u00e9e,\u00a0 RC Seyssins), Illunga Kankonde Mar\u00e9chal (3e ligne, RC Romans P\u00e9age), Baptiste Jullien (talonneur, US Vinay), Erwan Kerconduff (2e ou 3e ligne, RC Chatillonnais), Driss Malandran (2e ligne, US V\u00e9ore XV), Thibaut Malinverno (centre, Saint-Priest Rugby), Louis Marin (centre, RC Varacieux), Mauric Prelle (3e ligne, SMS junior), Anthony Nieto (2e ou 3e ligne US Montm\u00e9lian), Pierre Rates (arri\u00e8re ou demi d&rsquo;ouverture, US Vinay), Enzo Robin (centre ou demi d&rsquo;ouverture, FC Tournon Tain), Igor Serrafino (talonneur ou 3e\u00a0 ligne) RC Seyssins), Cl\u00e9ment Tetaz (ailier, sans club), Jimmy Tota (3e ligne, US Deux-Ponts), Cyprien Sautet (centre ou ailier, arri\u00e8re, US Renage-Rives), Soudani Visentin (talonneur, 3e ligne, US Renage-Rives), Taher Benjima (2e ligne, AS Bi\u00e8vre Saint-Geoirs).<\/p>\n<p>D\u00e9parts<\/p>\n<p>Melvin Barruyer (m\u00eal\u00e9e), RC Eymeux), <a href=\"https:\/\/www.ledauphine.com\/sport\/2025\/06\/13\/deux-departs-majeurs-de-saint-marcellin-voiron-se-renforce-ca-bouge-en-isere-en-federale\" target=\"_blank\" rel=\"noopener\">Hugo Colliat<\/a> (demi d&rsquo;ouverture, SO Voiron), Thomas Chapelle (centre, arr\u00eat), Alexandre Dardet (pilier, US Renage-Rives), Mathias Foulhoux (3e ligne, RC Donatien), Titouan Garin (talonneur, RC La Voulte), Baptiste Girard (pilier, RC Varacieux), Dorian Junique (3e ligne, US V\u00e9ore XV), Valentin Pachot (ailier ou centre, RC Seyssins), Vimaeli Tuidraki (centre, RC Donatien).<\/p>\n","protected":false},"excerpt":{"rendered":"US Vinay (F\u00e9d\u00e9rale 1)Arriv\u00e9es Julien Ajavon (pilier, Voiron), Alexis Dlouhy (centre, Voiron), Nathan Fugier (demi de m\u00eal\u00e9e, RC&hellip;\n","protected":false},"author":2,"featured_media":308379,"comment_status":"","ping_status":"","sticky":false,"template":"","format":"standard","meta":{"footnotes":""},"categories":[9566],"tags":[1111,11,2430,114,1777,674,44849,1701,1011,27,2731,108,6225,12,25,479,44850,7387,7388,517,17658,26105,7831,7832],"class_list":{"0":"post-308378","1":"post","2":"type-post","3":"status-publish","4":"format-standard","5":"has-post-thumbnail","7":"category-grenoble","8":"tag-actu","9":"tag-actualites","10":"tag-auvergne-rhone-alpes","11":"tag-edition-voiron-saint-marcellin","12":"tag-eu","13":"tag-europe","14":"tag-federale-1-rugby","15":"tag-fil-info-sport","16":"tag-fr","17":"tag-france","18":"tag-grenoble","19":"tag-isere","20":"tag-la-matinale","21":"tag-news","22":"tag-republique-francaise","23":"tag-rugby","24":"tag-saint-etienne-de-saint-geoirs","25":"tag-saint-marcellin","26":"tag-saint-marcellin-bassin","27":"tag-sport","28":"tag-vinay","29":"tag-vinay-et-autour","30":"tag-voiron","31":"tag-voiron-bassin"},"share_on_mastodon":{"url":"https:\/\/pubeurope.com\/@fr\/115001599106683045","error":""},"_links":{"self":[{"href":"https:\/\/www.europesays.com\/fr\/wp-json\/wp\/v2\/posts\/308378","targetHints":{"allow":["GET"]}}],"collection":[{"href":"https:\/\/www.europesays.com\/fr\/wp-json\/wp\/v2\/posts"}],"about":[{"href":"https:\/\/www.europesays.com\/fr\/wp-json\/wp\/v2\/types\/post"}],"author":[{"embeddable":true,"href":"https:\/\/www.europesays.com\/fr\/wp-json\/wp\/v2\/users\/2"}],"replies":[{"embeddable":true,"href":"https:\/\/www.europesays.com\/fr\/wp-json\/wp\/v2\/comments?post=308378"}],"version-history":[{"count":0,"href":"https:\/\/www.europesays.com\/fr\/wp-json\/wp\/v2\/posts\/308378\/revisions"}],"wp:featuredmedia":[{"embeddable":true,"href":"https:\/\/www.europesays.com\/fr\/wp-json\/wp\/v2\/media\/308379"}],"wp:attachment":[{"href":"https:\/\/www.europesays.com\/fr\/wp-json\/wp\/v2\/media?parent=308378"}],"wp:term":[{"taxonomy":"category","embeddable":true,"href":"https:\/\/www.europesays.com\/fr\/wp-json\/wp\/v2\/categories?post=308378"},{"taxonomy":"post_tag","embeddable":true,"href":"https:\/\/www.europesays.com\/fr\/wp-json\/wp\/v2\/tags?post=308378"}],"curies":[{"name":"wp","href":"https:\/\/api.w.org\/{rel}","templated":true}]}}