{"id":308382,"date":"2025-08-10T00:21:22","date_gmt":"2025-08-10T00:21:22","guid":{"rendered":"https:\/\/www.europesays.com\/fr\/308382\/"},"modified":"2025-08-10T00:21:22","modified_gmt":"2025-08-10T00:21:22","slug":"mamadou-sarr-jespere-etre-pret-pour-metz-alsasports","status":"publish","type":"post","link":"https:\/\/www.europesays.com\/fr\/308382\/","title":{"rendered":"Mamadou Sarr : \u00ab\u00a0J&rsquo;esp\u00e8re \u00eatre pr\u00eat pour Metz\u00a0\u00bb \u2014 Alsa&rsquo;Sports"},"content":{"rendered":"<p><strong>Le d\u00e9fenseur central Mamadou Sarr, encore tr\u00e8s performant dans la couverture et les duels cet apr\u00e8s-midi mais sorti cramp\u00e9 en fin de match, a rassur\u00e9 sur son \u00e9tat de forme et donn\u00e9 rendez-vous d\u00e8s le week prochain. <\/strong><\/p>\n<p>Son retour dans la charni\u00e8re centrale du Racing a rassur\u00e9 tout le monde, y compris les quelque dizaines de supporters strasbourgeois pr\u00e9sents dans la MEWA Arena de Mayence, o\u00f9 Strasbourg a \u00e9t\u00e9 accroch\u00e9 (0-0) pour son ultime rendez-vous amical. Revoil\u00e0 Mamadou Sarr, avec sans doute un nouveau r\u00f4le (Emegha lui a c\u00e9d\u00e9 son brassard \u00e0 sa sortie) apr\u00e8s une ann\u00e9e de plus et toujours les m\u00eames garanties. \u00ab\u00a0Je suis bien revenu, je pense que je suis en jambes. Aujourd\u2019hui j\u2019ai pu faire 85 minutes, je suis tr\u00e8s content et j\u2019esp\u00e8re \u00eatre pr\u00eat pour le match contre Metz\u00a0\u00bb (dans huit jours, ndlr), a-t-il d\u00e9clar\u00e9 en zone mixte. <\/p>\n<p><strong>\u00ab\u00a0On est pr\u00eats pour Metz\u00a0\u00bb<\/strong><\/p>\n<p>Alors forc\u00e9ment, quand il s\u2019est touch\u00e9 l\u2019arri\u00e8re de la cuisse sans avoir \u00e9t\u00e9 au duel \u00e0 la 83\u00e8me, nos mines se sont fig\u00e9es. \u00ab\u00a0J\u2019ai ressenti des crampes en fin de match. J\u2019ai jou\u00e9 mes deux premiers matches de la saison cette semaine, donc ce ne sont que des crampes\u00a0\u00bb. <\/p>\n<p>Au-del\u00e0 de son match, le revenant fran\u00e7ais a jug\u00e9 une prestation collective satisfaisante : \u00ab\u00a0c\u2019\u00e9tait une bonne adversit\u00e9 aujourd\u2019hui, contre le dernier sixi\u00e8me de Bundesliga. Face \u00e0 ce genre d\u2019\u00e9quipes, c\u2019est encourageant de ne pas prendre de buts et de proposer du jeu avec beaucoup de situations. On pouvait tuer le match avant, mais c\u2019est encourageant. On est pr\u00eats pour Metz. C\u2019est la m\u00eame philosophie que l\u2019ann\u00e9e derni\u00e8re, avec les nouveaux qui s\u2019int\u00e8grent au jeu que l\u2019on veut produire. Il reste des d\u00e9tails \u00e0 affiner quand on a le ballon dans les deux parties de terrain, mais on est en forme\u00a0\u00bb. <\/p>\n","protected":false},"excerpt":{"rendered":"Le d\u00e9fenseur central Mamadou Sarr, encore tr\u00e8s performant dans la couverture et les duels cet apr\u00e8s-midi mais sorti&hellip;\n","protected":false},"author":2,"featured_media":308383,"comment_status":"","ping_status":"","sticky":false,"template":"","format":"standard","meta":{"footnotes":""},"categories":[2820],"tags":[1111,11,1777,674,63,1011,27,775,29641,12,4448,25,640],"class_list":{"0":"post-308382","1":"post","2":"type-post","3":"status-publish","4":"format-standard","5":"has-post-thumbnail","7":"category-strasbourg","8":"tag-actu","9":"tag-actualites","10":"tag-eu","11":"tag-europe","12":"tag-football","13":"tag-fr","14":"tag-france","15":"tag-grand-est","16":"tag-mamadou-sarr","17":"tag-news","18":"tag-rc-strasbourg","19":"tag-republique-francaise","20":"tag-strasbourg"},"share_on_mastodon":{"url":"https:\/\/pubeurope.com\/@fr\/115001614854349649","error":""},"_links":{"self":[{"href":"https:\/\/www.europesays.com\/fr\/wp-json\/wp\/v2\/posts\/308382","targetHints":{"allow":["GET"]}}],"collection":[{"href":"https:\/\/www.europesays.com\/fr\/wp-json\/wp\/v2\/posts"}],"about":[{"href":"https:\/\/www.europesays.com\/fr\/wp-json\/wp\/v2\/types\/post"}],"author":[{"embeddable":true,"href":"https:\/\/www.europesays.com\/fr\/wp-json\/wp\/v2\/users\/2"}],"replies":[{"embeddable":true,"href":"https:\/\/www.europesays.com\/fr\/wp-json\/wp\/v2\/comments?post=308382"}],"version-history":[{"count":0,"href":"https:\/\/www.europesays.com\/fr\/wp-json\/wp\/v2\/posts\/308382\/revisions"}],"wp:featuredmedia":[{"embeddable":true,"href":"https:\/\/www.europesays.com\/fr\/wp-json\/wp\/v2\/media\/308383"}],"wp:attachment":[{"href":"https:\/\/www.europesays.com\/fr\/wp-json\/wp\/v2\/media?parent=308382"}],"wp:term":[{"taxonomy":"category","embeddable":true,"href":"https:\/\/www.europesays.com\/fr\/wp-json\/wp\/v2\/categories?post=308382"},{"taxonomy":"post_tag","embeddable":true,"href":"https:\/\/www.europesays.com\/fr\/wp-json\/wp\/v2\/tags?post=308382"}],"curies":[{"name":"wp","href":"https:\/\/api.w.org\/{rel}","templated":true}]}}