{"id":308388,"date":"2025-08-10T00:27:15","date_gmt":"2025-08-10T00:27:15","guid":{"rendered":"https:\/\/www.europesays.com\/fr\/308388\/"},"modified":"2025-08-10T00:27:15","modified_gmt":"2025-08-10T00:27:15","slug":"programme-tv-foot-plusieurs-matchs-amicaux-de-prestige","status":"publish","type":"post","link":"https:\/\/www.europesays.com\/fr\/308388\/","title":{"rendered":"Programme TV Foot : plusieurs matchs amicaux de prestige"},"content":{"rendered":"<p>\n    09\/08 &#8211; 17:07 | Par la r\u00e9daction | Il y a<br \/>\n    9 heures\n  <\/p>\n<p><strong>D\u00e9couvrez le programme TV des matchs de foot et \u00e9missions ce samedi 9 ao\u00fbt.<\/strong><\/p>\n<p><img decoding=\"async\" src=\"https:\/\/www.europesays.com\/fr\/wp-content\/uploads\/2025\/07\/671_07aaed426968c8cf4d769c98c7ab1f21.jpg\" alt=\"Programme TV Foot : plusieurs matchs amicaux de prestige\" class=\"img-responsive mt-3\"\/><\/p>\n<p class=\"text-center mb-3\" style=\"font-size: 14px\">\u00a9 Iconsport<\/p>\n<p style=\"text-align: justify;\">Voici les matchs et \u00e9missions du samedi 9 ao\u00fbt.<\/p>\n<p style=\"text-align: justify;\">Le d\u00e9tail du programme TV Foot de cette journ\u00e9e sur les terrains :<\/p>\n<p style=\"text-align: justify;\">\n<p style=\"text-align: justify;\">\u00a0<\/p>\n<p style=\"text-align: justify;\">\u00c0 lire &gt;&gt; <strong><a href=\"https:\/\/www.webgirondins.com\/actualite-mercato-girondins-jean-grillot-retenu-par-bordeaux-au-mercato-129668\" target=\"_blank\" rel=\"noopener\">Jean Grillot retenu par Bordeaux au mercato<\/a><\/strong><\/p>\n<p>Notre podcast court :<\/p>\n<p>\u00a0<\/p>\n<p>  COMMENTAIRES<br \/>\n  ()<\/p>\n","protected":false},"excerpt":{"rendered":"09\/08 &#8211; 17:07 | Par la r\u00e9daction | Il y a 9 heures D\u00e9couvrez le programme TV des&hellip;\n","protected":false},"author":2,"featured_media":287493,"comment_status":"","ping_status":"","sticky":false,"template":"","format":"standard","meta":{"footnotes":""},"categories":[2817],"tags":[1111,11,28408,2863,1997,3474,6251,1777,674,2257,1011,27,3388,12,2219,2513,44851,5240,25,3982],"class_list":{"0":"post-308388","1":"post","2":"type-post","3":"status-publish","4":"format-standard","5":"has-post-thumbnail","7":"category-bordeaux","8":"tag-actu","9":"tag-actualites","10":"tag-amicaux","11":"tag-aout","12":"tag-bordeaux","13":"tag-decouvrez","14":"tag-emissions","15":"tag-eu","16":"tag-europe","17":"tag-foot","18":"tag-fr","19":"tag-france","20":"tag-matchs","21":"tag-news","22":"tag-nouvelle-aquitaine","23":"tag-plusieurs","24":"tag-prestige","25":"tag-programme","26":"tag-republique-francaise","27":"tag-samedi"},"share_on_mastodon":{"url":"https:\/\/pubeurope.com\/@fr\/115001638555368258","error":""},"_links":{"self":[{"href":"https:\/\/www.europesays.com\/fr\/wp-json\/wp\/v2\/posts\/308388","targetHints":{"allow":["GET"]}}],"collection":[{"href":"https:\/\/www.europesays.com\/fr\/wp-json\/wp\/v2\/posts"}],"about":[{"href":"https:\/\/www.europesays.com\/fr\/wp-json\/wp\/v2\/types\/post"}],"author":[{"embeddable":true,"href":"https:\/\/www.europesays.com\/fr\/wp-json\/wp\/v2\/users\/2"}],"replies":[{"embeddable":true,"href":"https:\/\/www.europesays.com\/fr\/wp-json\/wp\/v2\/comments?post=308388"}],"version-history":[{"count":0,"href":"https:\/\/www.europesays.com\/fr\/wp-json\/wp\/v2\/posts\/308388\/revisions"}],"wp:featuredmedia":[{"embeddable":true,"href":"https:\/\/www.europesays.com\/fr\/wp-json\/wp\/v2\/media\/287493"}],"wp:attachment":[{"href":"https:\/\/www.europesays.com\/fr\/wp-json\/wp\/v2\/media?parent=308388"}],"wp:term":[{"taxonomy":"category","embeddable":true,"href":"https:\/\/www.europesays.com\/fr\/wp-json\/wp\/v2\/categories?post=308388"},{"taxonomy":"post_tag","embeddable":true,"href":"https:\/\/www.europesays.com\/fr\/wp-json\/wp\/v2\/tags?post=308388"}],"curies":[{"name":"wp","href":"https:\/\/api.w.org\/{rel}","templated":true}]}}