{"id":308389,"date":"2025-08-10T00:28:17","date_gmt":"2025-08-10T00:28:17","guid":{"rendered":"https:\/\/www.europesays.com\/fr\/308389\/"},"modified":"2025-08-10T00:28:17","modified_gmt":"2025-08-10T00:28:17","slug":"la-canicule-va-persister-tout-le-week-end-a-toulouse-et-en-occitanie-voici-les-previsions","status":"publish","type":"post","link":"https:\/\/www.europesays.com\/fr\/308389\/","title":{"rendered":"La canicule va persister tout le week-end \u00e0 Toulouse et en Occitanie : voici les pr\u00e9visions"},"content":{"rendered":"<p>            Par<br \/>\n        <strong><br \/>\n            <a href=\"https:\/\/actu.fr\/auteur\/lea-afonso\" title=\"Consulter tous les articles de L\u00e9a Afonso\" rel=\"nofollow noopener\" target=\"_blank\">L\u00e9a Afonso<\/a><br \/>\n        <\/strong><\/p>\n<p>        Publi\u00e9 le<\/p>\n<p>            9 ao\u00fbt 2025 \u00e0 6h04        <\/p>\n<p>La <strong>canicule<\/strong> va \u00eatre rude ce week-end des 9 et 10\u00a0ao\u00fbt 2025 \u00e0 <a href=\"https:\/\/actu.fr\/toulouse\/\" rel=\"nofollow noopener\" target=\"_blank\">Toulouse<\/a> et en <a href=\"https:\/\/actu.fr\/occitanie\/\" rel=\"nofollow noopener\" target=\"_blank\">Occitanie<\/a>. Il va faire tr\u00e8s chaud sous un soleil ravageur. Voici les pr\u00e9visions de M\u00e9t\u00e9o France.<\/p>\n<p>Toulouse sous canicule<br \/>\n    <img   decoding=\"async\" loading=\"lazy\" src=\"https:\/\/www.europesays.com\/fr\/wp-content\/uploads\/2025\/08\/meteo-toulouse-3-960x497.png\" alt=\"Un week-end sous canicule attendu \u00e0 Toulouse. \" width=\"960\" height=\"497\"\/><br \/>\n    Un week-end sous canicule attendu \u00e0 Toulouse. (\u00a9Capture d\u2019\u00e9cran M\u00e9t\u00e9o France)<\/p>\n<p class=\" wall-content\">Se prot\u00e9ger de la chaleur sera le ma\u00eetre-mot de ce week-end \u00e0 <strong>Toulouse<\/strong>. Effectivement, les temp\u00e9ratures vont \u00eatre particuli\u00e8rement \u00e9lev\u00e9es\u2009: <strong>23\u00b0C et 21\u00b0C au minimum, et jusqu\u2019\u00e0 39\u00b0C et 40\u00b0C au maximum<\/strong>. Le tout accompagn\u00e9 d\u2019un grand soleil du matin au soir. De quoi suffoquer\u2009!<\/p>\n<p class=\" wall-content\">De telles temp\u00e9ratures qui maintiennent la Ville rose et plus g\u00e9n\u00e9ralement le d\u00e9partement de la Haute-Garonne en <strong>alerte orange \u00e0 la canicule<\/strong> au moins samedi.<\/p>\n<p>Samedi les temp\u00e9ratures montent progressivement<br \/>\n    <img   decoding=\"async\" loading=\"lazy\" src=\"https:\/\/www.europesays.com\/fr\/wp-content\/uploads\/2025\/08\/meteo-samedi-occi-960x640.png\" alt=\"Samedi, les temp\u00e9ratures commenceront \u00e0 taper.\" width=\"960\" height=\"640\"\/><br \/>\n    Samedi, les temp\u00e9ratures commenceront \u00e0 taper en Occitanie. Voici les moyennes de l\u2019apr\u00e8s-midi. (\u00a9Capture d\u2019\u00e9cran M\u00e9t\u00e9o France)Vid\u00e9os : en ce moment sur Actu<\/p>\n<p class=\" wall-content\">C\u00f4t\u00e9 Occitanie, la chaleur sera tout aussi pr\u00e9sente\u2009! <strong>Samedi<\/strong>, le ciel sera bleu un peu partout et le mercure commencera \u00e0 monter d\u00e8s le matin avec des minimales tout de m\u00eame hautes\u2009:<strong> 20\u00b0C \u00e0 Auch et Carcassonne, 19\u00b0C \u00e0 Rodez ou encore 22\u00b0C \u00e0 Perpignan<\/strong>. L\u2019apr\u00e8s-midi, ce sera la fournaise. Comptez au maximum<strong> 35\u00b0C \u00e0 Tarbes, 40\u00b0C \u00e0 Cahors ou encore 39\u00b0C \u00e0 Montauban.<\/strong><\/p>\n<p>Dimanche, l\u2019Occitanie sera br\u00fblante<br \/>\n    <img   decoding=\"async\" loading=\"lazy\" src=\"https:\/\/www.europesays.com\/fr\/wp-content\/uploads\/2025\/08\/meteo-dimanche-occitanie-960x640.png\" alt=\"La chaleur sera caniculaire en Occitanie dimanche. \" width=\"960\" height=\"640\"\/><br \/>\n    La chaleur sera caniculaire en Occitanie dimanche. Voici les moyennes de l\u2019apr\u00e8s-midi. (\u00a9Capture d\u2019\u00e9cran M\u00e9t\u00e9o France)<\/p>\n<p class=\" wall-content\">Pour ceux qui en auraient marre de la chaleur\u2026 et bien ce n\u2019est pas fini. <strong>Dimanche<\/strong>, il fera tout aussi beau et chaud que la veille, voire davantage. Au minimum, il fera <strong>21\u00b0C \u00e0 N\u00eemes, 19\u00b0C \u00e0 B\u00e9ziers et 23\u00b0C \u00e0 Carcassonne.<\/strong><\/p>\n<p class=\" wall-content\">Pour les maximales\u2009: comptez<strong> 40\u00b0C \u00e0 Auch et Montauban, 41\u00b0C \u00e0 Albi, 42\u00b0C \u00e0 Cahors et 39\u00b0C \u00e0 Tarbes.<\/strong><\/p>\n<p>Des vigilances maintenues<\/p>\n<p class=\" wall-content\">La vigilance orange \u00e0 la canicule est maintenue ce samedi dans le Tarn-et-Garonne, le Lot, l\u2019Aveyron, le Tarn, l\u2019Aude, le Gers, Ari\u00e8ge, la Loz\u00e8re et les Hautes-Pyr\u00e9n\u00e9es. La vigilance est jaune pour le Gard, les Pyr\u00e9n\u00e9es-Orientales et l\u2019H\u00e9rault.<\/p>\n<p class=\" wall-content\">Suivez toute l\u2019actualit\u00e9 de vos villes et m\u00e9dias favoris en vous inscrivant \u00e0 <a href=\"https:\/\/moncompte.actu.fr\" title=\"D\u00e9couvez Mon Actu\" rel=\"nofollow noopener\" data-trk=\"{&quot;cta&quot;:{&quot;action&quot;:&quot;https:\\\/\\\/moncompte.actu.fr&quot;,&quot;category&quot;:&quot;mon compte&quot;,&quot;from&quot;:&quot;article footer&quot;,&quot;name&quot;:&quot;Mon actu&quot;,&quot;type&quot;:&quot;cta&quot;}}\" target=\"_blank\">Mon Actu<\/a>.<\/p>\n","protected":false},"excerpt":{"rendered":"Par L\u00e9a Afonso Publi\u00e9 le 9 ao\u00fbt 2025 \u00e0 6h04 La canicule va \u00eatre rude ce week-end des&hellip;\n","protected":false},"author":2,"featured_media":308390,"comment_status":"","ping_status":"","sticky":false,"template":"","format":"standard","meta":{"footnotes":""},"categories":[2816],"tags":[1111,11,1777,674,1011,27,2487,2357,12,2680,25,2312],"class_list":{"0":"post-308389","1":"post","2":"type-post","3":"status-publish","4":"format-standard","5":"has-post-thumbnail","7":"category-toulouse","8":"tag-actu","9":"tag-actualites","10":"tag-eu","11":"tag-europe","12":"tag-fr","13":"tag-france","14":"tag-meteo","15":"tag-meteo-france","16":"tag-news","17":"tag-occitanie","18":"tag-republique-francaise","19":"tag-toulouse"},"share_on_mastodon":{"url":"https:\/\/pubeurope.com\/@fr\/115001642603628375","error":""},"_links":{"self":[{"href":"https:\/\/www.europesays.com\/fr\/wp-json\/wp\/v2\/posts\/308389","targetHints":{"allow":["GET"]}}],"collection":[{"href":"https:\/\/www.europesays.com\/fr\/wp-json\/wp\/v2\/posts"}],"about":[{"href":"https:\/\/www.europesays.com\/fr\/wp-json\/wp\/v2\/types\/post"}],"author":[{"embeddable":true,"href":"https:\/\/www.europesays.com\/fr\/wp-json\/wp\/v2\/users\/2"}],"replies":[{"embeddable":true,"href":"https:\/\/www.europesays.com\/fr\/wp-json\/wp\/v2\/comments?post=308389"}],"version-history":[{"count":0,"href":"https:\/\/www.europesays.com\/fr\/wp-json\/wp\/v2\/posts\/308389\/revisions"}],"wp:featuredmedia":[{"embeddable":true,"href":"https:\/\/www.europesays.com\/fr\/wp-json\/wp\/v2\/media\/308390"}],"wp:attachment":[{"href":"https:\/\/www.europesays.com\/fr\/wp-json\/wp\/v2\/media?parent=308389"}],"wp:term":[{"taxonomy":"category","embeddable":true,"href":"https:\/\/www.europesays.com\/fr\/wp-json\/wp\/v2\/categories?post=308389"},{"taxonomy":"post_tag","embeddable":true,"href":"https:\/\/www.europesays.com\/fr\/wp-json\/wp\/v2\/tags?post=308389"}],"curies":[{"name":"wp","href":"https:\/\/api.w.org\/{rel}","templated":true}]}}