{"id":308391,"date":"2025-08-10T00:29:23","date_gmt":"2025-08-10T00:29:23","guid":{"rendered":"https:\/\/www.europesays.com\/fr\/308391\/"},"modified":"2025-08-10T00:29:23","modified_gmt":"2025-08-10T00:29:23","slug":"a62-sortie-podensac-n2-fermee-direction-toulouse","status":"publish","type":"post","link":"https:\/\/www.europesays.com\/fr\/308391\/","title":{"rendered":"A62 Sortie Podensac N\u00b02 ferm\u00e9e direction Toulouse"},"content":{"rendered":"<ol class=\"breadcrumb\" itemscope=\"\" itemtype=\"https:\/\/schema.org\/BreadcrumbList\">\n<li itemprop=\"itemListElement\" itemscope=\"\" itemtype=\"https:\/\/schema.org\/ListItem\">\n                    <a itemprop=\"item\" href=\"https:\/\/radio.vinci-autoroutes.com\/\" target=\"_blank\" rel=\"noopener\"><br \/>\n                        Accueil<br \/>\n                    <\/a><\/p>\n<\/li>\n<li itemprop=\"itemListElement\" itemscope=\"\" itemtype=\"https:\/\/schema.org\/ListItem\">\n                        <a itemprop=\"item\" href=\"https:\/\/radio.vinci-autoroutes.com\/rubrique\/infotrafic\" target=\"_blank\" rel=\"noopener\"><br \/>\n                            Actu trafic<br \/>\n                        <\/a><\/p>\n<\/li>\n<li itemprop=\"itemListElement\" itemscope=\"\" itemtype=\"https:\/\/schema.org\/ListItem\">\n                        <a itemprop=\"item\" href=\"https:\/\/radio.vinci-autoroutes.com\/rubrique\/travaux\" target=\"_blank\" rel=\"noopener\"><br \/>\n                            Travaux<br \/>\n                        <\/a><\/p>\n<\/li>\n<\/ol>\n<p class=\"article-chapeau\" itemprop=\"description\">En Gironde, la nuit du lundi 11 au mardi 12 ao\u00fbt, \u00e0 partir de 20h et au plus tard jusqu&rsquo;\u00e0 05h du matin, la sortie Podensac N\u00b02 de l&rsquo;autoroute A62 est ferm\u00e9e, en direction de Toulouse, pour effectuer des travaux sur un pont.<\/p>\n<p class=\"article-author\">Auteur : Nadine Mistre<\/p>\n<p class=\"article-modification\">Derni\u00e8re modification : 09\/08\/2025 15:42<\/p>\n<p>                <img decoding=\"async\" src=\"https:\/\/www.europesays.com\/fr\/wp-content\/uploads\/2025\/04\/VDN-Travaux-2022-7-Nuit-Toulouse-Copyright-VA.jpg\" alt=\"A62 Sortie Podensac N\u00b02 ferm\u00e9e direction Toulouse\"\/><\/p>\n<p>                                                    0:16\n                                            <\/p>\n<p class=\"legende\">Travaux nocturnes \u00e0 Toulouse<\/p>\n<p>                            \u00a9 VINCI Autoroutes                        <\/p>\n<p>\n        Vous pouvez sortir avant, \u00e0 La Br\u00e8de N\u00b01.1    <\/p>\n<p>            Pour approfondir le sujet<\/p>\n<p>        Partager cet article<\/p>\n","protected":false},"excerpt":{"rendered":"Accueil Actu trafic Travaux En Gironde, la nuit du lundi 11 au mardi 12 ao\u00fbt, \u00e0 partir de&hellip;\n","protected":false},"author":2,"featured_media":45495,"comment_status":"","ping_status":"","sticky":false,"template":"","format":"standard","meta":{"footnotes":""},"categories":[2816],"tags":[1111,11,2863,13635,1777,674,4069,1011,27,2905,9865,9778,12,293,2680,44852,25,3686,2312],"class_list":{"0":"post-308391","1":"post","2":"type-post","3":"status-publish","4":"format-standard","5":"has-post-thumbnail","7":"category-toulouse","8":"tag-actu","9":"tag-actualites","10":"tag-aout","11":"tag-direction","12":"tag-eu","13":"tag-europe","14":"tag-fermee","15":"tag-fr","16":"tag-france","17":"tag-gironde","18":"tag-lundi","19":"tag-mardi","20":"tag-news","21":"tag-nuit","22":"tag-occitanie","23":"tag-podensac","24":"tag-republique-francaise","25":"tag-sortie","26":"tag-toulouse"},"share_on_mastodon":{"url":"https:\/\/pubeurope.com\/@fr\/115001646300338135","error":""},"_links":{"self":[{"href":"https:\/\/www.europesays.com\/fr\/wp-json\/wp\/v2\/posts\/308391","targetHints":{"allow":["GET"]}}],"collection":[{"href":"https:\/\/www.europesays.com\/fr\/wp-json\/wp\/v2\/posts"}],"about":[{"href":"https:\/\/www.europesays.com\/fr\/wp-json\/wp\/v2\/types\/post"}],"author":[{"embeddable":true,"href":"https:\/\/www.europesays.com\/fr\/wp-json\/wp\/v2\/users\/2"}],"replies":[{"embeddable":true,"href":"https:\/\/www.europesays.com\/fr\/wp-json\/wp\/v2\/comments?post=308391"}],"version-history":[{"count":0,"href":"https:\/\/www.europesays.com\/fr\/wp-json\/wp\/v2\/posts\/308391\/revisions"}],"wp:featuredmedia":[{"embeddable":true,"href":"https:\/\/www.europesays.com\/fr\/wp-json\/wp\/v2\/media\/45495"}],"wp:attachment":[{"href":"https:\/\/www.europesays.com\/fr\/wp-json\/wp\/v2\/media?parent=308391"}],"wp:term":[{"taxonomy":"category","embeddable":true,"href":"https:\/\/www.europesays.com\/fr\/wp-json\/wp\/v2\/categories?post=308391"},{"taxonomy":"post_tag","embeddable":true,"href":"https:\/\/www.europesays.com\/fr\/wp-json\/wp\/v2\/tags?post=308391"}],"curies":[{"name":"wp","href":"https:\/\/api.w.org\/{rel}","templated":true}]}}