{"id":308413,"date":"2025-08-10T00:44:10","date_gmt":"2025-08-10T00:44:10","guid":{"rendered":"https:\/\/www.europesays.com\/fr\/308413\/"},"modified":"2025-08-10T00:44:10","modified_gmt":"2025-08-10T00:44:10","slug":"le-secretaire-a-la-defense-americain-partage-une-video-qui-appelle-a-la-fin-du-droit-de-vote-des-femmes","status":"publish","type":"post","link":"https:\/\/www.europesays.com\/fr\/308413\/","title":{"rendered":"Le secr\u00e9taire \u00e0 la D\u00e9fense am\u00e9ricain partage une vid\u00e9o qui appelle \u00e0 la fin du droit de vote des femmes"},"content":{"rendered":"<p>Pete Hegseth, le secr\u00e9taire \u00e0 la D\u00e9fense am\u00e9ricain, a repartag\u00e9 une vid\u00e9o dans laquelle des pasteurs appellent \u00e0 mettre fin au droit de vote des femmes.<\/p>\n<p>Le <a href=\"https:\/\/www.bfmtv.com\/international\/amerique-nord\/etats-unis\/pete-hegseth-accuse-d-agression-sexuelle-les-details-du-rapport-de-police-sur-le-futur-ministre-de-la-defense_AN-202411220528.html\" title=\"Pete Hegseth accus\u00e9 d&#039;agression sexuelle: les d\u00e9tails du rapport de police sur le futur ministre de la D\u00e9fense de Trump\" class=\"internal_link\" rel=\"nofollow noopener\" target=\"_blank\">secr\u00e9taire \u00e0 la D\u00e9fense am\u00e9ricain<\/a>, <a href=\"https:\/\/www.bfmtv.com\/international\/amerique-nord\/etats-unis\/etats-unis-le-ministre-de-la-defense-implique-dans-une-autre-faille-de-securite-concernant-une-frappe-au-yemen_AD-202504210121.html\" title=\"\u00c9tats-Unis: le ministre de la D\u00e9fense impliqu\u00e9 dans une autre faille de s\u00e9curit\u00e9 concernant une frappe au Y\u00e9men\" class=\"internal_link\" rel=\"nofollow noopener\" target=\"_blank\">Pete Hegseth<\/a>, est critiqu\u00e9 apr\u00e8s avoir repartag\u00e9, vendredi 8 ao\u00fbt, une vid\u00e9o dans laquelle plusieurs personnes appellent \u00e0 la fin du droit de <a href=\"https:\/\/www.bfmtv.com\/international\/amerique-nord\/etats-unis\/pilule-abortive-reduction-des-delais-d-ivg-jeudi-noir-pour-le-droit-l-avortement-aux-etats-unis_AN-202304140376.html\" title=\"Pilule abortive, d\u00e9lais d&#039;acc\u00e8s \u00e0 l&#039;IVG... Jeudi noir pour le droit \u00e0 l&#039;avortement aux \u00c9tats-Unis\" class=\"internal_link\" rel=\"nofollow noopener\" target=\"_blank\">vote des femmes<\/a> aux \u00c9tats-Unis.<\/p>\n<p>Cette vid\u00e9o est un reportage de CNN dans lequel une journaliste a suivi plusieurs pasteurs proches de Doug Wilson, th\u00e9ologien, lui-m\u00eame <a href=\"https:\/\/www.bfmtv.com\/international\/amerique-nord\/etats-unis\/etats-unis-le-democrate-warnock-remporte-le-second-tour-de-l-election-senatoriale-en-georgie_AD-202212070046.html\" title=\"\u00c9tats-Unis: le d\u00e9mocrate Warnock remporte le second tour de l&#039;\u00e9lection s\u00e9natoriale en G\u00e9orgie\" class=\"internal_link\" rel=\"nofollow noopener\" target=\"_blank\">pasteur conservateur<\/a> et tr\u00e8s radical. Dans les \u00e9changes avec la journaliste, Doug Wilson indique qu&rsquo;il souhaiterait vivre dans un pays et m\u00eame un monde enti\u00e8rement chr\u00e9tien.<\/p>\n<p>Le <a href=\"https:\/\/www.bfmtv.com\/international\/amerique-nord\/etats-unis\/nomme-par-trump-anti-mariage-gay-qui-est-le-juge-a-l-origine-de-la-suspension-de-la-pilule-abortive-aux-etats-unis_AV-202304080158.html\" title=\"Nomm\u00e9 par Trump, anti-mariage gay: qui est le juge \u00e0 l&#039;origine de la suspension de la pilule abortive aux \u00c9tats-Unis?\" class=\"internal_link\" rel=\"nofollow noopener\" target=\"_blank\">mouvement<\/a> que suit ce pasteur promeut la sup\u00e9riorit\u00e9 de l&rsquo;homme par rapport \u00e0 la femme et la soumission de cette derni\u00e8re \u00e0 son \u00e9poux. Doug Wilson, ainsi qu&rsquo;un autre pasteur interrog\u00e9 dans le reportage, indiquent qu&rsquo;ils souhaitent la fin du vote des femmes.<\/p>\n<p>\u00ab\u00a0Le syst\u00e8me actuel n&rsquo;est pas bon\u00a0\u00bb<\/p>\n<p>\u00ab\u00a0Je suis partisan de la suppression du 19e amendement de la Constitution (qui donne le droit de vote aux femmes dans l&rsquo;ensemble du pays), car je pense que le syst\u00e8me actuel n&rsquo;est pas bon pour les humains\u00a0\u00bb, explique notamment Jared Longshore, l&rsquo;un des pasteurs.<\/p>\n<p>Un autre pr\u00eacheur interrog\u00e9 estime, lui, qu&rsquo;il pr\u00e9f\u00e9rerait qu&rsquo;il y ait un vote par foyer. \u00ab\u00a0Je serai celui qui vote, mais apr\u00e8s en avoir discut\u00e9 avec mon \u00e9pouse\u00a0\u00bb, pr\u00e9cise-t-il.<\/p>\n<p><a href=\"https:\/\/www.bfmtv.com\/international\/amerique-nord\/etats-unis\/il-aime-l-armee-donald-trump-dit-maintenir-son-choix-controverse-de-ministre-de-la-defense_AD-202412070148.html\" title=\"&quot;Il aime l&#039;arm\u00e9e&quot;: Donald Trump dit maintenir son choix controvers\u00e9 de ministre de la D\u00e9fense\" class=\"internal_link\" rel=\"nofollow noopener\" target=\"_blank\">Pete Hegseth<\/a> a republi\u00e9 la vid\u00e9o en \u00e9crivant \u00ab\u00a0tout le Christ, pour toute la vie\u00a0\u00bb. Dans les commentaires, certains le soutiennent. \u00ab\u00a0Que Dieu vous prot\u00e8ge, monsieur\u00a0\u00bb, \u00e9crit un internaute. \u00ab\u00a0Amen, le Christ est le roi\u00a0\u00bb, ajoute un autre.<\/p>\n<p>Cependant, nombreux sont ceux qui sont choqu\u00e9s ou qui interrogent le secr\u00e9taire \u00e0 la D\u00e9fense sur ses r\u00e9elles positions. \u00ab\u00a0Cela devrait vous faire virer\u00a0\u00bb, note un utilisateur. \u00ab\u00a0Il n&rsquo;y a rien de chr\u00e9tien dans cette \u00e9glise\u00a0\u00bb, souligne un autre.<\/p>\n","protected":false},"excerpt":{"rendered":"Pete Hegseth, le secr\u00e9taire \u00e0 la D\u00e9fense am\u00e9ricain, a repartag\u00e9 une vid\u00e9o dans laquelle des pasteurs appellent \u00e0&hellip;\n","protected":false},"author":2,"featured_media":195920,"comment_status":"","ping_status":"","sticky":false,"template":"","format":"standard","meta":{"footnotes":""},"categories":[1589],"tags":[11,73,1866,12,1864,1865,1863,308],"class_list":{"0":"post-308413","1":"post","2":"type-post","3":"status-publish","4":"format-standard","5":"has-post-thumbnail","7":"category-etats-unis","8":"tag-actualites","9":"tag-etats-unis","10":"tag-etats-unis-damerique","11":"tag-news","12":"tag-united-states","13":"tag-united-states-of-america","14":"tag-us","15":"tag-usa"},"share_on_mastodon":{"url":"","error":""},"_links":{"self":[{"href":"https:\/\/www.europesays.com\/fr\/wp-json\/wp\/v2\/posts\/308413","targetHints":{"allow":["GET"]}}],"collection":[{"href":"https:\/\/www.europesays.com\/fr\/wp-json\/wp\/v2\/posts"}],"about":[{"href":"https:\/\/www.europesays.com\/fr\/wp-json\/wp\/v2\/types\/post"}],"author":[{"embeddable":true,"href":"https:\/\/www.europesays.com\/fr\/wp-json\/wp\/v2\/users\/2"}],"replies":[{"embeddable":true,"href":"https:\/\/www.europesays.com\/fr\/wp-json\/wp\/v2\/comments?post=308413"}],"version-history":[{"count":0,"href":"https:\/\/www.europesays.com\/fr\/wp-json\/wp\/v2\/posts\/308413\/revisions"}],"wp:featuredmedia":[{"embeddable":true,"href":"https:\/\/www.europesays.com\/fr\/wp-json\/wp\/v2\/media\/195920"}],"wp:attachment":[{"href":"https:\/\/www.europesays.com\/fr\/wp-json\/wp\/v2\/media?parent=308413"}],"wp:term":[{"taxonomy":"category","embeddable":true,"href":"https:\/\/www.europesays.com\/fr\/wp-json\/wp\/v2\/categories?post=308413"},{"taxonomy":"post_tag","embeddable":true,"href":"https:\/\/www.europesays.com\/fr\/wp-json\/wp\/v2\/tags?post=308413"}],"curies":[{"name":"wp","href":"https:\/\/api.w.org\/{rel}","templated":true}]}}