{"id":308416,"date":"2025-08-10T00:46:12","date_gmt":"2025-08-10T00:46:12","guid":{"rendered":"https:\/\/www.europesays.com\/fr\/308416\/"},"modified":"2025-08-10T00:46:12","modified_gmt":"2025-08-10T00:46:12","slug":"leconomie-de-lallemagne-en-mauvaise-forme-alors-que-merz-approche-des-100-jours","status":"publish","type":"post","link":"https:\/\/www.europesays.com\/fr\/308416\/","title":{"rendered":"L&rsquo;\u00e9conomie de l&rsquo;Allemagne en mauvaise forme alors que Merz approche des 100 jours"},"content":{"rendered":"<p class=\"ap-StoryElement ap-StoryElement--mb ap-StoryText\">Mme Grimm est l&rsquo;une des cinq membres du Conseil, constitu\u00e9 pour \u00e9valuer les politiques \u00e9conomiques du gouvernement et dont les membres sont nomm\u00e9s par le pr\u00e9sident allemand.<\/p>\n<p class=\"ap-StoryElement ap-StoryElement--mb ap-StoryText\">La coalition gouvernementale du chancelier Friedrich Merz marquera quant \u00e0 elle ses 100 premiers jours en fonction mercredi. M. Merz est arriv\u00e9 au pouvoir avec la promesse de relancer la plus grande \u00e9conomie d&rsquo;Europe apr\u00e8s deux ann\u00e9es de contraction.<\/p>\n<p class=\"ap-StoryElement ap-StoryElement--mb ap-StoryText\">Mme Grimm a critiqu\u00e9 notamment la coalition pour avoir distribu\u00e9 des aides financi\u00e8res &#8211; telles que des augmentations de pensions, des subventions sur le diesel pour les agriculteurs et des all\u00e8gements pour les entreprises de l&rsquo;h\u00f4tellerie &#8211; sans plan clair sur le long terme.<\/p>\n","protected":false},"excerpt":{"rendered":"Mme Grimm est l&rsquo;une des cinq membres du Conseil, constitu\u00e9 pour \u00e9valuer les politiques \u00e9conomiques du gouvernement et&hellip;\n","protected":false},"author":2,"featured_media":2837,"comment_status":"","ping_status":"","sticky":false,"template":"","format":"standard","meta":{"footnotes":""},"categories":[1587],"tags":[11,672,1804,1805,1803,33,1777,674,1801,12,1802],"class_list":{"0":"post-308416","1":"post","2":"type-post","3":"status-publish","4":"format-standard","5":"has-post-thumbnail","7":"category-allemagne","8":"tag-actualites","9":"tag-allemagne","10":"tag-bundesrepublik-deutschland","11":"tag-de","12":"tag-deutschland","13":"tag-economie","14":"tag-eu","15":"tag-europe","16":"tag-germany","17":"tag-news","18":"tag-republique-federale-dallemagne"},"share_on_mastodon":{"url":"https:\/\/pubeurope.com\/@fr\/115001713309143422","error":""},"_links":{"self":[{"href":"https:\/\/www.europesays.com\/fr\/wp-json\/wp\/v2\/posts\/308416","targetHints":{"allow":["GET"]}}],"collection":[{"href":"https:\/\/www.europesays.com\/fr\/wp-json\/wp\/v2\/posts"}],"about":[{"href":"https:\/\/www.europesays.com\/fr\/wp-json\/wp\/v2\/types\/post"}],"author":[{"embeddable":true,"href":"https:\/\/www.europesays.com\/fr\/wp-json\/wp\/v2\/users\/2"}],"replies":[{"embeddable":true,"href":"https:\/\/www.europesays.com\/fr\/wp-json\/wp\/v2\/comments?post=308416"}],"version-history":[{"count":0,"href":"https:\/\/www.europesays.com\/fr\/wp-json\/wp\/v2\/posts\/308416\/revisions"}],"wp:featuredmedia":[{"embeddable":true,"href":"https:\/\/www.europesays.com\/fr\/wp-json\/wp\/v2\/media\/2837"}],"wp:attachment":[{"href":"https:\/\/www.europesays.com\/fr\/wp-json\/wp\/v2\/media?parent=308416"}],"wp:term":[{"taxonomy":"category","embeddable":true,"href":"https:\/\/www.europesays.com\/fr\/wp-json\/wp\/v2\/categories?post=308416"},{"taxonomy":"post_tag","embeddable":true,"href":"https:\/\/www.europesays.com\/fr\/wp-json\/wp\/v2\/tags?post=308416"}],"curies":[{"name":"wp","href":"https:\/\/api.w.org\/{rel}","templated":true}]}}