{"id":308419,"date":"2025-08-10T00:48:21","date_gmt":"2025-08-10T00:48:21","guid":{"rendered":"https:\/\/www.europesays.com\/fr\/308419\/"},"modified":"2025-08-10T00:48:21","modified_gmt":"2025-08-10T00:48:21","slug":"gaza-onu-ue-royaume-uni-israel-appele-a-stopper-immediatement-son-plan-visant-a-prendre-le-controle-de-lenclave","status":"publish","type":"post","link":"https:\/\/www.europesays.com\/fr\/308419\/","title":{"rendered":"Gaza\u00a0: ONU, UE, Royaume-Uni\u2026 Isra\u00ebl appel\u00e9 \u00e0 \u00ab\u00a0stopper imm\u00e9diatement\u00a0\u00bb son plan visant \u00e0 prendre le contr\u00f4le de l\u2019enclave"},"content":{"rendered":"<p class=\"paragraph text_align_left lp-f-body-02\">Peu apr\u00e8s son officialisation, le plan du gouvernement isra\u00e9lien pour \u00ab\u00a0vaincre\u00a0\u00bb le Hamas et <a href=\"https:\/\/www.leparisien.fr\/international\/israel\/israel-ne-veut-pas-gouverner-gaza-assure-netanyahou-malgre-une-extension-des-operations-militaires-attendue-sur-place-07-08-2025-BDFDCQE4NJDORH3NYXMEURZCZY.php\" target=\"_blank\" rel=\"noreferrer nofollow noopener\">\u00ab\u00a0prendre le contr\u00f4le\u00a0\u00bb de la ville de Gaza<\/a> suscit\u00e9 d\u00e9j\u00e0 de nombreuses r\u00e9actions, en interne comme \u00e0 l\u2019\u00e9tranger. D\u00e8s ce vendredi matin, le Haut-Commissaire aux droits de l\u2019homme des Nations Unies, Volker T\u00fcrk, a r\u00e9clam\u00e9 qu\u2019il soit \u00ab\u00a0imm\u00e9diatement stopp\u00e9\u00a0\u00bb.<\/p>\n<p class=\"paragraph text_align_left lp-f-body-02\">\u00c0 ses yeux, le plan &#8211; qui a \u00e9t\u00e9 <a href=\"https:\/\/www.leparisien.fr\/international\/israel\/larmee-israelienne-se-prepare-a-prendre-le-controle-de-gaza-08-08-2025-Q7MOWJRUAVAUPNNDLDVQJ6CJO4.php\" target=\"_blank\" rel=\"noreferrer nofollow noopener\">adopt\u00e9 par le cabinet de s\u00e9curit\u00e9 de Benyamin Netanyahou<\/a> dans la nuit de jeudi \u00e0 ce vendredi &#8211; \u00ab\u00a0va \u00e0 l\u2019encontre de la d\u00e9cision de la Cour internationale de justice selon laquelle Isra\u00ebl doit mettre fin \u00e0 son occupation d\u00e8s que possible, de la r\u00e9alisation de la <a href=\"https:\/\/www.leparisien.fr\/international\/il-nexiste-pas-dalternative-a-la-solution-a-deux-etats-israelien-et-palestinien-plaide-jean-noel-barrot-a-lonu-28-07-2025-X6V3OD5XORCYRMHS4J2FQPD2WA.php\" target=\"_blank\" rel=\"noreferrer nofollow noopener\">solution \u00e0 deux \u00c9tats<\/a> convenue et du droit des Palestiniens \u00e0 l\u2019autod\u00e9termination\u00a0\u00bb, a-t-il estim\u00e9 dans un communiqu\u00e9.<\/p>\n<p class=\"paragraph text_align_left lp-f-body-02\">C\u00f4t\u00e9 europ\u00e9en, la pr\u00e9sidente de la Commission europ\u00e9enne Ursula von\u00a0der\u00a0Leyen appelle Isra\u00ebl \u00e0 \u00ab\u00a0revenir\u00a0\u00bb sur son plan. \u00ab\u00a0Le gouvernement isra\u00e9lien doit revenir sur sa d\u00e9cision de prolonger son op\u00e9ration militaire \u00e0 Gaza\u00a0\u00bb, a-t-elle \u00e9crit sur le r\u00e9seau social X. \u00ab\u00a0Un cessez-le-feu est n\u00e9cessaire imm\u00e9diatement\u00a0\u00bb, a-t-elle ajout\u00e9.<\/p>\n<blockquote class=\"twitter-tweet\">\n<p lang=\"en\" dir=\"ltr\">The Israeli government\u2019s decision to further extend its military operation in Gaza must be reconsidered.<\/p>\n<p>At the same time, there must be the release of all hostages, who are being held in inhumane conditions.<\/p>\n<p>And humanitarian aid must be given immediate and unhindered access to\u2026<\/p>\n<p>\u2014 Ursula von der Leyen (@vonderleyen) <a href=\"https:\/\/twitter.com\/vonderleyen\/status\/1953785481931423827?ref_src=twsrc%5Etfw\" rel=\"nofollow noopener\" target=\"_blank\">August 8, 2025<\/a><\/p><\/blockquote>\n<p>\u00ab\u00a0Davantage de massacres\u00a0\u00bb<\/p>\n<p class=\"paragraph text_align_left lp-f-body-02\">Pour le Premier ministre britannique, c\u2019est aussi une \u00ab\u00a0erreur\u00a0\u00bb. Keir Starmer a vivement critiqu\u00e9 le plan d\u2019Isra\u00ebl pour \u00ab\u00a0vaincre\u00a0\u00bb le Hamas \u00e0 Gaza et a exhort\u00e9 le gouvernement de Benyamin Netanyahou \u00e0 le \u00ab\u00a0reconsid\u00e9rer imm\u00e9diatement\u00a0\u00bb. Dans un communiqu\u00e9 publi\u00e9 ce vendredi matin, il a estim\u00e9 que \u00ab\u00a0cette action ne contribuera en rien \u00e0 mettre fin au conflit ni \u00e0 obtenir la lib\u00e9ration des otages. Elle ne fera qu\u2019engendrer davantage de massacres\u00a0\u00bb.<\/p>\n<p class=\"paragraph text_align_left lp-f-body-02\">De son c\u00f4t\u00e9, la Belgique a annonc\u00e9 convoquer l\u2019ambassadrice d\u2019Isra\u00ebl. \u00ab\u00a0L\u2019objectif est clairement de t\u00e9moigner de notre totale d\u00e9sapprobation quant \u00e0 cette d\u00e9cision\u00a0\u00bb, a affirm\u00e9 le ministre belge des Affaires \u00e9trang\u00e8res, Maxime Pr\u00e9vot.<\/p>\n<blockquote class=\"twitter-tweet\">\n<p lang=\"fr\" dir=\"ltr\">\ud83c\uddee\ud83c\uddf1\ud83c\uddf5\ud83c\uddf8 (FR\/NL) Suite \u00e0 la confirmation officielle par le Gouvernement isra\u00e9lien de sa volont\u00e9 d\u2019encercler puis d\u2019occuper la ville de Gaza et de prendre le contr\u00f4le militaire de toute la bande de Gaza, j\u2019ai d\u00e9cid\u00e9 de faire convoquer l\u2019Ambassadrice d\u2019Isra\u00ebl. <\/p>\n<p>L\u2019objectif est\u2026<\/p>\n<p>\u2014 Maxime PREVOT (@prevotmaxime) <a href=\"https:\/\/twitter.com\/prevotmaxime\/status\/1953789770506592328?ref_src=twsrc%5Etfw\" rel=\"nofollow noopener\" target=\"_blank\">August 8, 2025<\/a><\/p><\/blockquote>\n<p class=\"paragraph text_align_left lp-f-body-02\">Le ministre turc des Affaires \u00e9trang\u00e8res a lui aussi r\u00e9agi dans la foul\u00e9e, exhortant \u00ab\u00a0la communaut\u00e9 internationale \u00e0 assumer ses responsabilit\u00e9s en vue d\u2019emp\u00eacher la mise en \u0153uvre de cette d\u00e9cision, qui vise \u00e0 d\u00e9placer de force les Palestiniens de leur propre terre en rendant Gaza inhabitable\u00a0\u00bb.<\/p>\n<p class=\"paragraph text_align_left lp-f-body-02\">La Chine a \u00e9galement exprim\u00e9 sa \u00ab\u00a0grave inqui\u00e9tude\u00a0\u00bb face au plan isra\u00e9lien de prise de contr\u00f4le militaire de la ville de Gaza, exhortant Isra\u00ebl \u00e0 \u00ab\u00a0cesser imm\u00e9diatement ses actions dangereuses\u00a0\u00bb. \u00ab\u00a0Gaza appartient au peuple palestinien et fait partie int\u00e9grante du territoire palestinien\u00a0\u00bb, a d\u00e9clar\u00e9 un porte-parole du minist\u00e8re chinois des Affaires \u00e9trang\u00e8res dans une r\u00e9ponse \u00e9crite \u00e0 l\u2019AFP.<\/p>\n<p>Des critiques en interne<\/p>\n<p class=\"paragraph text_align_left lp-f-body-02\">En Isra\u00ebl aussi, la d\u00e9cision fait grincer des dents. Le plan adopt\u00e9 par le cabinet de s\u00e9curit\u00e9 \u00ab\u00a0<a href=\"https:\/\/www.leparisien.fr\/international\/israel\/gaza-le-sort-des-otages-du-hamas-au-coeur-dune-reunion-durgence-de-lonu-ce-mardi-05-08-2025-QKB3YOCBSFHAXDSBT6EECAUEGM.php\" target=\"_blank\" rel=\"noreferrer nofollow noopener\">signifie abandonner les otages<\/a>, tout en ignorant compl\u00e8tement les avertissements r\u00e9p\u00e9t\u00e9s de la direction militaire et la volont\u00e9 claire de la majorit\u00e9 du public isra\u00e9lien\u00a0\u00bb, a d\u00e9plor\u00e9 le Forum des familles, principale organisation des proches d\u2019otages isra\u00e9liens.<\/p>\n<p class=\"paragraph text_align_left lp-f-body-02\">Le chef de l\u2019opposition, Ya\u00efr Lapid, a fustig\u00e9 sur X une \u00ab\u00a0catastrophe qui va entra\u00eener beaucoup d\u2019autres catastrophes\u00a0\u00bb, amener \u00ab\u00a0la mort des otages, celle de nombreux soldats, co\u00fbter des dizaines de milliards aux contribuables isra\u00e9liens et (provoquer) une faillite diplomatique\u00a0\u00bb.<\/p>\n<p><script async src=\"https:\/\/platform.twitter.com\/widgets.js\" charset=\"utf-8\"><\/script><\/p>\n","protected":false},"excerpt":{"rendered":"Peu apr\u00e8s son officialisation, le plan du gouvernement isra\u00e9lien pour \u00ab\u00a0vaincre\u00a0\u00bb le Hamas et \u00ab\u00a0prendre le contr\u00f4le\u00a0\u00bb de&hellip;\n","protected":false},"author":2,"featured_media":308420,"comment_status":"","ping_status":"","sticky":false,"template":"","format":"standard","meta":{"footnotes":""},"categories":[1586],"tags":[11,1777,674,1779,1011,27,14,12,25,1778,364],"class_list":{"0":"post-308419","1":"post","2":"type-post","3":"status-publish","4":"format-standard","5":"has-post-thumbnail","7":"category-europe","8":"tag-actualites","9":"tag-eu","10":"tag-europe","11":"tag-european-union","12":"tag-fr","13":"tag-france","14":"tag-international","15":"tag-news","16":"tag-republique-francaise","17":"tag-ue","18":"tag-union-europeenne"},"share_on_mastodon":{"url":"https:\/\/pubeurope.com\/@fr\/115001721066524964","error":""},"_links":{"self":[{"href":"https:\/\/www.europesays.com\/fr\/wp-json\/wp\/v2\/posts\/308419","targetHints":{"allow":["GET"]}}],"collection":[{"href":"https:\/\/www.europesays.com\/fr\/wp-json\/wp\/v2\/posts"}],"about":[{"href":"https:\/\/www.europesays.com\/fr\/wp-json\/wp\/v2\/types\/post"}],"author":[{"embeddable":true,"href":"https:\/\/www.europesays.com\/fr\/wp-json\/wp\/v2\/users\/2"}],"replies":[{"embeddable":true,"href":"https:\/\/www.europesays.com\/fr\/wp-json\/wp\/v2\/comments?post=308419"}],"version-history":[{"count":0,"href":"https:\/\/www.europesays.com\/fr\/wp-json\/wp\/v2\/posts\/308419\/revisions"}],"wp:featuredmedia":[{"embeddable":true,"href":"https:\/\/www.europesays.com\/fr\/wp-json\/wp\/v2\/media\/308420"}],"wp:attachment":[{"href":"https:\/\/www.europesays.com\/fr\/wp-json\/wp\/v2\/media?parent=308419"}],"wp:term":[{"taxonomy":"category","embeddable":true,"href":"https:\/\/www.europesays.com\/fr\/wp-json\/wp\/v2\/categories?post=308419"},{"taxonomy":"post_tag","embeddable":true,"href":"https:\/\/www.europesays.com\/fr\/wp-json\/wp\/v2\/tags?post=308419"}],"curies":[{"name":"wp","href":"https:\/\/api.w.org\/{rel}","templated":true}]}}