{"id":308427,"date":"2025-08-10T00:54:11","date_gmt":"2025-08-10T00:54:11","guid":{"rendered":"https:\/\/www.europesays.com\/fr\/308427\/"},"modified":"2025-08-10T00:54:11","modified_gmt":"2025-08-10T00:54:11","slug":"un-rumeur-annonce-que-baptiste-serin-aurait-donne-son-accord","status":"publish","type":"post","link":"https:\/\/www.europesays.com\/fr\/308427\/","title":{"rendered":"Un rumeur annonce que Baptiste Serin aurait donn\u00e9 son accord !"},"content":{"rendered":"<p>Comme r\u00e9v\u00e9l\u00e9 par Midi Olympique cette semaine, les dirigeants du Rugby Club Toulonnais souhaiteraient frapper fort sur le march\u00e9 des transferts.<\/p>\n<p>Selon le bi-hebdomadaire, le pr\u00e9sident Toulonnais Bernard Lemaitre aurait effectu\u00e9 une tr\u00e8s belle offre financi\u00e8re au demi-de-m\u00eal\u00e9e Clermontois Baptiste Jauneau.<\/p>\n<p>En fin de contrat avec l\u2019ASM au mois de juin 2026, le jeune international Fran\u00e7ais ne manquerait pas de convoitises.<\/p>\n<p>Courtis\u00e9 par plusieurs grosses \u00e9curies du Top 14, Baptiste Jauneau est \u00e9galement en contact avec ses dirigeants pour prolonger son bail en Auvergne.<\/p>\n<p>Reste que selon Midi Olympique, le RCT aurait effectu\u00e9 une offre financi\u00e8re extr\u00eamement all\u00e9chante au jeune demi-de-m\u00eal\u00e9e, bien au-dessus de celle effectu\u00e9e par Clermont.<\/p>\n<p>Selon les informations de Rugby Scope, cette offensive soudaine du RCT dans ce dossier proviendrait d\u2019un d\u00e9part quasi act\u00e9 de Baptiste Serin, au mois de juin 2026.<\/p>\n<p>Rugby Scope annonce que Baptiste Serin aurait d\u2019ores et d\u00e9j\u00e0 donn\u00e9 son accord au club de Montpellier pour les saisons \u00e0 venir.<\/p>\n<p>Pour l\u2019heure, rien n\u2019est officiel.<\/p>\n<p><strong>Affaire \u00e0 suivre\u2026<\/strong><\/p>\n","protected":false},"excerpt":{"rendered":"Comme r\u00e9v\u00e9l\u00e9 par Midi Olympique cette semaine, les dirigeants du Rugby Club Toulonnais souhaiteraient frapper fort sur le&hellip;\n","protected":false},"author":2,"featured_media":256013,"comment_status":"","ping_status":"","sticky":false,"template":"","format":"standard","meta":{"footnotes":""},"categories":[1416],"tags":[1011,27,479,1468,60],"class_list":{"0":"post-308427","1":"post","2":"type-post","3":"status-publish","4":"format-standard","5":"has-post-thumbnail","7":"category-rugby","8":"tag-fr","9":"tag-france","10":"tag-rugby","11":"tag-rugby-football","12":"tag-sports"},"share_on_mastodon":{"url":"https:\/\/pubeurope.com\/@fr\/115001744762289635","error":""},"_links":{"self":[{"href":"https:\/\/www.europesays.com\/fr\/wp-json\/wp\/v2\/posts\/308427","targetHints":{"allow":["GET"]}}],"collection":[{"href":"https:\/\/www.europesays.com\/fr\/wp-json\/wp\/v2\/posts"}],"about":[{"href":"https:\/\/www.europesays.com\/fr\/wp-json\/wp\/v2\/types\/post"}],"author":[{"embeddable":true,"href":"https:\/\/www.europesays.com\/fr\/wp-json\/wp\/v2\/users\/2"}],"replies":[{"embeddable":true,"href":"https:\/\/www.europesays.com\/fr\/wp-json\/wp\/v2\/comments?post=308427"}],"version-history":[{"count":0,"href":"https:\/\/www.europesays.com\/fr\/wp-json\/wp\/v2\/posts\/308427\/revisions"}],"wp:featuredmedia":[{"embeddable":true,"href":"https:\/\/www.europesays.com\/fr\/wp-json\/wp\/v2\/media\/256013"}],"wp:attachment":[{"href":"https:\/\/www.europesays.com\/fr\/wp-json\/wp\/v2\/media?parent=308427"}],"wp:term":[{"taxonomy":"category","embeddable":true,"href":"https:\/\/www.europesays.com\/fr\/wp-json\/wp\/v2\/categories?post=308427"},{"taxonomy":"post_tag","embeddable":true,"href":"https:\/\/www.europesays.com\/fr\/wp-json\/wp\/v2\/tags?post=308427"}],"curies":[{"name":"wp","href":"https:\/\/api.w.org\/{rel}","templated":true}]}}