{"id":308428,"date":"2025-08-10T00:55:20","date_gmt":"2025-08-10T00:55:20","guid":{"rendered":"https:\/\/www.europesays.com\/fr\/308428\/"},"modified":"2025-08-10T00:55:20","modified_gmt":"2025-08-10T00:55:20","slug":"us-open-paula-badosa-sur-le-carreau","status":"publish","type":"post","link":"https:\/\/www.europesays.com\/fr\/308428\/","title":{"rendered":"US Open : Paula Badosa sur le carreau"},"content":{"rendered":"<p>L&rsquo;Espagnole Paula Badosa, touch\u00e9e au bas du dos, a d\u00e9clar\u00e9 forfait pour l&rsquo;US Open (25 ao\u00fbt &#8211; 7 septembre), ont annonc\u00e9 vendredi les organisateurs du dernier tournoi du Grand Chelem de la saison.<\/p>\n<p>\u00c0 27 ans, <b><a href=\"https:\/\/www.flashscore.fr\/joueur\/badosa-paula\/Wl76rX3I\/\" target=\"_blank\" rel=\"nofollow noopener\">Paula Badosa<\/a><\/b>, 12e joueuse mondiale, demi-finaliste de l&rsquo;Open d&rsquo;Australie en janvier, n&rsquo;a plus jou\u00e9 depuis sa d\u00e9faite au premier tour de Wimbledon. Sa blessure au dos l&rsquo;a emp\u00each\u00e9 de d\u00e9fendre son titre le mois dernier au tournoi de Washington.<\/p>\n<p>Des g\u00eanes persistantes au dos l&rsquo;avaient d\u00e9j\u00e0 handicap\u00e9e en 2023. Elle avait aussi d\u00fb faire l&rsquo;impasse sur l&rsquo;US Open.<\/p>\n<p>Son forfait b\u00e9n\u00e9ficie \u00e0 la Suissesse<b> <a href=\"https:\/\/www.flashscore.fr\/joueur\/teichmann-jil\/nTL4I2Xq\/\" target=\"_blank\" rel=\"nofollow noopener\">Jill Teichmann<\/a><\/b>, directement qualifi\u00e9e pour le tableau principal. La Fran\u00e7aise <b><a href=\"https:\/\/www.flashscore.fr\/joueur\/cornet-alize\/2FcuNEdC\/\" target=\"_blank\" rel=\"nofollow noopener\">Aliz\u00e9 Cornet<\/a><\/b> devient elle la premi\u00e8re joueuse r\u00e9serviste.<\/p>\n<p><b>\u00c0 lire aussi &#8211; <a href=\"https:\/\/www.flashscore.fr\/tennis\/\" target=\"_blank\" rel=\"nofollow noopener\">tous les r\u00e9sultats tennis sur Flashscore<\/a><\/b><\/p>\n","protected":false},"excerpt":{"rendered":"L&rsquo;Espagnole Paula Badosa, touch\u00e9e au bas du dos, a d\u00e9clar\u00e9 forfait pour l&rsquo;US Open (25 ao\u00fbt &#8211; 7&hellip;\n","protected":false},"author":2,"featured_media":308429,"comment_status":"","ping_status":"","sticky":false,"template":"","format":"standard","meta":{"footnotes":""},"categories":[1415],"tags":[1011,27,60,1467],"class_list":{"0":"post-308428","1":"post","2":"type-post","3":"status-publish","4":"format-standard","5":"has-post-thumbnail","7":"category-tennis","8":"tag-fr","9":"tag-france","10":"tag-sports","11":"tag-tennis"},"share_on_mastodon":{"url":"https:\/\/pubeurope.com\/@fr\/115001748527848758","error":""},"_links":{"self":[{"href":"https:\/\/www.europesays.com\/fr\/wp-json\/wp\/v2\/posts\/308428","targetHints":{"allow":["GET"]}}],"collection":[{"href":"https:\/\/www.europesays.com\/fr\/wp-json\/wp\/v2\/posts"}],"about":[{"href":"https:\/\/www.europesays.com\/fr\/wp-json\/wp\/v2\/types\/post"}],"author":[{"embeddable":true,"href":"https:\/\/www.europesays.com\/fr\/wp-json\/wp\/v2\/users\/2"}],"replies":[{"embeddable":true,"href":"https:\/\/www.europesays.com\/fr\/wp-json\/wp\/v2\/comments?post=308428"}],"version-history":[{"count":0,"href":"https:\/\/www.europesays.com\/fr\/wp-json\/wp\/v2\/posts\/308428\/revisions"}],"wp:featuredmedia":[{"embeddable":true,"href":"https:\/\/www.europesays.com\/fr\/wp-json\/wp\/v2\/media\/308429"}],"wp:attachment":[{"href":"https:\/\/www.europesays.com\/fr\/wp-json\/wp\/v2\/media?parent=308428"}],"wp:term":[{"taxonomy":"category","embeddable":true,"href":"https:\/\/www.europesays.com\/fr\/wp-json\/wp\/v2\/categories?post=308428"},{"taxonomy":"post_tag","embeddable":true,"href":"https:\/\/www.europesays.com\/fr\/wp-json\/wp\/v2\/tags?post=308428"}],"curies":[{"name":"wp","href":"https:\/\/api.w.org\/{rel}","templated":true}]}}