{"id":308436,"date":"2025-08-10T01:01:20","date_gmt":"2025-08-10T01:01:20","guid":{"rendered":"https:\/\/www.europesays.com\/fr\/308436\/"},"modified":"2025-08-10T01:01:20","modified_gmt":"2025-08-10T01:01:20","slug":"cecile-bois-devoile-comment-les-tournages-de-candice-renoir-ont-impacte-sa-sante","status":"publish","type":"post","link":"https:\/\/www.europesays.com\/fr\/308436\/","title":{"rendered":"C\u00e9cile Bois d\u00e9voile comment les tournages de Candice Renoir ont impact\u00e9 sa sant\u00e9"},"content":{"rendered":"<p>Depuis 2013, C\u00e9cile Bois incarne Candice Renoir dans la s\u00e9rie de France 2. Pour la com\u00e9dienne, ces tournages ont souvent \u00e9t\u00e9 difficiles, notamment \u00e0 cause de l\u2019\u00e9loignement avec sa famille. Invit\u00e9e de Ma\u00eftena Biraben dans Mesdames Media, L\u2019actrice explique que cela a m\u00eame eu des cons\u00e9quences directes et impressionnantes sur sa sant\u00e9.<\/p>\n<p>Les artistes apprennent \u00e0 concilier leur vie personnelle avec leur carri\u00e8re, \u00e0 faire entrer leurs \u00e9motions et leurs \u00e9tats d\u2019\u00e2me dans la palette d\u2019outils dont ils disposent pour faire passer des messages. Mais ce n\u2019est pas toujours simple \u00e0 faire. C\u00e9cile Bois en sait quelque chose. L\u2019actrice de 53 ans a incarn\u00e9 <a href=\"https:\/\/www.programme-tv.net\/news\/series-tv\/374289-exlcu-candice-renoir-va-devenir-detective-privee-cecile-bois-donne-les-premieres-infos-sur-le-prochain-episode-inedit-de-la-serie-de-france-2\/\" data-api-deeplink=\"teleloisirs:\/\/news\/374289\" target=\"_blank\" rel=\"noopener\">Candice Renoir<\/a> dans la s\u00e9rie du m\u00eame nom pour France 2 pendant plus de dix ans, depuis 2013. Une exp\u00e9rience qui a marqu\u00e9 sa carri\u00e8re, mais aussi sa vie personnelle. Dans une interview accord\u00e9e \u00e0<a href=\"https:\/\/www.youtube.com\/watch?v=hTQLT_ishew\" target=\"_blank\" rel=\"noopener\"> Mesdames M\u00e9dia<\/a>, mise en ligne le vendredi 8 ao\u00fbt, elle explique s\u2019\u00eatre parfois servie de ses propres id\u00e9es pour aborder des sujets importants dans Candice Renoir. \u00ab\u00a0Je glissais des sujets aux sc\u00e9naristes, parmi lesquels il y avait pas mal de femmes, dit-elle. La chirurgie esth\u00e9tique, par exemple. \u00c0 l\u2019approche de la m\u00e9nopause, on m\u2019a demand\u00e9 si je souhaitais en parler ou pas. J\u2019\u00e9tais pas pr\u00eate \u00e0 l\u2019\u00e9poque. Mais tout ce qui est autour du poids, le glisser et en rire. Et j\u2019en ris plus dans Candice que je n\u2019en ris dans la vie.\u00a0\u00bb<\/p>\n<p>                        C\u00e9cile Bois assure que sa m\u00e9nopause a \u00e9t\u00e9 d\u00e9clench\u00e9e par les tournages de Candice Renoir<\/p>\n<p><a href=\"https:\/\/www.programme-tv.net\/biographie\/204-biraben-maitena\/\" data-link-people=\"a352274e-8a3e-4a1d-89eb-7dbe7b1ae831\" target=\"_blank\" rel=\"noopener\">Ma\u00eftena Biraben<\/a> a alors demand\u00e9 \u00e0 C\u00e9cile Bois si elle \u00e9tait d\u00e9j\u00e0 m\u00e9nopaus\u00e9e. \u00ab\u00a0<a href=\"https:\/\/www.programme-tv.net\/news\/series-tv\/360196-cest-candice-renoir-qui-a-entraine-ma-menopause-cecile-bois-se-confie-sur-les-consequences-de-la-serie-de-france-2-video\/\" data-api-deeplink=\"teleloisirs:\/\/news\/360196\" target=\"_blank\" rel=\"noopener\">La m\u00e9nopause j\u2019y suis depuis tr\u00e8s longtemps <\/a>et j\u2019ai appris il y a pas longtemps que c\u2019est Candice qui l\u2019a entra\u00een\u00e9e parce que j\u2019ai \u00e9t\u00e9 coup\u00e9e de mes enfants. Et du coup mon corps a r\u00e9agi. J\u2019ai commenc\u00e9 Candice, ma fille avait 11 mois, ma premi\u00e8re avait 3 ans et mon corps a dit : &lsquo;On arr\u00eate l\u00e0'\u00a0\u00bb, confie l\u2019actrice que l\u2019on verra bient\u00f4t dans la saison 2 des<a href=\"https:\/\/www.programme-tv.net\/news\/series-tv\/353452-les-gouttes-de-dieu-la-serie-aura-t-elle-une-saison-2-la-reponse\/\" data-api-deeplink=\"teleloisirs:\/\/news\/353452\" target=\"_blank\" rel=\"noopener\"> Gouttes de Dieu<\/a>, une s\u00e9rie Apple TV+. Tr\u00e8s \u00e9mue, C\u00e9cile Bois a ponctu\u00e9 cette r\u00e9v\u00e9lation face \u00e0 Ma\u00eftena Biraben en larmes et en disant : \u00ab\u00a0C\u2019est pas que rose d\u2019\u00eatre com\u00e9dienne. C\u2019\u00e9tait quatre heures de voyage pour les rejoindre.\u00a0\u00bb \u00c0 l\u2019\u00e9poque du tournage de la s\u00e9rie Candice Renoir, entre 2013 et 2022, l\u2019actrice ne rentrait chez elle que le week-end pour voir ses filles.<\/p>\n<p>            C\u00e9cile Bois passe le plus de temps possible avec ses filles adolescentes<\/p>\n<p>Les filles de C\u00e9cile Bois, n\u00e9es de son union avec le com\u00e9dien <a href=\"https:\/\/www.programme-tv.net\/biographie\/16390-michael-jean-pierre\/\" data-link-people=\"a2fdd860-1a8a-40a4-b041-026daae57e43\" target=\"_blank\" rel=\"noopener\">Jean-Pierre Micha\u00ebl<\/a>, ont aujourd\u2019hui treize et quinze ans. L\u2019actrice tente de rattraper le temps perdu. \u00ab\u00a0Maintenant, elles grandissent mais je ne les l\u00e2che pas. L\u2019adolescence est une p\u00e9riode o\u00f9 il y a des virages \u00e0 prendre. Je suis donc tr\u00e8s attentive\u00a0\u00bb, a-t-elle confi\u00e9 il y a quelques mois \u00e0 <a href=\"https:\/\/www.gala.fr\/l_actu\/news_de_stars\/cecile-bois-le-gout-du-crime-quelle-maman-est-elle-pour-ses-2-filles-adolescentes-20250319\" target=\"_blank\" rel=\"noopener\">Gala<\/a>. Une pr\u00e9sence rassurante qui prend des formes simples : \u00ab\u00a0Comme elles aiment faire les boutiques, on d\u00e9ambule dans les rues. C\u2019est un pr\u00e9texte pour parler et pour passer du temps avec elles.\u00a0\u00bb<\/p>\n<p>Article \u00e9crit en collaboration avec 6M\u00e9dias<\/p>\n","protected":false},"excerpt":{"rendered":"Depuis 2013, C\u00e9cile Bois incarne Candice Renoir dans la s\u00e9rie de France 2. Pour la com\u00e9dienne, ces tournages&hellip;\n","protected":false},"author":2,"featured_media":308437,"comment_status":"","ping_status":"","sticky":false,"template":"","format":"standard","meta":{"footnotes":""},"categories":[1359],"tags":[44855,244,44854,58,59,1011,27,594,973,1630],"class_list":{"0":"post-308436","1":"post","2":"type-post","3":"status-publish","4":"format-standard","5":"has-post-thumbnail","7":"category-people","8":"tag-candice-renoir","9":"tag-commentaire","10":"tag-cu00e9cile-bois","11":"tag-divertissement","12":"tag-entertainment","13":"tag-fr","14":"tag-france","15":"tag-france-2","16":"tag-people","17":"tag-zapping"},"share_on_mastodon":{"url":"https:\/\/pubeurope.com\/@fr\/115001772208914873","error":""},"_links":{"self":[{"href":"https:\/\/www.europesays.com\/fr\/wp-json\/wp\/v2\/posts\/308436","targetHints":{"allow":["GET"]}}],"collection":[{"href":"https:\/\/www.europesays.com\/fr\/wp-json\/wp\/v2\/posts"}],"about":[{"href":"https:\/\/www.europesays.com\/fr\/wp-json\/wp\/v2\/types\/post"}],"author":[{"embeddable":true,"href":"https:\/\/www.europesays.com\/fr\/wp-json\/wp\/v2\/users\/2"}],"replies":[{"embeddable":true,"href":"https:\/\/www.europesays.com\/fr\/wp-json\/wp\/v2\/comments?post=308436"}],"version-history":[{"count":0,"href":"https:\/\/www.europesays.com\/fr\/wp-json\/wp\/v2\/posts\/308436\/revisions"}],"wp:featuredmedia":[{"embeddable":true,"href":"https:\/\/www.europesays.com\/fr\/wp-json\/wp\/v2\/media\/308437"}],"wp:attachment":[{"href":"https:\/\/www.europesays.com\/fr\/wp-json\/wp\/v2\/media?parent=308436"}],"wp:term":[{"taxonomy":"category","embeddable":true,"href":"https:\/\/www.europesays.com\/fr\/wp-json\/wp\/v2\/categories?post=308436"},{"taxonomy":"post_tag","embeddable":true,"href":"https:\/\/www.europesays.com\/fr\/wp-json\/wp\/v2\/tags?post=308436"}],"curies":[{"name":"wp","href":"https:\/\/api.w.org\/{rel}","templated":true}]}}