{"id":308438,"date":"2025-08-10T01:02:14","date_gmt":"2025-08-10T01:02:14","guid":{"rendered":"https:\/\/www.europesays.com\/fr\/308438\/"},"modified":"2025-08-10T01:02:14","modified_gmt":"2025-08-10T01:02:14","slug":"pourquoi-des-peintres-vont-investir-cette-petite-commune-pres-de-ploermel","status":"publish","type":"post","link":"https:\/\/www.europesays.com\/fr\/308438\/","title":{"rendered":"Pourquoi des peintres vont investir cette petite commune pr\u00e8s de Plo\u00ebrmel\u00a0?"},"content":{"rendered":"<p>            Par<br \/>\n        <strong><br \/>\n            <a href=\"https:\/\/actu.fr\/auteur\/journaliste-pl\" title=\"Consulter tous les articles de R\u00e9daction Plo\u00ebrmel\" rel=\"nofollow noopener\" target=\"_blank\">R\u00e9daction Plo\u00ebrmel<\/a><br \/>\n        <\/strong><\/p>\n<p>        Publi\u00e9 le<\/p>\n<p>            8 ao\u00fbt 2025 \u00e0 16h26        <\/p>\n<p>Les artistes sont attendus dimanche <b>10\u00a0ao\u00fbt 2025<\/b> pour le <b>concours de peinture<\/b>, avec pour th\u00e8me le patrimoine de la commune de Concoret <b>(Morbihan).<\/b> Ce concours est un rendez-vous incontournable pour la commune.<\/p>\n<p>Un concours pour mettre en avant la richesse du patrimoine<\/p>\n<p class=\" wall-content\">\u00ab\u2009Depuis 2015, Couleurs de Bretagne est invit\u00e9 \u00e0 faire \u00e9tape tous les deux ans \u00e0 Concoret pour mettre en valeur les talents particuliers, mais aussi souligner la richesse du patrimoine communal\u2009\u00bb indique Sarah Muller, adjointe au maire de la commune charg\u00e9e notamment de la culture et des animations.<\/p>\n<p class=\" wall-content\">Elle pr\u00e9cise\u2009: \u00ab\u2009Durant la journ\u00e9e, toutes les techniques artistiques sont accept\u00e9es ainsi que tous les supports, pour coucher les impressions, paysages ou b\u00e2timents de la commune. Le choix est libre. M\u00eame si certains sujets reviennent r\u00e9guli\u00e8rement, ils sont repr\u00e9sent\u00e9s avec une approche diff\u00e9rente\u2009\u00bb.<\/p>\n<p>Les peintres vont investir la commune<\/p>\n<p class=\" wall-content\">Dimanche 10\u00a0ao\u00fbt, les artistes amateurs ou confirm\u00e9s seront accueillis par la municipalit\u00e9 \u00e0 partir de 8\u2009h. \u00ab\u2009Les \u0153uvres seront remises entre 15\u2009h et 16\u2009h et seront \u00e9valu\u00e9es par un jury local. La remise des prix, dans les neuf cat\u00e9gories choisies, aura lieu \u00e0 18\u00a0heures.\u2009\u00bb<\/p>\n<p class=\" wall-content\">Cette ann\u00e9e, pour sa 32e \u00e9dition, 56\u00a0communes seront mises en images, peintures ou dessins entre le 26\u00a0avril et le 26\u00a0octobre. Pour le 50e anniversaire des petites cit\u00e9s de caract\u00e8re, un prix sp\u00e9cial r\u00e9compensera deux \u0153uvres dans les communes partenaires. Pour les artistes prim\u00e9s, la finale aura lieu au mus\u00e9e du Faou\u00ebt du 19 au 26\u00a0octobre 2025, avec remise des prix le samedi\u00a025 2025.<\/p>\n<p class=\" wall-content\">Suivez toute l\u2019actualit\u00e9 de vos villes et m\u00e9dias favoris en vous inscrivant \u00e0 <a href=\"https:\/\/moncompte.actu.fr\" title=\"D\u00e9couvez Mon Actu\" rel=\"nofollow noopener\" data-trk=\"{&quot;cta&quot;:{&quot;action&quot;:&quot;https:\\\/\\\/moncompte.actu.fr&quot;,&quot;category&quot;:&quot;mon compte&quot;,&quot;from&quot;:&quot;article footer&quot;,&quot;name&quot;:&quot;Mon actu&quot;,&quot;type&quot;:&quot;cta&quot;}}\" target=\"_blank\">Mon Actu<\/a>.<\/p>\n","protected":false},"excerpt":{"rendered":"Par R\u00e9daction Plo\u00ebrmel Publi\u00e9 le 8 ao\u00fbt 2025 \u00e0 16h26 Les artistes sont attendus dimanche 10\u00a0ao\u00fbt 2025 pour&hellip;\n","protected":false},"author":2,"featured_media":308439,"comment_status":"","ping_status":"","sticky":false,"template":"","format":"standard","meta":{"footnotes":""},"categories":[1358],"tags":[1348,1384,1385,1386,58,59,1011,27,1652],"class_list":{"0":"post-308438","1":"post","2":"type-post","3":"status-publish","4":"format-standard","5":"has-post-thumbnail","7":"category-arts-et-design","8":"tag-arts","9":"tag-arts-and-design","10":"tag-arts-et-design","11":"tag-design","12":"tag-divertissement","13":"tag-entertainment","14":"tag-fr","15":"tag-france","16":"tag-loisirs-culture"},"share_on_mastodon":{"url":"https:\/\/pubeurope.com\/@fr\/115001776160186776","error":""},"_links":{"self":[{"href":"https:\/\/www.europesays.com\/fr\/wp-json\/wp\/v2\/posts\/308438","targetHints":{"allow":["GET"]}}],"collection":[{"href":"https:\/\/www.europesays.com\/fr\/wp-json\/wp\/v2\/posts"}],"about":[{"href":"https:\/\/www.europesays.com\/fr\/wp-json\/wp\/v2\/types\/post"}],"author":[{"embeddable":true,"href":"https:\/\/www.europesays.com\/fr\/wp-json\/wp\/v2\/users\/2"}],"replies":[{"embeddable":true,"href":"https:\/\/www.europesays.com\/fr\/wp-json\/wp\/v2\/comments?post=308438"}],"version-history":[{"count":0,"href":"https:\/\/www.europesays.com\/fr\/wp-json\/wp\/v2\/posts\/308438\/revisions"}],"wp:featuredmedia":[{"embeddable":true,"href":"https:\/\/www.europesays.com\/fr\/wp-json\/wp\/v2\/media\/308439"}],"wp:attachment":[{"href":"https:\/\/www.europesays.com\/fr\/wp-json\/wp\/v2\/media?parent=308438"}],"wp:term":[{"taxonomy":"category","embeddable":true,"href":"https:\/\/www.europesays.com\/fr\/wp-json\/wp\/v2\/categories?post=308438"},{"taxonomy":"post_tag","embeddable":true,"href":"https:\/\/www.europesays.com\/fr\/wp-json\/wp\/v2\/tags?post=308438"}],"curies":[{"name":"wp","href":"https:\/\/api.w.org\/{rel}","templated":true}]}}