{"id":308444,"date":"2025-08-10T01:05:12","date_gmt":"2025-08-10T01:05:12","guid":{"rendered":"https:\/\/www.europesays.com\/fr\/308444\/"},"modified":"2025-08-10T01:05:12","modified_gmt":"2025-08-10T01:05:12","slug":"laurent-voulzy-en-couple-il-devoile-ses-projets-avec-sa-compagne-beaucoup-plus-jeune-isaure-le-faou","status":"publish","type":"post","link":"https:\/\/www.europesays.com\/fr\/308444\/","title":{"rendered":"Laurent Voulzy en couple, il d\u00e9voile ses projets avec sa compagne beaucoup plus jeune, Isaure le Faou"},"content":{"rendered":"<p>Ce samedi 9 ao\u00fbt 2025, Laurent Voulzy s&rsquo;est produit sur la sc\u00e8ne du Festival de Ramatuelle, accompagn\u00e9 au micro par sa compagne Isaure Le Faou, une chanteuse de 36 ans sa cadette. Celle qui se pr\u00e9sente comme compositrice et \u00e9crivaine passe actuellement ses vacances \u00e0 Beaulieu sur la c\u00f4te d&rsquo;Azur avec l&rsquo;interpr\u00e8te de Le soleil donne, qui accord\u00e9 une interview \u00e0 Nice-Matin.<\/p>\n<p>Un couple uni et peu commun. Mi-juillet 2025, <a href=\"https:\/\/www.programme-tv.net\/news\/people\/383625-mon-grand-amour-audrey-crespo-mara-sort-du-silence-au-lendemain-des-obseques-de-thierry-ardisson\/\" data-api-deeplink=\"teleloisirs:\/\/news\/383625\" target=\"_blank\" rel=\"noopener\">lors des obs\u00e8ques de Thierry Ardisson \u00e0 Paris<\/a>, Laurent Voulzy s&rsquo;est pr\u00e9sent\u00e9 \u00e0 la c\u00e9r\u00e9monie en l&rsquo;\u00e9glise Saint-Roch avec sa compagne, la chanteuse Isaure Le Faou, de 36 ans sa cadette. Le chanteur de 76 ans, p\u00e8re de quatre fils n\u00e9s de ses deux pr\u00e9c\u00e9dents mariages, partage sa vie depuis quelque temps avec la belle blonde, bien qu&rsquo;ils restent tous deux discrets sur leur idylle. Le couple passe actuellement des vacances \u00e0 Beaulieu dans les Alpes-Maritimes. L&rsquo;occasion pour les deux artistes, attendus le soir-m\u00eame sur la sc\u00e8ne du Festival de Ramatuelle pour un concert, d&rsquo;en dire plus sur leurs projets communs. Notamment l&rsquo;\u00e9criture du prochain album de la quadrag\u00e9naire, qui se d\u00e9crit sur Instagram comme \u00ab\u00a0auteur, interpr\u00e8te, chroniqueuse, mod\u00e8le, \u00e9crivain\u00a0\u00bb.<\/p>\n<p>                        Comment Isaure le Faou a r\u00e9ussi \u00e0 faire changer d&rsquo;avis Laurent Voulzy<\/p>\n<p>Autre projet : la conception d&rsquo;une autobiographie de Laurent Voulzy. Si <a href=\"https:\/\/www.programme-tv.net\/news\/musique\/342395-laurent-voulzy-cette-activite-particuliere-a-laquelle-il-sadonne-tous-les-matins\/\" data-api-deeplink=\"teleloisirs:\/\/news\/342395\" target=\"_blank\" rel=\"noopener\">l&rsquo;interpr\u00e8te de Le soleil donne<\/a> avait refus\u00e9 par le pass\u00e9 de faire \u00e9diter un manuscrit r\u00e9alis\u00e9 avec un ami, sa compagne Isaure Le Faou \u00ab\u00a0a su trouver les mots pour le convaincre de r\u00e9aliser ce travail, cette introspection\u00a0\u00bb, rapporte Nice-Matin, ce samedi 9 ao\u00fbt 2025. Les deux chanteurs sont \u00e9galement r\u00e9unis par leur amour de la sc\u00e8ne : ils ont tous les deux partag\u00e9 un moment en duo devant le public du Festival de Ramatuelle, en interpr\u00e9tant une chanson de Laurent Voulzy. \u00ab\u00a0Elle va interpr\u00e9ter un titre dont elle a \u00e9crit les paroles et Michel Ansellem \u2013 qui m&rsquo;accompagne sur sc\u00e8ne d&rsquo;ailleurs \u2013 la musique\u00a0\u00bb, a-t-il \u00e9galement annonc\u00e9 \u00e0 nos confr\u00e8res amont du concert. Les fans du chanteur pourront le retrouver avec sa moiti\u00e9 dans une tourn\u00e9e de festivals cet \u00e9t\u00e9 et de concerts d\u00e8s la rentr\u00e9e.<\/p>\n<p>            Laurent Voulzy et sa compagne Isaure Le Faou en concert en duo<\/p>\n<p>Des occasions pour le couple de s&rsquo;afficher ensemble en public, alors que peu d&rsquo;information ont filtr\u00e9 sur leur histoire d&rsquo;amour. Sur Instagram, Isaure Le Faou avait partag\u00e9 il y a deux semaines une vid\u00e9o d&rsquo;une prestation en duo avec Laurent Voulzy \u00e0 la guitare, lors d&rsquo;un concert pour interpr\u00e9ter \u00ab\u00a0deux chansons qui parlent des r\u00eaves\u00a0\u00bb. \u00ab\u00a0Bien s\u00fbr il y a eu le trac, la peur d\u2019\u00eatre submerg\u00e9e par l\u2019\u00e9motion, mais le d\u00e9sir et l\u2019envie ont \u00e9t\u00e9 plus fort que la peur\u00a0\u00bb, pouvait-on lire en l\u00e9gende.<\/p>\n","protected":false},"excerpt":{"rendered":"Ce samedi 9 ao\u00fbt 2025, Laurent Voulzy s&rsquo;est produit sur la sc\u00e8ne du Festival de Ramatuelle, accompagn\u00e9 au&hellip;\n","protected":false},"author":2,"featured_media":308445,"comment_status":"","ping_status":"","sticky":false,"template":"","format":"standard","meta":{"footnotes":""},"categories":[1355],"tags":[244,33730,44856,58,59,1011,27,30386,1361,873,973,1630],"class_list":{"0":"post-308444","1":"post","2":"type-post","3":"status-publish","4":"format-standard","5":"has-post-thumbnail","7":"category-musique","8":"tag-commentaire","9":"tag-couple-cu00e9lu00e8bre","10":"tag-diffu00e9rence-du00e2ge","11":"tag-divertissement","12":"tag-entertainment","13":"tag-fr","14":"tag-france","15":"tag-laurent-voulzy","16":"tag-music","17":"tag-musique","18":"tag-people","19":"tag-zapping"},"share_on_mastodon":{"url":"https:\/\/pubeurope.com\/@fr\/115001787893884961","error":""},"_links":{"self":[{"href":"https:\/\/www.europesays.com\/fr\/wp-json\/wp\/v2\/posts\/308444","targetHints":{"allow":["GET"]}}],"collection":[{"href":"https:\/\/www.europesays.com\/fr\/wp-json\/wp\/v2\/posts"}],"about":[{"href":"https:\/\/www.europesays.com\/fr\/wp-json\/wp\/v2\/types\/post"}],"author":[{"embeddable":true,"href":"https:\/\/www.europesays.com\/fr\/wp-json\/wp\/v2\/users\/2"}],"replies":[{"embeddable":true,"href":"https:\/\/www.europesays.com\/fr\/wp-json\/wp\/v2\/comments?post=308444"}],"version-history":[{"count":0,"href":"https:\/\/www.europesays.com\/fr\/wp-json\/wp\/v2\/posts\/308444\/revisions"}],"wp:featuredmedia":[{"embeddable":true,"href":"https:\/\/www.europesays.com\/fr\/wp-json\/wp\/v2\/media\/308445"}],"wp:attachment":[{"href":"https:\/\/www.europesays.com\/fr\/wp-json\/wp\/v2\/media?parent=308444"}],"wp:term":[{"taxonomy":"category","embeddable":true,"href":"https:\/\/www.europesays.com\/fr\/wp-json\/wp\/v2\/categories?post=308444"},{"taxonomy":"post_tag","embeddable":true,"href":"https:\/\/www.europesays.com\/fr\/wp-json\/wp\/v2\/tags?post=308444"}],"curies":[{"name":"wp","href":"https:\/\/api.w.org\/{rel}","templated":true}]}}