{"id":308455,"date":"2025-08-10T01:13:10","date_gmt":"2025-08-10T01:13:10","guid":{"rendered":"https:\/\/www.europesays.com\/fr\/308455\/"},"modified":"2025-08-10T01:13:10","modified_gmt":"2025-08-10T01:13:10","slug":"le-parlement-venezuelien-soutient-le-president-parlant-dagression","status":"publish","type":"post","link":"https:\/\/www.europesays.com\/fr\/308455\/","title":{"rendered":"le parlement v\u00e9n\u00e9zu\u00e9lien soutient le pr\u00e9sident, parlant \u00abd&rsquo;agression\u00bb"},"content":{"rendered":"<p>Les \u00c9tats-Unis ont annonc\u00e9 avoir doubl\u00e9 \u00e0 50 millions de dollars la prime pour l\u2019arrestation de Nicol\u00e1s Maduro, inculp\u00e9 par la justice am\u00e9ricaine pour trafic de drogues et dont la r\u00e9\u00e9lection n\u2019a pas \u00e9t\u00e9 reconnue par Washington.<\/p>\n<p class=\"fig-paragraph\">L&rsquo;Assembl\u00e9e nationale v\u00e9n\u00e9zu\u00e9lienne a apport\u00e9 ce samedi 9 ao\u00fbt dans un acte solennel son soutien au pr\u00e9sident\u00a0<a href=\"http:\/\/www.lefigaro.fr\/international\/au-venezuela-le-sombre-defile-de-l-opposition-contre-l-investiture-de-nicolas-maduro-20250109\" data-fig-type=\"Article\" data-gtm-custom-categorie=\"navigation\" data-gtm-custom-action=\"crossclick\" data-gtm-custom-label=\"Contextuel\" data-gtm-event=\"customEventSPE\" data-fig-domain=\"LEFIGARO\" target=\"_blank\" rel=\"noopener\">Nicol\u00e1s Maduro<\/a>, estimant que l&rsquo;augmentation de la r\u00e9compense am\u00e9ricaine pour sa capture \u00e9tait une \u00abagression\u00bb.<\/p>\n<p class=\"fig-paragraph\">Le parquet des \u00c9tats-Unis a annonc\u00e9 jeudi avoir\u00a0<a href=\"http:\/\/www.lefigaro.fr\/flash-actu\/venezuela-washington-promet-une-prime-de-50-millions-de-dollars-pour-l-arrestation-du-president-nicolas-maduro-20250808\" data-fig-type=\"NewsFlash\" data-gtm-custom-categorie=\"navigation\" data-gtm-custom-action=\"crossclick\" data-gtm-custom-label=\"Contextuel\" data-gtm-event=\"customEventSPE\" data-fig-domain=\"LEFIGARO\" target=\"_blank\" rel=\"noopener\">doubl\u00e9 \u00e0 50 millions de dollars la prime pour l&rsquo;arrestation du pr\u00e9sident Maduro<\/a>, inculp\u00e9 par la justice am\u00e9ricaine pour trafic de drogues et dont la r\u00e9\u00e9lection n&rsquo;a pas \u00e9t\u00e9 reconnue par Washington. \u00abNous rejetons les actions absurdes et d\u00e9sesp\u00e9r\u00e9es annonc\u00e9es par le parquet des \u00c9tats-Unis, manifestement ill\u00e9gales et sans aucun fondement r\u00e9el, en dehors de la tentative d&rsquo;agression d\u00e9lirante contre le pr\u00e9sident [&#8230;] Maduro, et contre notre peuple rebelle et courageux\u00bb, a affirm\u00e9 le pr\u00e9sident de l&rsquo;Assembl\u00e9e Jorge Rodriguez, lisant une lettre approuv\u00e9e \u00e0 l&rsquo;unanimit\u00e9 par les d\u00e9put\u00e9s, selon lui.<\/p>\n<p>                                    <a class=\"fig-a11y-skip a11y-hidden\" href=\"#fig-a11y-skip-main-inarticle\"><br \/>\n        Passer la publicit\u00e9<br \/>\n    <\/a><\/p>\n<p>\u00abLe protecteur de la solide d\u00e9mocratie qui nous prot\u00e8ge\u00bb<\/p>\n<p class=\"fig-paragraph\">\u00abLe pr\u00e9sident Nicol\u00e1s Maduro [&#8230;] est le protecteur de la solide d\u00e9mocratie qui nous prot\u00e8ge et le leader qui dirige avec une main ferme l&rsquo;\u00c9tat de droit et la justice\u00bb, a poursuivi Jorge Rodriguez, qui est aussi le n\u00e9gociateur en chef du Venezuela lors des discussions avec Washington. \u00abEn 25 ans de r\u00e9volution, nous avons r\u00e9sist\u00e9 et avanc\u00e9 malgr\u00e9 les agressions imp\u00e9rialistes constantes. Ils n&rsquo;ont pas r\u00e9ussi, et ne r\u00e9ussiront pas avec des sanctions grossi\u00e8res, des blocus criminels et encore moins avec des menaces insens\u00e9es, \u00e0 d\u00e9tourner le noble chemin que le peuple v\u00e9n\u00e9zu\u00e9lien s&rsquo;est donn\u00e9 lors des \u00e9lections libres du 28 juillet 2024, o\u00f9 Nicol\u00e1s Maduro a \u00e9t\u00e9 \u00e9lu pr\u00e9sident de la R\u00e9publique\u00bb, selon le texte.<\/p>\n<p class=\"fig-paragraph\">L&rsquo;opposition v\u00e9n\u00e9zu\u00e9lienne, qui crie \u00e0 la fraude, revendique la victoire \u00e0 la pr\u00e9sidentielle et a pour cette raison boycott\u00e9 les l\u00e9gislatives, r\u00e9gionales et municipales de 2025. Les troubles post-\u00e9lectoraux se sont sold\u00e9s par 28 morts et 2400 arrestations. Quelque 2000 personnes ont \u00e9t\u00e9 lib\u00e9r\u00e9es depuis, selon les chiffres officiels. La\u00a0<a href=\"http:\/\/www.lefigaro.fr\/international\/elections-au-venezuela-maduro-sur-le-point-de-consolider-son-pouvoir-20250526\" data-fig-type=\"NewsFlash\" data-gtm-custom-categorie=\"navigation\" data-gtm-custom-action=\"crossclick\" data-gtm-custom-label=\"Contextuel\" data-gtm-event=\"customEventSPE\" data-fig-domain=\"LEFIGARO\" target=\"_blank\" rel=\"noopener\">victoire de Nicol\u00e1s Maduro<\/a>\u00a0n&rsquo;a pas \u00e9t\u00e9 reconnue par une grande partie de la communaut\u00e9 internationale.<\/p>\n<p class=\"fig-paragraph\">Washington veut \u00e9vincer Nicol\u00e1s Maduro du pouvoir et asphyxier \u00e9conomiquement le Venezuela. Mais, apr\u00e8s avoir durci l&#8217;embargo p\u00e9trolier, il a aussi\u00a0<a href=\"http:\/\/www.lefigaro.fr\/flash-eco\/maduro-annonce-que-chevron-a-recu-le-feu-vert-de-washington-pour-redemarrer-ses-operations-au-venezuela-20250725\" data-fig-type=\"NewsFlash\" data-gtm-custom-categorie=\"navigation\" data-gtm-custom-action=\"crossclick\" data-gtm-custom-label=\"Contextuel\" data-gtm-event=\"customEventSPE\" data-fig-domain=\"LEFIGARO\" target=\"_blank\" rel=\"noopener\">autoris\u00e9 le g\u00e9ant p\u00e9trolier Chevron \u00e0 op\u00e9rer de mani\u00e8re limit\u00e9e<\/a>\u00a0et n\u00e9goci\u00e9 la lib\u00e9ration d&rsquo;Am\u00e9ricains d\u00e9tenus dans le pays. Le gouvernement de Nicol\u00e1s Maduro d\u00e9nonce quant \u00e0 lui de longue date une ing\u00e9rence des \u00c9tats-Unis dans les affaires v\u00e9n\u00e9zu\u00e9liennes.<\/p>\n","protected":false},"excerpt":{"rendered":"Les \u00c9tats-Unis ont annonc\u00e9 avoir doubl\u00e9 \u00e0 50 millions de dollars la prime pour l\u2019arrestation de Nicol\u00e1s Maduro,&hellip;\n","protected":false},"author":2,"featured_media":308456,"comment_status":"","ping_status":"","sticky":false,"template":"","format":"standard","meta":{"footnotes":""},"categories":[5],"tags":[11,73,1011,27,14,12,338,337,28],"class_list":{"0":"post-308455","1":"post","2":"type-post","3":"status-publish","4":"format-standard","5":"has-post-thumbnail","7":"category-international","8":"tag-actualites","9":"tag-etats-unis","10":"tag-fr","11":"tag-france","12":"tag-international","13":"tag-news","14":"tag-nicolas-maduro","15":"tag-venezuela","16":"tag-world"},"share_on_mastodon":{"url":"https:\/\/pubeurope.com\/@fr\/115001819347129945","error":""},"_links":{"self":[{"href":"https:\/\/www.europesays.com\/fr\/wp-json\/wp\/v2\/posts\/308455","targetHints":{"allow":["GET"]}}],"collection":[{"href":"https:\/\/www.europesays.com\/fr\/wp-json\/wp\/v2\/posts"}],"about":[{"href":"https:\/\/www.europesays.com\/fr\/wp-json\/wp\/v2\/types\/post"}],"author":[{"embeddable":true,"href":"https:\/\/www.europesays.com\/fr\/wp-json\/wp\/v2\/users\/2"}],"replies":[{"embeddable":true,"href":"https:\/\/www.europesays.com\/fr\/wp-json\/wp\/v2\/comments?post=308455"}],"version-history":[{"count":0,"href":"https:\/\/www.europesays.com\/fr\/wp-json\/wp\/v2\/posts\/308455\/revisions"}],"wp:featuredmedia":[{"embeddable":true,"href":"https:\/\/www.europesays.com\/fr\/wp-json\/wp\/v2\/media\/308456"}],"wp:attachment":[{"href":"https:\/\/www.europesays.com\/fr\/wp-json\/wp\/v2\/media?parent=308455"}],"wp:term":[{"taxonomy":"category","embeddable":true,"href":"https:\/\/www.europesays.com\/fr\/wp-json\/wp\/v2\/categories?post=308455"},{"taxonomy":"post_tag","embeddable":true,"href":"https:\/\/www.europesays.com\/fr\/wp-json\/wp\/v2\/tags?post=308455"}],"curies":[{"name":"wp","href":"https:\/\/api.w.org\/{rel}","templated":true}]}}